{"id":108086,"date":"2025-11-19T06:01:09","date_gmt":"2025-11-19T06:01:09","guid":{"rendered":"https:\/\/www.europesays.com\/pl\/108086\/"},"modified":"2025-11-19T06:01:09","modified_gmt":"2025-11-19T06:01:09","slug":"absurd-nie-wygrali-zadnego-meczu-zagraja-w-barazach-o-ms","status":"publish","type":"post","link":"https:\/\/www.europesays.com\/pl\/108086\/","title":{"rendered":"Absurd. Nie wygrali \u017cadnego meczu, zagraj\u0105 w bara\u017cach o M\u015a"},"content":{"rendered":"\n<p class=\"contentpart contentpart--default contentpart--text\" data-position=\"0\">Przed startem eliminacji <a href=\"https:\/\/sportowefakty.wp.pl\/pilka-nozna\/szwecja\" rel=\"nofollow noopener\" target=\"_blank\">reprezentacja Szwecji<\/a>\u00a0obok Szwajcarii by\u0142a wymieniania jako faworyt w grupie B.<\/p>\n<p class=\"contentpart contentpart--default contentpart--text\" data-position=\"1\">Tymczasem podopieczni <a href=\"https:\/\/sportowefakty.wp.pl\/pilka-nozna\/graham-potter\" rel=\"nofollow noopener\" target=\"_blank\">Grahama Pottera<\/a>\u00a0w sze\u015bciu meczach zdobyli zaledwie 2 punkty i zako\u0144czyli eliminacje na ostatnim 4. miejscu w grupie.<\/p>\n<p> <img role=\"presentation\" src=\"https:\/\/std.wpcdn.pl\/images\/adv\/placeholder_wp.svg\" loading=\"lazy\" alt=\"\" decoding=\"async\"\/>  <\/p>\n<p class=\"contentpart contentpart--default contentpart--text\" data-position=\"2\">ZOBACZ WIDEO: #dziejesiewsporcie: Co za sceny! Deszcz da\u0142 si\u0119 we znaki&#8230; s\u0119dziemu<\/p>\n<p class=\"contentpart contentpart--default contentpart--text\" data-position=\"4\">Szwedzi tylko dwukrotnie zremisowali ze S\u0142oweni\u0105 (2:2 i 1:1). Sensacyjnie dwukrotnie przegrali z Kosowem (0:2 i 0:1) oraz nie mieli wi\u0119kszych szans ze Szwajcari\u0105 (0:2 i 1:4).<\/p>\n<p class=\"contentpart contentpart--default contentpart--text\" data-position=\"5\">Mimo kompromitacji w fazie grupowej, reprezentacja Szwecji dalej ma szans\u0119 wyjazdu na mundial. Skandynawowie znale\u017ali si\u0119 w bara\u017cach za spraw\u0105 udanego wyst\u0119pu w ostatniej edycji Ligi Narod\u00f3w (wygrana w dywizji C).<\/p>\n<p class=\"contentpart contentpart--default contentpart--text\" data-position=\"6\">Szwedzi trafili jednak do czwartego koszyka i ju\u017c w p\u00f3\u0142finale bara\u017cy ich rywalem &#8211; i to na wyje\u017adzie &#8211; b\u0119dzie kto\u015b z grona: W\u0142ochy, Turcja, Dania albo Ukraina. W ewentualnym finale bara\u017cy Szwedzi mog\u0105 zosta\u0107 rywalem Polak\u00f3w.<\/p>\n","protected":false},"excerpt":{"rendered":"Przed startem eliminacji reprezentacja Szwecji\u00a0obok Szwajcarii by\u0142a wymieniania jako faworyt w grupie B. Tymczasem podopieczni Grahama Pottera\u00a0w sze\u015bciu&hellip;\n","protected":false},"author":2,"featured_media":108087,"comment_status":"","ping_status":"","sticky":false,"template":"","format":"standard","meta":{"footnotes":""},"categories":[24],"tags":[467,269,278,42,38,40,39,41,12265,127,126,547],"class_list":{"0":"post-108086","1":"post","2":"type-post","3":"status-publish","4":"format-standard","5":"has-post-thumbnail","7":"category-sport","8":"tag-eliminacje-ms-2026","9":"tag-pilka-nozna","10":"tag-pilka-w-europie","11":"tag-pl","12":"tag-poland","13":"tag-polish","14":"tag-polska","15":"tag-polski","16":"tag-reprezentacja-szwecji","17":"tag-sport","18":"tag-sports","19":"tag-szwecja"},"share_on_mastodon":{"url":"https:\/\/pubeurope.com\/@pl\/115574845560866501","error":""},"_links":{"self":[{"href":"https:\/\/www.europesays.com\/pl\/wp-json\/wp\/v2\/posts\/108086","targetHints":{"allow":["GET"]}}],"collection":[{"href":"https:\/\/www.europesays.com\/pl\/wp-json\/wp\/v2\/posts"}],"about":[{"href":"https:\/\/www.europesays.com\/pl\/wp-json\/wp\/v2\/types\/post"}],"author":[{"embeddable":true,"href":"https:\/\/www.europesays.com\/pl\/wp-json\/wp\/v2\/users\/2"}],"replies":[{"embeddable":true,"href":"https:\/\/www.europesays.com\/pl\/wp-json\/wp\/v2\/comments?post=108086"}],"version-history":[{"count":0,"href":"https:\/\/www.europesays.com\/pl\/wp-json\/wp\/v2\/posts\/108086\/revisions"}],"wp:featuredmedia":[{"embeddable":true,"href":"https:\/\/www.europesays.com\/pl\/wp-json\/wp\/v2\/media\/108087"}],"wp:attachment":[{"href":"https:\/\/www.europesays.com\/pl\/wp-json\/wp\/v2\/media?parent=108086"}],"wp:term":[{"taxonomy":"category","embeddable":true,"href":"https:\/\/www.europesays.com\/pl\/wp-json\/wp\/v2\/categories?post=108086"},{"taxonomy":"post_tag","embeddable":true,"href":"https:\/\/www.europesays.com\/pl\/wp-json\/wp\/v2\/tags?post=108086"}],"curies":[{"name":"wp","href":"https:\/\/api.w.org\/{rel}","templated":true}]}}