{"id":108088,"date":"2025-11-19T06:02:19","date_gmt":"2025-11-19T06:02:19","guid":{"rendered":"https:\/\/www.europesays.com\/pl\/108088\/"},"modified":"2025-11-19T06:02:19","modified_gmt":"2025-11-19T06:02:19","slug":"anna-maria-sieklucka-zapytana-o-imie-dla-corki-nazwiesz-ja-laura","status":"publish","type":"post","link":"https:\/\/www.europesays.com\/pl\/108088\/","title":{"rendered":"Anna-Maria Sieklucka zapytana o imi\u0119 dla c\u00f3rki. &#8222;Nazwiesz j\u0105 Laura?&#8221;"},"content":{"rendered":"\n<p class=\"ods-c-paragraph \">Za nami kolejny g\u0142o\u015bny odcinek podcastu &#8222;Wojew\u00f3dzkiK\u0119dzierski&#8221;. Prowadz\u0105cy nie stroni\u0105 od kontrowersyjnych go\u015bci, dlatego po Donaldzie Tusku, Popku, Agnieszce Kaczorowskiej i Marcinie Rogacewiczu przyszed\u0142 czas na odtw\u00f3rczyni\u0119 g\u0142\u00f3wnej roli kobiecej w filmie &#8222;365 dni&#8221; wyre\u017cyserowanym na podstawie powie\u015bci Blanki Lipi\u0144skiej. <a href=\"https:\/\/plejada.pl\/anna-maria-sieklucka\" id=\"b66fdaf5-aa43-4102-aff1-686572f4c7a9\" rel=\"nofollow noopener\" target=\"_blank\">Anna-Maria Sieklucka<\/a> porozmawia\u0142a z Kub\u0105 Wojew\u00f3dzkim i Piotrkiem K\u0119dzierskim o tym, dlaczego nie zrobi\u0142a kariery w Hollywood, jakie uczucia towarzyszy\u0142y jej po nominacji do Z\u0142otych Malin i z jakiego powodu nie lubi bajek Disneya.<\/p>\n<p>Dalszy ci\u0105g artyku\u0142u pod materia\u0142em wideo<\/p>\n<p> Co powiedzia\u0142a Anna-Maria Sieklucka na pytanie o imi\u0119 c\u00f3rki? <\/p>\n<p> Jakie uczucia towarzyszy\u0142y Annie-Marii Siekluckiej po nominacji do Z\u0142otych Malin? <\/p>\n<p> Dlaczego Anna-Maria Sieklucka nie chcia\u0142aby nazwa\u0107 c\u00f3rki Laura? <\/p>\n<p> Jakie problemy z kariery aktorskiej poruszy\u0142a Anna-Maria Sieklucka? <\/p>\n<p>  Kuba Wojew\u00f3dzki spyta\u0142 j\u0105 o imi\u0119 dla c\u00f3rki. Wymowna reakcja Anny-Marii Siekluckiej<\/p>\n<p class=\"ods-c-paragraph \">Cho\u0107 Anna-Maria Sieklucka rozpocz\u0119\u0142a swoj\u0105 przygod\u0119 z aktorstwem w teatrze, najwi\u0119ksz\u0105 popularno\u015b\u0107 zdoby\u0142a w 2020 r., gdy w kinach pojawi\u0142a si\u0119 pierwsza cz\u0119\u015b\u0107 erotycznej sagi &#8222;365 dni&#8221;, w kt\u00f3rej zagra\u0142a g\u0142\u00f3wn\u0105 damsk\u0105 rol\u0119. Aktorka wcieli\u0142a si\u0119 w posta\u0107 Laury Biel \u2014 m\u0142odej kobiety, kt\u00f3ra wyje\u017cd\u017ca na Sycyli\u0119, aby ratowa\u0107 sw\u00f3j zwi\u0105zek. Tam zostaje porwana przez przystojnego szefa mafijnej rodziny, kt\u00f3ry daje jej 365 dni na zakochanie si\u0119 w nim.<\/p>\n<p>   <img decoding=\"async\" src=\"https:\/\/www.europesays.com\/pl\/wp-content\/uploads\/2025\/11\/QX_k9lBaHR0cHM6Ly9vY2RuLmV1L3B1bHNjbXMvTURBXy83ZjY2M2ZlMjgxYTUyZGQwOTIwNDllMDY1N2E1Y2Y5OC5qcGeRlQLNB.jpeg\" height=\"619\" width=\"940\" alt=\"Kadr z filmu &quot;Kolejne 365 dni&quot;\" loading=\"lazy\" class=\"ods-c-image__img ods-c-image__img--viewport-width\"\/><\/p>\n<p>Kadr z filmu &#8222;Kolejne 365 dni&#8221;Netflix<\/p>\n<p class=\"ods-c-paragraph \">Podczas rozmowy w podca\u015bcie &#8222;<a href=\"https:\/\/plejada.pl\/wojewodzkikedzierski\" id=\"27bc6dc1-d837-4cee-8ae2-51a8c6acd204\" rel=\"nofollow noopener\" target=\"_blank\">Wojew\u00f3dzkiK\u0119dzierski<\/a>&#8222;, Kuba Wojew\u00f3dzki zaskoczy\u0142 go\u015bcini\u0119 pytaniem o to, jakie imi\u0119 da\u0142aby swojemu dziecku. \u2014 Jak b\u0119dziesz mia\u0142a c\u00f3rk\u0119, to nazwiesz j\u0105 Laura? \u2014 spyta\u0142.<\/p>\n<p class=\"ods-c-paragraph \">Na twarzy Anny-Marii Siekluckiej pojawi\u0142 si\u0119 ironiczny u\u015bmiech po\u0142\u0105czony z grymasem. \u2014Jeste\u015b&#8230; Chcia\u0142am powiedzie\u0107, niesmaczny wr\u0119cz \u2014 oceni\u0142a pytanie prowadz\u0105cego.<\/p>\n<blockquote class=\"ods-o-quota\">\n<p class=\"ods-o-quota__paragraph\">Przede wszystkim imi\u0119 Laura nie jest dla mnie pi\u0119kne. Po prostu nie s\u0105dz\u0119, \u017ce nazwa\u0142abym tak c\u00f3rk\u0119, ale to nie ma nic wsp\u00f3lnego z &#8222;365 dni&#8221;. Laura kojarzy mi si\u0119 z perfumami &#8222;Laura Biagiotti&#8221; mojej mamy i tak b\u0119dzie do ko\u0144ca \u017cycia chyba<\/p>\n<\/blockquote>\n<p class=\"ods-c-paragraph \">\u2014 odpowiedzia\u0142a aktorka.<\/p>\n<p><img decoding=\"async\" src=\"https:\/\/www.europesays.com\/pl\/wp-content\/uploads\/2025\/11\/MuEk9lBaHR0cHM6Ly9vY2RuLmV1L3B1bHNjbXMvTURBXy85MGY5ZGQ0ZjhiMGM3M2I2ODY1YzE0ZDhlOGVmNjE5Yi5qcGeRlQLNB.jpeg\" height=\"627\" width=\"940\" alt=\"Anna-Maria Sieklucka\" loading=\"lazy\" class=\"ods-c-image__img ods-c-image__img--viewport-width\"\/><\/p>\n<p>Anna-Maria SiekluckaMaciej Kr\u00fcger \/ Onet<\/p>\n<p> <img decoding=\"async\" src=\"https:\/\/www.europesays.com\/pl\/wp-content\/uploads\/2025\/11\/42Ak9lBaHR0cHM6Ly9vY2RuLmV1L3B1bHNjbXMvTURBXy9lMjdjNWZkZTcxNTBjOGM2YTk4NzgzNThhMGJmMTNkZC5qcGeRlQLNB.jpeg\" height=\"627\" width=\"940\" alt=\"Anna-Maria Sieklucka\" loading=\"lazy\" class=\"ods-c-image__img ods-c-image__img--viewport-width\"\/><\/p>\n<p>Anna-Maria SiekluckaMaciej Kr\u00fcger \/ Onet<\/p>\n<p class=\"ods-c-paragraph \">Anna-Maria Sieklucka ju\u017c od d\u0142u\u017cszego czasu nie ukrywa, \u017ce chcia\u0142aby si\u0119 &#8222;odci\u0105\u0107&#8221; od sagi &#8222;365 dni&#8221;, z kt\u00f3r\u0105 jest kojarzona. Aktorka twierdzi, \u017ce rola w filmie na podstawie powie\u015bci Blanki Lipi\u0144skiej przypi\u0119\u0142a jej \u0142atk\u0119, kt\u00f3rej nie mo\u017ce si\u0119 pozby\u0107 i przez kt\u00f3r\u0105 nie dostaje innych propozycji filmowych, ni\u017c te erotyczne. Podczas rozmowy z Kub\u0105 Wojew\u00f3dzkim i Piotrkiem K\u0119dzierskim Sieklucka wspomnia\u0142a o patriarchalnym traktowaniu i stereotypach, kt\u00f3re stanowi\u0105 du\u017cy problem w\u015br\u00f3d aktorek. \u2014 Je\u015bli ju\u017c zaczynasz filmem erotycznym, to potem naprawd\u0119 droga odbicia si\u0119 od tego, co zosta\u0142o zapami\u0119tane w mainstreamie, jest sinusoidalna \u2014 wyzna\u0142a.<\/p>\n<p class=\"ods-c-paragraph \">Dzi\u0119kujemy, \u017ce przeczyta\u0142a\u015b\/e\u015b nasz artyku\u0142 do ko\u0144ca. W serwisie Plejada.pl ka\u017cdego dnia piszemy o najwa\u017cniejszych wydarzeniach show-biznesowych. B\u0105d\u017a na bie\u017c\u0105co! <a rel=\"nofollow noopener\" href=\"https:\/\/profile.google.com\/cp\/Cg0vZy8xMWJ6X19wdHBx\" id=\"edce9ad6-0572-4a49-9e55-0ab8be54712a\" target=\"_blank\">Obserwuj<\/a> Plejad\u0119 w Google. Odwied\u017a nas tak\u017ce na <a rel=\"nofollow noopener\" href=\"https:\/\/www.facebook.com\/plejadapl\" id=\"bf805026-ef12-4cc7-9611-ec3ab3e58653\" target=\"_blank\">Facebooku<\/a>, <a rel=\"nofollow noopener\" href=\"https:\/\/www.instagram.com\/plejadapl\/\" id=\"37c352a0-ef0b-4b39-900a-5f1ed0035533\" target=\"_blank\">Instagramie<\/a>, <a rel=\"nofollow noopener\" href=\"https:\/\/www.youtube.com\/c\/plejada\" id=\"eb3baeeb-c291-4007-9d64-fda1e4bd17b7\" target=\"_blank\">YouTubie<\/a> oraz <a rel=\"nofollow noopener\" href=\"https:\/\/www.tiktok.com\/@plejada_pl\" id=\"b261519d-482c-4310-b361-b0d361c513ef\" target=\"_blank\">TikToku<\/a>.<\/p>\n<p class=\"ods-c-paragraph \">Chcesz podzieli\u0107 si\u0119 ciekawym newsem lub zaproponowa\u0107 temat? Skontaktuj si\u0119 z nami, pisz\u0105c maila na adres: <a rel=\"nofollow noopener\" href=\"https:\/\/plejada.pl\/newsy\/anna-maria-sieklucka-zapytana-o-imie-dla-corki-nazwiesz-ja-laura\/mailto:plejada@redakcjaonet.pl\" id=\"3acc799a-bcbf-46f5-95c7-428ca10e0d3b\" target=\"_blank\">plejada@redakcjaon<\/a><a href=\"https:\/\/et.pl\" id=\"5b4c7a29-9e37-4792-9e98-b35889e28c4e\" rel=\"nofollow noopener\" target=\"_blank\">et.pl<\/a>.<\/p>\n<p><script async src=\"\/\/www.instagram.com\/embed.js\"><\/script><script async src=\"\/\/www.tiktok.com\/embed.js\"><\/script><\/p>\n","protected":false},"excerpt":{"rendered":"Za nami kolejny g\u0142o\u015bny odcinek podcastu &#8222;Wojew\u00f3dzkiK\u0119dzierski&#8221;. Prowadz\u0105cy nie stroni\u0105 od kontrowersyjnych go\u015bci, dlatego po Donaldzie Tusku, Popku,&hellip;\n","protected":false},"author":2,"featured_media":108089,"comment_status":"","ping_status":"","sticky":false,"template":"","format":"standard","meta":{"footnotes":""},"categories":[22],"tags":[1099,6868,122,623,48,125,46,42,38,40,39,41,20738,123,47,341,338,2658],"class_list":{"0":"post-108088","1":"post","2":"type-post","3":"status-publish","4":"format-standard","5":"has-post-thumbnail","7":"category-rozrywka","8":"tag-365_dni","9":"tag-anna_maria_sieklucka","10":"tag-entertainment","11":"tag-kuba_wojewodzki","12":"tag-nat_styl","13":"tag-newsy","14":"tag-omp","15":"tag-pl","16":"tag-poland","17":"tag-polish","18":"tag-polska","19":"tag-polski","20":"tag-rewquiz_tst0","21":"tag-rozrywka","22":"tag-screening_general","23":"tag-tylko_w_onecie","24":"tag-tylko_w_plejadzie","25":"tag-wojewodzkikedzierski"},"share_on_mastodon":{"url":"https:\/\/pubeurope.com\/@pl\/115574849234917313","error":""},"_links":{"self":[{"href":"https:\/\/www.europesays.com\/pl\/wp-json\/wp\/v2\/posts\/108088","targetHints":{"allow":["GET"]}}],"collection":[{"href":"https:\/\/www.europesays.com\/pl\/wp-json\/wp\/v2\/posts"}],"about":[{"href":"https:\/\/www.europesays.com\/pl\/wp-json\/wp\/v2\/types\/post"}],"author":[{"embeddable":true,"href":"https:\/\/www.europesays.com\/pl\/wp-json\/wp\/v2\/users\/2"}],"replies":[{"embeddable":true,"href":"https:\/\/www.europesays.com\/pl\/wp-json\/wp\/v2\/comments?post=108088"}],"version-history":[{"count":0,"href":"https:\/\/www.europesays.com\/pl\/wp-json\/wp\/v2\/posts\/108088\/revisions"}],"wp:featuredmedia":[{"embeddable":true,"href":"https:\/\/www.europesays.com\/pl\/wp-json\/wp\/v2\/media\/108089"}],"wp:attachment":[{"href":"https:\/\/www.europesays.com\/pl\/wp-json\/wp\/v2\/media?parent=108088"}],"wp:term":[{"taxonomy":"category","embeddable":true,"href":"https:\/\/www.europesays.com\/pl\/wp-json\/wp\/v2\/categories?post=108088"},{"taxonomy":"post_tag","embeddable":true,"href":"https:\/\/www.europesays.com\/pl\/wp-json\/wp\/v2\/tags?post=108088"}],"curies":[{"name":"wp","href":"https:\/\/api.w.org\/{rel}","templated":true}]}}