{"id":108094,"date":"2025-11-19T06:06:10","date_gmt":"2025-11-19T06:06:10","guid":{"rendered":"https:\/\/www.europesays.com\/pl\/108094\/"},"modified":"2025-11-19T06:06:10","modified_gmt":"2025-11-19T06:06:10","slug":"polskie-i-sojusznicze-mysliwce-w-akcji-stan-najwyzszej-gotowosci-2","status":"publish","type":"post","link":"https:\/\/www.europesays.com\/pl\/108094\/","title":{"rendered":"Polskie i sojusznicze my\u015bliwce w akcji. &#8222;Stan najwy\u017cszej gotowo\u015bci&#8221;"},"content":{"rendered":"<p class=\"typography ids-typeset-body ids-typeset-body--preset-large link paragraph ids-paragraph ids-paragraph--default\">&#8222;Zgodnie z obowi\u0105zuj\u0105cymi procedurami Dow\u00f3dca Operacyjny Rodzaj\u00f3w Si\u0142 Zbrojnych uruchomi\u0142 niezb\u0119dne si\u0142y i \u015brodki pozostaj\u0105ce w jego dyspozycji&#8221; &#8211; czytamy w komunikacie.<\/p>\n<p class=\"typography ids-typeset-body ids-typeset-body--preset-large link paragraph ids-paragraph ids-paragraph--default\">Do akcji zaanga\u017cowane zosta\u0142y dy\u017curne pary my\u015bliwskie i samolot wczesnego ostrzegania, &#8222;a naziemne systemy obrony powietrznej oraz rozpoznania radiolokacyjnego osi\u0105gn\u0119\u0142y stan najwy\u017cszej gotowo\u015bci&#8221;.<\/p>\n<p class=\"typography ids-typeset-body ids-typeset-body--preset-large link paragraph ids-paragraph ids-paragraph--default\">Z powodu rosyjskiego ataku na Ukrain\u0119 tymczasowo zamkni\u0119to Lotnisko Rzesz\u00f3w-Jasionka i lotnisko w Lublinie. Decyzj\u0119 na wniosek wojska podj\u0119\u0142a Polska Agencja \u017beglugi Powietrznej (PA\u017bP).<\/p>\n<p class=\"typography ids-typeset-body ids-typeset-body--preset-large link paragraph ids-paragraph ids-paragraph--default\">Planowane tam starty samolot\u00f3w s\u0105 wstrzymane, a maszyny kieruj\u0105ce si\u0119 na te lotniska kierowane b\u0119d\u0105 do port\u00f3w zapasowych.<\/p>\n<p class=\"typography ids-typeset-body ids-typeset-body--preset-large link paragraph ids-paragraph ids-paragraph--default\">Porty w Rzeszowie i Lublinie maj\u0105 by\u0107 zamkni\u0119te do godz. 7, z mo\u017cliwo\u015bci\u0105 skr\u00f3cenia lub przed\u0142u\u017cenia.<\/p>\n<p>Poderwano my\u015bliwce. Lotniska w Rzeszowie i Lublinie tymczasowo zamkni\u0119te<\/p>\n<p class=\"typography ids-typeset-body ids-typeset-body--preset-large link paragraph ids-paragraph ids-paragraph--default\">Rzecznik PA\u017bP Marcin Hadaj poinformowa\u0142 na antenie Polsat News, \u017ce agencja w spos\u00f3b \u015bcis\u0142y stosuje si\u0119 do zalece\u0144 strony wojskowej, &#8222;czyli ogranicza mo\u017cliwy ruch samolot\u00f3w pasa\u017cerskich i ka\u017cdego innego rodzaju lotnictwa poza lotnictwem pa\u0144stwowym w okre\u015blonych cz\u0119\u015bciach przestrzeni powietrznej&#8221;.<\/p>\n<p class=\"typography ids-typeset-body ids-typeset-body--preset-large link paragraph ids-paragraph ids-paragraph--default\">&#8211; Tym razem lotniska w Rzeszowie i Lublinie musz\u0105 by\u0107 czasowo zamkni\u0119te w\u0142a\u015bnie w zwi\u0105zku z konieczno\u015bci\u0105 zapewnienia swobody operowania lotnictwa wojskowego. Tak d\u0142ugo, jak to b\u0119dzie niezb\u0119dne, te lotniska nie b\u0119d\u0105 wykonywa\u0142y zaplanowanych operacji &#8211; m\u00f3wi\u0142.<\/p>\n<p class=\"typography ids-typeset-body ids-typeset-body--preset-large link paragraph ids-paragraph ids-paragraph--default\">Zapytany, na jakie lotniska przekierowywane s\u0105 samoloty, kt\u00f3re mia\u0142y wyl\u0105dowa\u0107 w Rzeszowie i Lublinie, Marcin Hadaj odpowiedzia\u0142, \u017ce to zale\u017cy od planu lotu ka\u017cdej z maszyn.<\/p>\n<p class=\"typography ids-typeset-body ids-typeset-body--preset-large link paragraph ids-paragraph ids-paragraph--default\">&#8211; W planie lotu ka\u017cdej operacji lotniczej s\u0105 wyznaczone zapasowe porty lotnicze. Og\u00f3lnie nie mo\u017cna tego stwierdzi\u0107 jednoznacznie, \u017ce w konkretnym przypadku konkretne lotnisko, ale najcz\u0119\u015bciej s\u0105 to lotniska po\u0142o\u017cone najbli\u017cej tych, kt\u00f3re s\u0105 docelowe &#8211; wyja\u015bni\u0142.<\/p>\n<p>Poderwano my\u015bliwce. &#8222;Stan najwy\u017cszej gotowo\u015bci&#8221;<\/p>\n<p class=\"typography ids-typeset-body ids-typeset-body--preset-large link paragraph ids-paragraph ids-paragraph--default\">W komunikacie DORSZ zaznaczono r\u00f3wnie\u017c, \u017ce dzia\u0142ania te maj\u0105 charakter prewencyjny i s\u0105 ukierunkowane na zabezpieczenie przestrzeni powietrznej i jej ochron\u0119, zw\u0142aszcza w rejonach przyleg\u0142ych do zagro\u017conych obszar\u00f3w.<\/p>\n<p class=\"typography ids-typeset-body ids-typeset-body--preset-large link paragraph ids-paragraph ids-paragraph--default\">&#8222;Dow\u00f3dztwo Operacyjne RSZ monitoruje bie\u017c\u0105c\u0105 sytuacj\u0119, a podleg\u0142e si\u0142y i \u015brodki pozostaj\u0105 w gotowo\u015bci do natychmiastowej reakcji&#8221; &#8211; podkre\u015blono.<\/p>\n<p class=\"typography ids-typeset-body ids-typeset-body--preset-large link paragraph ids-paragraph ids-paragraph--default\">O ostatniej takiej akcji Dow\u00f3dztwo Operacyjne RSZ informowa\u0142o 30 pa\u017adziernika. Polskie si\u0142y zbrojne informowa\u0142y w\u00f3wczas o rosyjskim samolocie I\u0142-20, kt\u00f3ry wykonywa\u0142 lot nad Ba\u0142tykiem, bez z\u0142o\u017conego planu lotu i z wy\u0142\u0105czonym transponderem.<\/p>\n<p class=\"typography ids-typeset-body ids-typeset-body--preset-large link paragraph ids-paragraph ids-paragraph--default\">Maszyna nie naruszy\u0142a polskiej przestrzeni powietrznej, a operacja polskich i sojuszniczych si\u0142 lotniczych przebieg\u0142a &#8222;zgodnie z procedurami <a href=\"https:\/\/wydarzenia.interia.pl\/tematy-nato,gsbi,1028\" target=\"_blank\" rel=\"nofollow noopener\">NATO<\/a> i bez zak\u0142\u00f3ce\u0144&#8221;.<\/p>\n<p class=\"typography ids-typeset-body ids-typeset-body--preset-large link paragraph ids-paragraph ids-paragraph--default\">W trakcie operacji przestrze\u0144 nad lotniskami w <a href=\"https:\/\/wydarzenia.interia.pl\/tematy-lublin,gsbi,4098\" target=\"_blank\" rel=\"nofollow noopener\">Lublinie<\/a> i <a href=\"https:\/\/wydarzenia.interia.pl\/tematy-rzeszow,gsbi,4123\" target=\"_blank\" rel=\"nofollow noopener\">Rzeszowie<\/a> by\u0142a tymczasowo zamkni\u0119ta.<\/p>\n<ul class=\"typography ids-typeset-body ids-typeset-body--preset-small list--article-list ids-list ids-list--unordered ids-list--size-small \" datatype=\"disc\">\n<li class=\"ids-list-item ids-list-item__content brief-list-item\"><a class=\"ids-undecorated-link link ids-link \" data-spons=\"false\" href=\"https:\/\/wydarzenia.interia.pl\/kraj\/news-polska-poderwala-mysliwce-pilny-komunikat-dowodztwa-operacyj,nId,22427143\" rel=\"nofollow noopener\" target=\"_blank\">Polska poderwa\u0142a my\u015bliwce. Pilny komunikat Dow\u00f3dztwa Operacyjnego<\/a><\/li>\n<li class=\"ids-list-item ids-list-item__content brief-list-item\"><a class=\"ids-undecorated-link link ids-link \" data-spons=\"false\" href=\"https:\/\/wydarzenia.interia.pl\/kraj\/news-polska-poderwala-mysliwce-zamknieto-przestrzen-nad-dwoma-lot,nId,22424667\" rel=\"nofollow noopener\" target=\"_blank\">Polska poderwa\u0142a my\u015bliwce. Zamkni\u0119to przestrze\u0144 nad dwoma lotniskami<\/a><\/li>\n<\/ul>\n<p>Jak dywersant zdo\u0142a\u0142 wjecha\u0107 do Polski? &#8222;Stra\u017c Graniczna nie dysponowa\u0142a zdj\u0119ciem&#8221;Polsat NewsPolsat News<\/p>\n<p><a class=\"ids-undecorated-link source ids-page-info--source__link\" href=\"https:\/\/p.iplsc.com\/-\/000L0SCEGA4O3ESS.pdf\" rel=\"nofollow noopener\" target=\"_blank\"><img decoding=\"async\" class=\"ids-image-holder__img\" loading=\"lazy\" alt=\"\" title=\"\" height=\"24px\" src=\"https:\/\/www.europesays.com\/pl\/wp-content\/uploads\/2025\/11\/1763506629_520_0009A6098CYXTC6T-C202-F4.webp.webp\"\/><\/a><a class=\"ids-undecorated-link source ids-page-info--source__link\" href=\"https:\/\/www.interia.pl\" rel=\"nofollow noopener\" target=\"_blank\"><img decoding=\"async\" class=\"ids-image-holder__img\" loading=\"lazy\" alt=\"\" title=\"\" height=\"24px\" src=\"https:\/\/www.europesays.com\/pl\/wp-content\/uploads\/2025\/11\/1763506630_962_0009A60QQ5I2TYF7-C202-F4.webp.webp\"\/><\/a><\/p>\n<p>Masz sugestie, uwagi albo widzisz b\u0142\u0105d? Napisz do nas<\/p>\n","protected":false},"excerpt":{"rendered":"&#8222;Zgodnie z obowi\u0105zuj\u0105cymi procedurami Dow\u00f3dca Operacyjny Rodzaj\u00f3w Si\u0142 Zbrojnych uruchomi\u0142 niezb\u0119dne si\u0142y i \u015brodki pozostaj\u0105ce w jego dyspozycji&#8221;&hellip;\n","protected":false},"author":2,"featured_media":108044,"comment_status":"","ping_status":"","sticky":false,"template":"","format":"standard","meta":{"footnotes":""},"categories":[12],"tags":[32,33,36,37,27,34,35,28,31,25,42,38,40,39,41,29,30,26],"class_list":{"0":"post-108094","1":"post","2":"type-post","3":"status-publish","4":"format-standard","5":"has-post-thumbnail","7":"category-polska","8":"tag-breaking-news","9":"tag-breakingnews","10":"tag-featured-news","11":"tag-featurednews","12":"tag-headlines","13":"tag-latest-news","14":"tag-latestnews","15":"tag-naglowki","16":"tag-najwazniejsze-artykuly","17":"tag-news","18":"tag-pl","19":"tag-poland","20":"tag-polish","21":"tag-polska","22":"tag-polski","23":"tag-top-stories","24":"tag-topstories","25":"tag-wiadomosci"},"share_on_mastodon":{"url":"https:\/\/pubeurope.com\/@pl\/115574865060422758","error":""},"_links":{"self":[{"href":"https:\/\/www.europesays.com\/pl\/wp-json\/wp\/v2\/posts\/108094","targetHints":{"allow":["GET"]}}],"collection":[{"href":"https:\/\/www.europesays.com\/pl\/wp-json\/wp\/v2\/posts"}],"about":[{"href":"https:\/\/www.europesays.com\/pl\/wp-json\/wp\/v2\/types\/post"}],"author":[{"embeddable":true,"href":"https:\/\/www.europesays.com\/pl\/wp-json\/wp\/v2\/users\/2"}],"replies":[{"embeddable":true,"href":"https:\/\/www.europesays.com\/pl\/wp-json\/wp\/v2\/comments?post=108094"}],"version-history":[{"count":0,"href":"https:\/\/www.europesays.com\/pl\/wp-json\/wp\/v2\/posts\/108094\/revisions"}],"wp:featuredmedia":[{"embeddable":true,"href":"https:\/\/www.europesays.com\/pl\/wp-json\/wp\/v2\/media\/108044"}],"wp:attachment":[{"href":"https:\/\/www.europesays.com\/pl\/wp-json\/wp\/v2\/media?parent=108094"}],"wp:term":[{"taxonomy":"category","embeddable":true,"href":"https:\/\/www.europesays.com\/pl\/wp-json\/wp\/v2\/categories?post=108094"},{"taxonomy":"post_tag","embeddable":true,"href":"https:\/\/www.europesays.com\/pl\/wp-json\/wp\/v2\/tags?post=108094"}],"curies":[{"name":"wp","href":"https:\/\/api.w.org\/{rel}","templated":true}]}}