{"id":108139,"date":"2025-11-19T07:02:07","date_gmt":"2025-11-19T07:02:07","guid":{"rendered":"https:\/\/www.europesays.com\/pl\/108139\/"},"modified":"2025-11-19T07:02:07","modified_gmt":"2025-11-19T07:02:07","slug":"atak-zimy-nad-polska-nawet-kilkadziesiat-centymetrow-sniegu","status":"publish","type":"post","link":"https:\/\/www.europesays.com\/pl\/108139\/","title":{"rendered":"Atak zimy nad Polsk\u0105. Nawet kilkadziesi\u0105t centymetr\u00f3w \u015bniegu"},"content":{"rendered":"<p>\u015anie\u017cyce zawitaj\u0105 nad Polsk\u0119\u00a0<\/p>\n<p class=\"art_paragraph\">Meteorolodzy ostrzegaj\u0105, \u017ce koniec tygodnia przyniesie wyj\u0105tkowo dynamiczn\u0105 sytuacj\u0119 pogodow\u0105. Nad Europ\u0105 dojdzie do zderzenia zimnego powietrza arktycznego z ciep\u0142ymi i wilgotnymi masami nap\u0142ywaj\u0105cymi znad Morza \u015ar\u00f3dziemnego. To oznacza, \u017ce uformuje si\u0119 rozleg\u0142y front atmosferyczny, kt\u00f3ry obejmie przede wszystkim Karpaty oraz po\u0142udniowo-wschodni\u0105 cz\u0119\u015b\u0107 Polski. To w\u0142a\u015bnie ten obszar, a wi\u0119c g\u0142\u00f3wnie Ma\u0142opolska i Podkarpacie, mo\u017ce zosta\u0107 zasypany \u015bniegiem. \u015anieg b\u0119dzie mokry i ci\u0119\u017cki, co mo\u017ce spowodowa\u0107 utrudnienia i zagro\u017cenie. Nie b\u0119d\u0105 to jednak zwyk\u0142e opady \u015bniegu. Najbardziej radykalne prognozy przewiduj\u0105 prawdziwe \u015bnie\u017cyce.\u00a0<\/p>\n<p>Gdzie spadnie najwi\u0119cej \u015bniegu?\u00a0<\/p>\n<p class=\"art_paragraph\">Modele pogodowe GFS i ECMWF przewiduj\u0105, \u017ce najwi\u0119ksze opady wyst\u0105pi\u0105 od pi\u0105tku (21 listopada) do sobotniego poranka. W Ma\u0142opolsce i na Podkarpaciu mo\u017ce spa\u015b\u0107 od 10 do 20 centymetr\u00f3w \u015bniegu, miejscami wi\u0119cej. W Beskidach oraz na po\u0142udniu Lubelszczyzny i w G\u00f3rach \u015awi\u0119tokrzyskich prognozowane s\u0105 opady rz\u0119du 5-8 centymetr\u00f3w. Najbardziej skrajne prognozy wskazuj\u0105 na nawet 30-50 centymetr\u00f3w w rejonach g\u00f3rskich, co oznacza\u0142oby naprawd\u0119 du\u017c\u0105 \u015bnie\u017cyc\u0119. \u00a0<\/p>\n<p>        Zobacz wideo<\/p>\n<p>            Sonda: Czy pogoda psuje nam nastr\u00f3j?\n    <\/p>\n<p>Utrudnienia na drogach\u00a0<\/p>\n<p class=\"art_paragraph\">Intensywne opady \u015bniegu w ci\u0105gu 12 godzin mog\u0105 sta\u0107 si\u0119 du\u017cym wyzwaniem dla komunikacji. Najwi\u0119ksze ryzyko dotyczy tak\u017ce oblodzenia drzew i linii energetycznych oraz ich \u0142amania si\u0119 pod ci\u0119\u017carem mokrego \u015bniegu. Mo\u017cliwe s\u0105 problemy z transportem drogowym i kolejowym, a tak\u017ce awarie pr\u0105du. W przypadku realizacji najbardziej \u015bnie\u017cnego scenariusza konieczne mo\u017ce by\u0107 od\u015bnie\u017canie dach\u00f3w obiekt\u00f3w wielkopowierzchniowych. \u00a0<\/p>\n<p>Prognoza pogody na reszt\u0119 tygodnia\u00a0<\/p>\n<p class=\"art_paragraph\">Od \u015brody (19 listopada) na po\u0142udniu kraju ma si\u0119 przeja\u015bni\u0107, podczas gdy p\u00f3\u0142noc nadal b\u0119dzie zmaga\u0107 si\u0119 z deszczem i deszczem ze \u015bniegiem. W czwartek i pi\u0105tek dominowa\u0107 maj\u0105 chmury oraz opady, g\u0142\u00f3wnie w p\u00f3\u0142nocnej i zachodniej cz\u0119\u015bci Polski. Weekend przyniesie \u015bnie\u017cyce na po\u0142udniu i w centrum, a w niedziel\u0119 spodziewane jest kr\u00f3tkotrwa\u0142e ocieplenie z temperatur\u0105 si\u0119gaj\u0105c\u0105 nawet 13 st. C na po\u0142udniowym wschodzie.\u00a0<\/p>\n<p class=\"art_paragraph\">Czytaj tak\u017ce: <a href=\"https:\/\/wiadomosci.gazeta.pl\/polska\/7,198072,32408144,polska-prosi-o-pomoc-usa-najwieksze-sledztwo-w-historii.html\" class=\"art_link\" rel=\"dofollow noopener\" target=\"_blank\">Polska prosi o pomoc USA. &#8222;Najwi\u0119ksze \u015bledztwo w historii&#8221;. Nowe ustalenia ws. dywersji<\/a><\/p>\n<p>\u0179r\u00f3d\u0142a: IMGW, twojapogoda.pl, tvnmeteo.pl<\/p>\n","protected":false},"excerpt":{"rendered":"\u015anie\u017cyce zawitaj\u0105 nad Polsk\u0119\u00a0 Meteorolodzy ostrzegaj\u0105, \u017ce koniec tygodnia przyniesie wyj\u0105tkowo dynamiczn\u0105 sytuacj\u0119 pogodow\u0105. Nad Europ\u0105 dojdzie do&hellip;\n","protected":false},"author":2,"featured_media":108140,"comment_status":"","ping_status":"","sticky":false,"template":"","format":"standard","meta":{"footnotes":""},"categories":[12],"tags":[32,33,36,37,27,34,35,28,31,25,42,38,40,39,41,29,30,26],"class_list":{"0":"post-108139","1":"post","2":"type-post","3":"status-publish","4":"format-standard","5":"has-post-thumbnail","7":"category-polska","8":"tag-breaking-news","9":"tag-breakingnews","10":"tag-featured-news","11":"tag-featurednews","12":"tag-headlines","13":"tag-latest-news","14":"tag-latestnews","15":"tag-naglowki","16":"tag-najwazniejsze-artykuly","17":"tag-news","18":"tag-pl","19":"tag-poland","20":"tag-polish","21":"tag-polska","22":"tag-polski","23":"tag-top-stories","24":"tag-topstories","25":"tag-wiadomosci"},"share_on_mastodon":{"url":"https:\/\/pubeurope.com\/@pl\/115575085102072894","error":""},"_links":{"self":[{"href":"https:\/\/www.europesays.com\/pl\/wp-json\/wp\/v2\/posts\/108139","targetHints":{"allow":["GET"]}}],"collection":[{"href":"https:\/\/www.europesays.com\/pl\/wp-json\/wp\/v2\/posts"}],"about":[{"href":"https:\/\/www.europesays.com\/pl\/wp-json\/wp\/v2\/types\/post"}],"author":[{"embeddable":true,"href":"https:\/\/www.europesays.com\/pl\/wp-json\/wp\/v2\/users\/2"}],"replies":[{"embeddable":true,"href":"https:\/\/www.europesays.com\/pl\/wp-json\/wp\/v2\/comments?post=108139"}],"version-history":[{"count":0,"href":"https:\/\/www.europesays.com\/pl\/wp-json\/wp\/v2\/posts\/108139\/revisions"}],"wp:featuredmedia":[{"embeddable":true,"href":"https:\/\/www.europesays.com\/pl\/wp-json\/wp\/v2\/media\/108140"}],"wp:attachment":[{"href":"https:\/\/www.europesays.com\/pl\/wp-json\/wp\/v2\/media?parent=108139"}],"wp:term":[{"taxonomy":"category","embeddable":true,"href":"https:\/\/www.europesays.com\/pl\/wp-json\/wp\/v2\/categories?post=108139"},{"taxonomy":"post_tag","embeddable":true,"href":"https:\/\/www.europesays.com\/pl\/wp-json\/wp\/v2\/tags?post=108139"}],"curies":[{"name":"wp","href":"https:\/\/api.w.org\/{rel}","templated":true}]}}