{"id":108305,"date":"2025-11-19T08:55:08","date_gmt":"2025-11-19T08:55:08","guid":{"rendered":"https:\/\/www.europesays.com\/pl\/108305\/"},"modified":"2025-11-19T08:55:08","modified_gmt":"2025-11-19T08:55:08","slug":"slawomir-cenckiewicz-uderzyl-w-pis-przypomnial-glosowanie-sprzed-kilku-lat","status":"publish","type":"post","link":"https:\/\/www.europesays.com\/pl\/108305\/","title":{"rendered":"S\u0142awomir Cenckiewicz uderzy\u0142 w PiS. Przypomnia\u0142 g\u0142osowanie sprzed kilku lat"},"content":{"rendered":"<p class=\"ods-c-paragraph \"><a href=\"https:\/\/wiadomosci.onet.pl\/kraj\/wlodzimierz-czarzasty-nowym-marszalkiem-sejm-podjal-decyzje\/jjcyb0c\" id=\"98b8bbcb-55e8-49c5-b444-87b57b9b526c\" rel=\"nofollow noopener\" target=\"_blank\">We wtorek pos\u0142owie i pos\u0142anki wybrali w g\u0142osowaniu nowego marsza\u0142ka Sejmu<\/a>. Zgodnie z umow\u0105 koalicyjn\u0105 zosta\u0142 nim dotychczasowy wicemarsza\u0142ek, wsp\u00f3\u0142przewodnicz\u0105cy Nowej Lewicy W\u0142odzimierz Czarzasty.<\/p>\n<p class=\"ods-c-paragraph \"><a href=\"https:\/\/wiadomosci.onet.pl\/kraj\/wlodzimierz-czarzasty-marszalkiem-sejmu-tak-glosowali-poslowie-nie-zabraklo-zaskoczen\/c3vjm53\" id=\"a8aca48b-7cdc-44af-a31a-1c24b74203a3\" rel=\"nofollow noopener\" target=\"_blank\">&#8222;Za&#8221; wyborem Czarzastego by\u0142o 236 pos\u0142\u00f3w, a &#8222;przeciw&#8221; \u2014 209.<\/a> Kandydatur\u0119 poparli niemal wszyscy pos\u0142owie partii wchodz\u0105cych w sk\u0142ad koalicji rz\u0105dz\u0105cej. Natomiast przeciwni byli politycy partii Razem, Konfederacji oraz PiS. <\/p>\n<p>Dalszy ci\u0105g artyku\u0142u pod materia\u0142em wideo<\/p>\n<p> Kto zosta\u0142 nowym Marsza\u0142kiem Sejmu? <\/p>\n<p> Ile pos\u0142\u00f3w g\u0142osowa\u0142o za kandydatur\u0105 Czarzastego? <\/p>\n<p> Jak PiS g\u0142osowa\u0142 podczas wyboru Czarzastego? <\/p>\n<p> Kto skomentowa\u0142 zmian\u0119 zdania PiS w sprawie Czarzastego? <\/p>\n<p>  PiS zmieni\u0142o zdanie? S\u0142awomir Cenckiewicz: a ja Wam wtedy m\u00f3wi\u0142em   <\/p>\n<p class=\"ods-c-paragraph \">G\u0142osowanie wywo\u0142a\u0142o jednak niema\u0142e zamieszanie. Jak zauwa\u017cyli internauci, pos\u0142owie PiS nie mieli wcze\u015bniej nic przeciwko kandydaturze Czarzastego na wicemarsza\u0142ka Sejmu. W 2019 r. 177 z 235 reprezentant\u00f3w tej partii w izbie by\u0142o za tym, by lider Lewicy obj\u0105\u0142 t\u0119 funkcj\u0119.<\/p>\n<p class=\"ods-c-paragraph \">Wpis w tej sprawie zamie\u015bci\u0142 nawet obecny szef Biura Bezpiecze\u0144stwa Narodowego (BBN) i bliski wsp\u00f3\u0142pracownik prezydenta Karola Nawrockiego S\u0142awomir Cenckiewicz. <\/p>\n<p class=\"ods-c-paragraph \">&#8222;A ja Wam wtedy m\u00f3wi\u0142em, \u017ce \u00bbantykomunizm jest sierot\u0105\u00ab. Bo jest, wtedy kiedy jest sytuacyjny i dora\u017any te\u017c takim jest!&#8221; \u2014  napisa\u0142 we wpisie na portalu X, zamieszczaj\u0105c zrzut ekrany pokazuj\u0105cy wyniki g\u0142osowania z 2019 r.<\/p>\n","protected":false},"excerpt":{"rendered":"We wtorek pos\u0142owie i pos\u0142anki wybrali w g\u0142osowaniu nowego marsza\u0142ka Sejmu. Zgodnie z umow\u0105 koalicyjn\u0105 zosta\u0142 nim dotychczasowy&hellip;\n","protected":false},"author":2,"featured_media":108306,"comment_status":"","ping_status":"","sticky":false,"template":"","format":"standard","meta":{"footnotes":""},"categories":[12],"tags":[32,33,36,37,3811,27,49,34,35,28,31,48,25,46,529,42,38,40,39,41,47,423,2739,29,30,26,203],"class_list":{"0":"post-108305","1":"post","2":"type-post","3":"status-publish","4":"format-standard","5":"has-post-thumbnail","7":"category-polska","8":"tag-breaking-news","9":"tag-breakingnews","10":"tag-featured-news","11":"tag-featurednews","12":"tag-glosowanie","13":"tag-headlines","14":"tag-kraj","15":"tag-latest-news","16":"tag-latestnews","17":"tag-naglowki","18":"tag-najwazniejsze-artykuly","19":"tag-nat_styl","20":"tag-news","21":"tag-omp","22":"tag-pis","23":"tag-pl","24":"tag-poland","25":"tag-polish","26":"tag-polska","27":"tag-polski","28":"tag-screening_general","29":"tag-sejm","30":"tag-slawomir_cenckiewicz","31":"tag-top-stories","32":"tag-topstories","33":"tag-wiadomosci","34":"tag-wlodzimierz_czarzasty"},"share_on_mastodon":{"url":"https:\/\/pubeurope.com\/@pl\/115575529445552387","error":""},"_links":{"self":[{"href":"https:\/\/www.europesays.com\/pl\/wp-json\/wp\/v2\/posts\/108305","targetHints":{"allow":["GET"]}}],"collection":[{"href":"https:\/\/www.europesays.com\/pl\/wp-json\/wp\/v2\/posts"}],"about":[{"href":"https:\/\/www.europesays.com\/pl\/wp-json\/wp\/v2\/types\/post"}],"author":[{"embeddable":true,"href":"https:\/\/www.europesays.com\/pl\/wp-json\/wp\/v2\/users\/2"}],"replies":[{"embeddable":true,"href":"https:\/\/www.europesays.com\/pl\/wp-json\/wp\/v2\/comments?post=108305"}],"version-history":[{"count":0,"href":"https:\/\/www.europesays.com\/pl\/wp-json\/wp\/v2\/posts\/108305\/revisions"}],"wp:featuredmedia":[{"embeddable":true,"href":"https:\/\/www.europesays.com\/pl\/wp-json\/wp\/v2\/media\/108306"}],"wp:attachment":[{"href":"https:\/\/www.europesays.com\/pl\/wp-json\/wp\/v2\/media?parent=108305"}],"wp:term":[{"taxonomy":"category","embeddable":true,"href":"https:\/\/www.europesays.com\/pl\/wp-json\/wp\/v2\/categories?post=108305"},{"taxonomy":"post_tag","embeddable":true,"href":"https:\/\/www.europesays.com\/pl\/wp-json\/wp\/v2\/tags?post=108305"}],"curies":[{"name":"wp","href":"https:\/\/api.w.org\/{rel}","templated":true}]}}