{"id":108373,"date":"2025-11-19T09:39:09","date_gmt":"2025-11-19T09:39:09","guid":{"rendered":"https:\/\/www.europesays.com\/pl\/108373\/"},"modified":"2025-11-19T09:39:09","modified_gmt":"2025-11-19T09:39:09","slug":"ogromna-sensacja-takiego-uczestnika-ms-jeszcze-nie-bylo","status":"publish","type":"post","link":"https:\/\/www.europesays.com\/pl\/108373\/","title":{"rendered":"Ogromna sensacja. Takiego uczestnika M\u015a jeszcze nie by\u0142o"},"content":{"rendered":"\n<p class=\"contentpart contentpart--default contentpart--text\" data-position=\"0\">W nocy z wtorku na \u015brod\u0119 polskiego czasu poznali\u015bmy trzech kolejnych uczestnik\u00f3w mistrzostw \u015bwiata 2026, tym razem z konfederacji CONCACAF. Bezbramkowy remis z Jamajk\u0105 da\u0142\u00a0<a href=\"https:\/\/sportowefakty.wp.pl\/pilka-nozna\/reprezentacja-curacao\" rel=\"nofollow noopener\" target=\"_blank\">reprezentacji Curacao<\/a>\u00a0pierwsze miejsce w grupie B i przepustk\u0119 na mundial. To spe\u0142nienie celu, kt\u00f3ry jeszcze niedawno wydawa\u0142 si\u0119 poza zasi\u0119giem tej karaibskiej dru\u017cyny.<\/p>\n<p class=\"contentpart contentpart--default contentpart--text\" data-position=\"1\">Curacao liczy nieco ponad 150 tys. mieszka\u0144c\u00f3w, co czyni je najmniej ludnym uczestnikiem M\u015a w historii. Do tej pory rekord nale\u017ca\u0142 do Islandii (2018 r.), gdy ten kraj mia\u0142 ok. 330 tys. obywateli. Wyspa jest te\u017c najmniejszym terytorialnie pa\u0144stwem, kt\u00f3re wyst\u0105pi na mundialu (444 km2 powierzchni).<\/p>\n<p> <img role=\"presentation\" src=\"https:\/\/std.wpcdn.pl\/images\/adv\/placeholder_wp.svg\" loading=\"lazy\" alt=\"\" decoding=\"async\"\/>  <\/p>\n<p class=\"contentpart contentpart--default contentpart--text\" data-position=\"2\">ZOBACZ WIDEO: #dziejesiewsporcie: Co za sceny! Deszcz da\u0142 si\u0119 we znaki&#8230; s\u0119dziemu<\/p>\n<p class=\"contentpart contentpart--default contentpart--text\" data-position=\"4\">Wcze\u015bniej ten symboliczny prymat przypad\u0142 Republice Zielonego Przyl\u0105dka. Curacao jest jednak ok. dziesi\u0119\u0107 razy mniejsze powierzchniowo. Karaibska ekipa zosta\u0142a pi\u0105t\u0105 reprezentacj\u0105 regionu, po Kubie, Haiti, Jamajce oraz Trynidadzie i Tobago, kt\u00f3ra zagra w mistrzostwach \u015bwiata.<\/p>\n<p class=\"contentpart contentpart--default contentpart--text\" data-position=\"5\">Gilbert Martina, prezes federacji pi\u0142karskiej Curacao, m\u00f3wi\u0142 o wieloletniej drodze do sukcesu. &#8211; Po 21 latach zdo\u0142ali\u015bmy domkn\u0105\u0107 projekt mundialowy, kt\u00f3ry rozpocz\u0119li\u015bmy w 2004 r. To wielkie uczucie i rado\u015b\u0107 dla wszystkich obywateli naszego kraju na ca\u0142ym \u015bwiecie &#8211; powiedzia\u0142 tu\u017c po meczu, cytowany przez hiszpa\u0144sk\u0105 &#8222;Marc\u0119&#8221;. &#8211; Jeste\u015bmy mali pod wzgl\u0119dem powierzchni, ale wielcy sercem i dusz\u0105 &#8211; doda\u0142 Martin.<\/p>\n<p class=\"contentpart contentpart--default contentpart--text\" data-position=\"6\">Kapitan zespo\u0142u Leandro Bacuna podkre\u015bli\u0142 z kolei znaczenie wywalczonego awansu. &#8211; Jeste\u015bmy bardzo szcz\u0119\u015bliwi. Walczyli\u015bmy o to co najmniej 15 lat i zas\u0142u\u017cyli\u015bmy na ten awans. [&#8230;] Nie obchodzi mnie, na kogo trafimy. Nikt w nas nie wierzy\u0142, a my to zrobili\u015bmy &#8211; podsumowa\u0142.<\/p>\n<p> <img role=\"presentation\" src=\"https:\/\/std.wpcdn.pl\/images\/adv\/placeholder_wp.svg\" loading=\"lazy\" alt=\"\" decoding=\"async\"\/>  <\/p>\n<p class=\"contentpart contentpart--default contentpart--text\" data-position=\"7\">Curacao b\u0119dzie czwartym debiutantem na M\u015a 2026, obok Uzbekistanu, Jordanii i Republiki Zielonego Przyl\u0105dka. Jamajka, kt\u00f3ra przez remis przed w\u0142asn\u0105 publiczno\u015bci\u0105 nie wywalczy\u0142a bezpo\u015bredniego awansu, zagra z kolei w bara\u017cach interkontynentalnych. Na ten moment znamy ju\u017c 39 uczestnik\u00f3w mundialu, pe\u0142n\u0105 liczb\u0119 znajdziesz <a href=\"https:\/\/sportowefakty.wp.pl\/pilka-nozna\/1220244\/39-druzyn-z-awansem-na-mundial-oto-lista\" rel=\"nofollow noopener\" target=\"_blank\">TUTAJ<\/a>.<\/p>\n","protected":false},"excerpt":{"rendered":"W nocy z wtorku na \u015brod\u0119 polskiego czasu poznali\u015bmy trzech kolejnych uczestnik\u00f3w mistrzostw \u015bwiata 2026, tym razem z&hellip;\n","protected":false},"author":2,"featured_media":108374,"comment_status":"","ping_status":"","sticky":false,"template":"","format":"standard","meta":{"footnotes":""},"categories":[24],"tags":[467,6123,3037,9090,269,42,38,40,39,41,23124,127,126],"class_list":{"0":"post-108373","1":"post","2":"type-post","3":"status-publish","4":"format-standard","5":"has-post-thumbnail","7":"category-sport","8":"tag-eliminacje-ms-2026","9":"tag-inne","10":"tag-mistrzostwa-swiata","11":"tag-mistrzostwa-swiata-2026","12":"tag-pilka-nozna","13":"tag-pl","14":"tag-poland","15":"tag-polish","16":"tag-polska","17":"tag-polski","18":"tag-reprezentacja-curacao","19":"tag-sport","20":"tag-sports"},"share_on_mastodon":{"url":"https:\/\/pubeurope.com\/@pl\/115575702711318277","error":""},"_links":{"self":[{"href":"https:\/\/www.europesays.com\/pl\/wp-json\/wp\/v2\/posts\/108373","targetHints":{"allow":["GET"]}}],"collection":[{"href":"https:\/\/www.europesays.com\/pl\/wp-json\/wp\/v2\/posts"}],"about":[{"href":"https:\/\/www.europesays.com\/pl\/wp-json\/wp\/v2\/types\/post"}],"author":[{"embeddable":true,"href":"https:\/\/www.europesays.com\/pl\/wp-json\/wp\/v2\/users\/2"}],"replies":[{"embeddable":true,"href":"https:\/\/www.europesays.com\/pl\/wp-json\/wp\/v2\/comments?post=108373"}],"version-history":[{"count":0,"href":"https:\/\/www.europesays.com\/pl\/wp-json\/wp\/v2\/posts\/108373\/revisions"}],"wp:featuredmedia":[{"embeddable":true,"href":"https:\/\/www.europesays.com\/pl\/wp-json\/wp\/v2\/media\/108374"}],"wp:attachment":[{"href":"https:\/\/www.europesays.com\/pl\/wp-json\/wp\/v2\/media?parent=108373"}],"wp:term":[{"taxonomy":"category","embeddable":true,"href":"https:\/\/www.europesays.com\/pl\/wp-json\/wp\/v2\/categories?post=108373"},{"taxonomy":"post_tag","embeddable":true,"href":"https:\/\/www.europesays.com\/pl\/wp-json\/wp\/v2\/tags?post=108373"}],"curies":[{"name":"wp","href":"https:\/\/api.w.org\/{rel}","templated":true}]}}