{"id":108515,"date":"2025-11-19T11:09:12","date_gmt":"2025-11-19T11:09:12","guid":{"rendered":"https:\/\/www.europesays.com\/pl\/108515\/"},"modified":"2025-11-19T11:09:12","modified_gmt":"2025-11-19T11:09:12","slug":"mieszkaniec-warszawy-zostawil-buty-na-balkonie-oniemial-gdy-zajrzal-do-srodka","status":"publish","type":"post","link":"https:\/\/www.europesays.com\/pl\/108515\/","title":{"rendered":"Mieszkaniec Warszawy zostawi\u0142 buty na balkonie. Oniemia\u0142, gdy zajrza\u0142 do \u015brodka"},"content":{"rendered":"<p class=\"ods-c-paragraph \">Jak informuje we wtorek stra\u017c miejska w Warszawie w facebookowym wpisie, do nietypowej interwencji dosz\u0142o w niedzielny wiecz\u00f3r, 16 listopada. Funkcjonariusze zostali wezwani do jednego z mieszka\u0144 na ul. Klaudyny w zwi\u0105zku z zadomowieniem si\u0119 nietoperzy na balkonie. Cho\u0107 pocz\u0105tkowo wezwanie brzmia\u0142o do\u015b\u0107 rutynowo, sytuacja okaza\u0142a si\u0119 niecodzienna.<\/p>\n<p> Gdzie znalaz\u0142 nietoperze mieszkaniec Warszawy? <\/p>\n<p> Ile nietoperzy znalaz\u0142 w\u0142a\u015bciciel but\u00f3w? <\/p>\n<p> Co zrobi\u0107, gdy na balkonie znajdziemy nietoperze? <\/p>\n<p> Kto zaj\u0105\u0142 si\u0119 nietoperzami po interwencji? <\/p>\n<p class=\"ods-c-paragraph \">&#8222;Stra\u017cnicy miejscy z Ekopatrolu otrzymali pilne zg\u0142oszenie: Pomocy, mam na balkonie nietoperze! Nic nowego \u2014 pomy\u015bleli. Ale kiedy weszli na balkon, w\u0142a\u015bciciel mieszkania spokojnie wskaza\u0142 im\u2026 buty&#8221; \u2014 czytamy w po\u015bcie.<\/p>\n<blockquote class=\"ods-o-quota\">\n<p class=\"ods-o-quota__paragraph\">&#8222;I faktycznie, oko\u0142o 20 nietoperzy znalaz\u0142o w nich przytuln\u0105 kryj\u00f3wk\u0119. By\u0142y wtulone w siebie i rozczulaj\u0105ce jak ma\u0142e pluszaki. Cho\u0107 widok by\u0142 s\u0142odki, to jednak nie by\u0142o to bezpieczne miejsce do zimowania&#8221;<\/p>\n<\/blockquote>\n<p class=\"ods-c-paragraph \">\u2014 wyja\u015bniaj\u0105 stra\u017cnicy miejscy.<\/p>\n<p class=\"ods-c-paragraph \">Zwierz\u0119tami zaj\u0105\u0142 si\u0119 ekopatrol, ale w\u0142a\u015bciciel but\u00f3w r\u00f3wnie\u017c okaza\u0142 si\u0119 bohaterem. &#8222;Bez wahania po\u015bwi\u0119ci\u0142 swoje buty, \u017ceby mo\u017cna by\u0142o dostarczy\u0107 nietoperze w bezpieczne miejsce, bez przerywania ich snu&#8221; \u2014 podkre\u015blaj\u0105 stra\u017cnicy miejscy.<\/p>\n<p class=\"ods-c-paragraph \">Stado nietoperzy bezpiecznie trafi\u0142o do specjalist\u00f3w z Las\u00f3w Miejskich w Warszawie, kt\u00f3rzy zapewni\u0105 im spokojne warunki do zimowania.<\/p>\n<blockquote class=\"ods-o-quota\">\n<p class=\"ods-o-quota__paragraph\">&#8222;Funkcjonariusze z Ekopatrolu niejedno ju\u017c widzieli i w niejednej interwencji uczestniczyli, ale zastany na miejscu widok, nawet ich zaskoczy\u0142&#8221;<\/p>\n<\/blockquote>\n<p class=\"ods-c-paragraph \">\u2014 czytamy na stornie internetowej Stra\u017cy Miejskiej w Warszawie.<\/p>\n<p>Nietoperze na balkonie \u2014 co robi\u0107?<\/p>\n<p class=\"ods-c-paragraph \">Je\u015bli na balkonie znajdziemy nietoperze, nie nale\u017cy ich dotyka\u0107 ani p\u0142oszy\u0107, poniewa\u017c s\u0105 obj\u0119te \u015bcis\u0142\u0105 ochron\u0105 gatunkow\u0105 \u2014 najlepiej zachowa\u0107 spok\u00f3j, ograniczy\u0107 ha\u0142as i \u015bwiat\u0142o, wstrzyma\u0107 porz\u0105dki czy remonty oraz poczeka\u0107, a\u017c same odlec\u0105 o zmierzchu. W przypadku gdy wygl\u0105daj\u0105 na os\u0142abione, ranne lub nie przemieszczaj\u0105 si\u0119 przez d\u0142u\u017cszy czas, nale\u017cy skontaktowa\u0107 si\u0119 z odpowiednimi s\u0142u\u017cbami, takimi jak stra\u017c miejska, Ekopatrol, Regionalna Dyrekcja Ochrony \u015arodowiska lub o\u015brodek rehabilitacji dzikich zwierz\u0105t, kt\u00f3re zapewni\u0105 im bezpiecze\u0144stwo.<\/p>\n","protected":false},"excerpt":{"rendered":"Jak informuje we wtorek stra\u017c miejska w Warszawie w facebookowym wpisie, do nietypowej interwencji dosz\u0142o w niedzielny wiecz\u00f3r,&hellip;\n","protected":false},"author":2,"featured_media":108516,"comment_status":"","ping_status":"","sticky":false,"template":"","format":"standard","meta":{"footnotes":""},"categories":[5],"tags":[210,32,33,36,37,27,34,35,28,31,48,25,24005,46,42,38,40,39,41,47,2267,29,30,435,26],"class_list":{"0":"post-108515","1":"post","2":"type-post","3":"status-publish","4":"format-standard","5":"has-post-thumbnail","7":"category-naglowki","8":"tag-aktualnosci","9":"tag-breaking-news","10":"tag-breakingnews","11":"tag-featured-news","12":"tag-featurednews","13":"tag-headlines","14":"tag-latest-news","15":"tag-latestnews","16":"tag-naglowki","17":"tag-najwazniejsze-artykuly","18":"tag-nat_styl","19":"tag-news","20":"tag-nietoperze","21":"tag-omp","22":"tag-pl","23":"tag-poland","24":"tag-polish","25":"tag-polska","26":"tag-polski","27":"tag-screening_general","28":"tag-straz_miejska","29":"tag-top-stories","30":"tag-topstories","31":"tag-warszawa","32":"tag-wiadomosci"},"share_on_mastodon":{"url":"https:\/\/pubeurope.com\/@pl\/115576056549332348","error":""},"_links":{"self":[{"href":"https:\/\/www.europesays.com\/pl\/wp-json\/wp\/v2\/posts\/108515","targetHints":{"allow":["GET"]}}],"collection":[{"href":"https:\/\/www.europesays.com\/pl\/wp-json\/wp\/v2\/posts"}],"about":[{"href":"https:\/\/www.europesays.com\/pl\/wp-json\/wp\/v2\/types\/post"}],"author":[{"embeddable":true,"href":"https:\/\/www.europesays.com\/pl\/wp-json\/wp\/v2\/users\/2"}],"replies":[{"embeddable":true,"href":"https:\/\/www.europesays.com\/pl\/wp-json\/wp\/v2\/comments?post=108515"}],"version-history":[{"count":0,"href":"https:\/\/www.europesays.com\/pl\/wp-json\/wp\/v2\/posts\/108515\/revisions"}],"wp:featuredmedia":[{"embeddable":true,"href":"https:\/\/www.europesays.com\/pl\/wp-json\/wp\/v2\/media\/108516"}],"wp:attachment":[{"href":"https:\/\/www.europesays.com\/pl\/wp-json\/wp\/v2\/media?parent=108515"}],"wp:term":[{"taxonomy":"category","embeddable":true,"href":"https:\/\/www.europesays.com\/pl\/wp-json\/wp\/v2\/categories?post=108515"},{"taxonomy":"post_tag","embeddable":true,"href":"https:\/\/www.europesays.com\/pl\/wp-json\/wp\/v2\/tags?post=108515"}],"curies":[{"name":"wp","href":"https:\/\/api.w.org\/{rel}","templated":true}]}}