{"id":108551,"date":"2025-11-19T11:32:12","date_gmt":"2025-11-19T11:32:12","guid":{"rendered":"https:\/\/www.europesays.com\/pl\/108551\/"},"modified":"2025-11-19T11:32:12","modified_gmt":"2025-11-19T11:32:12","slug":"koniec-problemow-z-gruntami-po-prl-milion-polakow-odetchnie-z-ulga","status":"publish","type":"post","link":"https:\/\/www.europesays.com\/pl\/108551\/","title":{"rendered":"Koniec problem\u00f3w z gruntami po PRL? Milion Polak\u00f3w odetchnie z ulg\u0105"},"content":{"rendered":"<p>2025-11-19 08:30<\/p>\n<p>publikacja<br \/>2025-11-19 08:30<\/p>\n<p>Podziel si\u0119<\/p>\n<p>Sp\u00f3\u0142dzielnie mieszkaniowe zyskaj\u0105 prawo do u\u017cytkowania wieczystego grunt\u00f3w, kt\u00f3rych status jest nieuregulowany od czas\u00f3w PRL \u2013 dowiedzia\u0142a si\u0119 \u201eRzeczpospolita\u201d.<\/p>\n<p><img decoding=\"async\" class=\"o-graphics-multiobject__inner-blurry-picture-img\" src=\"https:\/\/www.europesays.com\/pl\/wp-content\/uploads\/2025\/11\/9621811b90e19d-948-568-0-0-3433-2059.jpg\" width=\"948\" height=\"568\" alt=\"Koniec problem\u00f3w z gruntami po PRL? Milion Polak\u00f3w odetchnie z ulg\u0105\" loading=\"lazy\"\/><img decoding=\"async\" class=\"o-graphics-multiobject__item webfeedsFeaturedVisual\" src=\"https:\/\/www.europesays.com\/pl\/wp-content\/uploads\/2025\/11\/9621811b90e19d-948-568-0-0-3433-2059.jpg\" width=\"948\" height=\"568\" alt=\"Koniec problem\u00f3w z gruntami po PRL? Milion Polak\u00f3w odetchnie z ulg\u0105\" loading=\"lazy\"\/>fot. Anna Eremeev \/ \/\u00a0Shutterstock<\/p>\n<p>Jak czytamy, \u201eproblem dotyczy nawet miliona os\u00f3b, kt\u00f3re mieszkaj\u0105 w budynkach sp\u00f3\u0142dzielni mieszkaniowych stoj\u0105cych na gruntach o nieuregulowanym statusie\u201d.<\/p>\n<blockquote>\n<p>\u201eP\u0142ac\u0105 oni wy\u017csze czynsze, a ich prawa do dysponowania mieszkaniem s\u0105 ograniczone. Nie mog\u0105 za\u0142o\u017cy\u0107 ksi\u0119gi wieczystej, a gdy sprzedaj\u0105 sw\u00f3j lokal, to osi\u0105gaj\u0105 ceny nawet o 20 proc. ni\u017csze od s\u0105siad\u00f3w z blok\u00f3w usadowionych na ziemi o uregulowanym statusie. Do tego dochodzi niepewno\u015b\u0107, czy mieszkanie pozostanie w rodzinie po \u015bmierci osoby, kt\u00f3ra mia\u0142a sp\u00f3\u0142dzielcze lokatorskie prawo do lokalu\u201d &#8211; napisano.<\/p>\n<\/blockquote>\n<p>K\u0142opotliwy spadek po PRL<\/p>\n<p>Wyja\u015bniono, \u017ce taka sytuacja to spadek po PRL, kiedy przekazywano grunty sp\u00f3\u0142dzielniom, nie zwracaj\u0105c uwagi na ich status prawny.<\/p>\n<p>\u201eWydawa\u0142o si\u0119, \u017ce problem zosta\u0142 rozwi\u0105zany, bo jednostki samorz\u0105du terytorialnego i Skarb Pa\u0144stwa zosta\u0142y w 1990 r. zobowi\u0105zane do ustanowienia prawa wieczystego u\u017cytkowania. Niestety nie przewidziano sankcji za niewykonanie tego zobowi\u0105zania. Dlatego cz\u0119\u015b\u0107 samorz\u0105d\u00f3w nie zrobi\u0142a tego do dzisiaj\u201d \u2013 m\u00f3wi dr Piotr Pa\u0142ka, radca prawny, prof. Sopockiej Akademii Nauk Stosowanych.<\/p>\n<p>Rz\u0105d bierze si\u0119 za problem sp\u00f3\u0142dzielc\u00f3w<\/p>\n<p>\u201eRz\u201d poda\u0142a, \u017ce sp\u00f3\u0142dzielnie pr\u00f3buj\u0105 rozwi\u0105za\u0107 ten problem s\u0105downie, ale z marnym skutkiem \u2013 sprawy ci\u0105gn\u0105 si\u0119 od ponad 30 lat. We wtorek zapad\u0142a decyzja o wpisaniu do wykazu prac legislacyjnych rz\u0105du projektu ustawy, kt\u00f3ra ma rozwi\u0105zywa\u0107 problem sp\u00f3\u0142dzielc\u00f3w.<\/p>\n<p>\u201eChcemy przywr\u00f3ci\u0107 sp\u00f3\u0142dzielniom prawo do wyst\u0105pienia o ustanowienie u\u017cytkowania wieczystego w trybie administracyjnym oraz wprowadzi\u0107 wyj\u0105tek dekretowy, kt\u00f3ry Warszawie pozwoli te wnioski zrealizowa\u0107\u201d \u2013 m\u00f3wi \u201eRz\u201d wiceminister rozwoju Tomasz Lewandowski. (PAP)<\/p>\n<p>ksi\/ zm\/<\/p>\n","protected":false},"excerpt":{"rendered":"2025-11-19 08:30 publikacja2025-11-19 08:30 Podziel si\u0119 Sp\u00f3\u0142dzielnie mieszkaniowe zyskaj\u0105 prawo do u\u017cytkowania wieczystego grunt\u00f3w, kt\u00f3rych status jest nieuregulowany&hellip;\n","protected":false},"author":2,"featured_media":108552,"comment_status":"","ping_status":"","sticky":false,"template":"","format":"standard","meta":{"footnotes":""},"categories":[12],"tags":[32,33,36,37,27,34,35,28,31,25,42,38,40,39,41,29,30,26],"class_list":{"0":"post-108551","1":"post","2":"type-post","3":"status-publish","4":"format-standard","5":"has-post-thumbnail","7":"category-polska","8":"tag-breaking-news","9":"tag-breakingnews","10":"tag-featured-news","11":"tag-featurednews","12":"tag-headlines","13":"tag-latest-news","14":"tag-latestnews","15":"tag-naglowki","16":"tag-najwazniejsze-artykuly","17":"tag-news","18":"tag-pl","19":"tag-poland","20":"tag-polish","21":"tag-polska","22":"tag-polski","23":"tag-top-stories","24":"tag-topstories","25":"tag-wiadomosci"},"share_on_mastodon":{"url":"https:\/\/pubeurope.com\/@pl\/115576147008079230","error":""},"_links":{"self":[{"href":"https:\/\/www.europesays.com\/pl\/wp-json\/wp\/v2\/posts\/108551","targetHints":{"allow":["GET"]}}],"collection":[{"href":"https:\/\/www.europesays.com\/pl\/wp-json\/wp\/v2\/posts"}],"about":[{"href":"https:\/\/www.europesays.com\/pl\/wp-json\/wp\/v2\/types\/post"}],"author":[{"embeddable":true,"href":"https:\/\/www.europesays.com\/pl\/wp-json\/wp\/v2\/users\/2"}],"replies":[{"embeddable":true,"href":"https:\/\/www.europesays.com\/pl\/wp-json\/wp\/v2\/comments?post=108551"}],"version-history":[{"count":0,"href":"https:\/\/www.europesays.com\/pl\/wp-json\/wp\/v2\/posts\/108551\/revisions"}],"wp:featuredmedia":[{"embeddable":true,"href":"https:\/\/www.europesays.com\/pl\/wp-json\/wp\/v2\/media\/108552"}],"wp:attachment":[{"href":"https:\/\/www.europesays.com\/pl\/wp-json\/wp\/v2\/media?parent=108551"}],"wp:term":[{"taxonomy":"category","embeddable":true,"href":"https:\/\/www.europesays.com\/pl\/wp-json\/wp\/v2\/categories?post=108551"},{"taxonomy":"post_tag","embeddable":true,"href":"https:\/\/www.europesays.com\/pl\/wp-json\/wp\/v2\/tags?post=108551"}],"curies":[{"name":"wp","href":"https:\/\/api.w.org\/{rel}","templated":true}]}}