{"id":108597,"date":"2025-11-19T11:58:09","date_gmt":"2025-11-19T11:58:09","guid":{"rendered":"https:\/\/www.europesays.com\/pl\/108597\/"},"modified":"2025-11-19T11:58:09","modified_gmt":"2025-11-19T11:58:09","slug":"awaria-w-pko-bp-nie-dziala-logowanie-do-aplikacji-aktualizacja-dobreprogramy","status":"publish","type":"post","link":"https:\/\/www.europesays.com\/pl\/108597\/","title":{"rendered":"Awaria w PKO BP. Nie dzia\u0142a logowanie do aplikacji (aktualizacja) &#8211; dobreprogramy"},"content":{"rendered":"<ol>\n<li><a href=\"https:\/\/news.google.com\/rss\/articles\/CBMiiAFBVV95cUxQXy1Gdk54NDZEdl9BUnp3bHppakowQ1AzSWRwMEFEelBHbW5GS0lVRC1LNG9UTTJEb3pJUHZGaGQ5d1BjLTFENUE3MWVLNFZzNjAycXU4eG92QTV3QlZSR2NKSW5scEhtLVJxNzNza0pUR0hjSTYtaHhON2xWdkw4SUJBYVVXWmJ3?oc=5\" target=\"_blank\" rel=\"nofollow noopener\">Awaria w PKO BP. Nie dzia\u0142a logowanie do aplikacji (aktualizacja)<\/a>&nbsp;&nbsp;dobreprogramy<\/li>\n<li><a href=\"https:\/\/news.google.com\/rss\/articles\/CBMiugFBVV95cUxQNlpUWG5GeXhLaHI0WVBjSjhVeUU5RVpoX3hZOE0yMW1kZXY4ZUE0YmdmVTN5SWN3OXo1ZWlFMXllSUw0UjFKc0hLQzVvWG5HZE1oNXVpYlVNM0hhbWxrR0FMN1NwUE5FSUxSQWJrQ0cydlA2cTFvY09wdmw4aGJzU3djTDhKNlRmQ3lZa2ZmTXg3RHAteG85WmZFalNfWGhzRDJRaEdVYTQ0UHdzUHV5WlYxbXlNSzc1TWc?oc=5\" target=\"_blank\" rel=\"nofollow noopener\">IKO nie dzia\u0142a. Awaria aplikacji najwi\u0119kszego polskiego banku<\/a>&nbsp;&nbsp;Geekweek Interia<\/li>\n<li><a href=\"https:\/\/news.google.com\/rss\/articles\/CBMitwFBVV95cUxPSm9PU191NWNMeUtNMk84WXUteHRpUmRQT1d6NjM1RF9VbXhFb0hwRmFlWjB6dVBmQmlLQ0ZoQlJSZ0szdy0xWFUybHVYYTlhR0c2WTE5LW5aV3A5Q0RTdFFaZGI4Nk9SMWh3cEUwYllJVlYwUnVkRURiV01VWlNKXzF4Y1psd3A1LTlUemFpVHBtYmhBMWM3TmhxZmdxcmlZMTc0OVZOWXAxWWxERmdqN3pabWdEV0k?oc=5\" target=\"_blank\" rel=\"nofollow noopener\">ING Bank \u015al\u0105ski apeluje do klient\u00f3w. &#8222;Najlepiej wyp\u0142aci\u0107 got\u00f3wk\u0119&#8221;<\/a>&nbsp;&nbsp;Telepolis.pl<\/li>\n<li><a href=\"https:\/\/news.google.com\/rss\/articles\/CBMiwAFBVV95cUxOVTJtV040a2RiU1FWd0ZpRGQyUFlKcVVIcHJSdEp6U0pST2ZIUEZfWTh4TnZBcjhZX29DdElqd0JpNHJjemVfRzFQS2wyenhKN3Q4S1ZNN3BkMVdkUzM5MlZhVXhrenFaU21xQ1ZRX3pWM1pvTnRRLXpZcm5FUXp4VkpZOGlmYjQ4Z0hwdE9aT2JiVFR0YmFxb05SeEJTLTZFYnJ6OUljUUVsUGhqVEZwQVN2cjk5YU16UG92Ylo4aUzSAb8BQVVfeXFMUGNnYUJ5VzNXSTBKRzVIbUs5aUpGVHhpX0Y1enYteHAwdUVVNUJOOS1sY2RIZ0RTbEtLVkVaa1IycWhzdWJRV0ZnaUd2TndrbXdoeTdISWZSZDkzWGo0cXdLUkMyVEtVbVV2bjRUNHJzQmlEYzhEOGlLM3pSU0pyVFRtSFlCVHlRSnExSURqYWRHTUFLbjNXM3lPWUF6UDQ2U1BRdzREODJKbDk4aURmalc1STZzUFdYalZ6ZmhxVDQ?oc=5\" target=\"_blank\" rel=\"nofollow noopener\">Bankomaty ING Banku \u015al\u0105skiego nie b\u0119d\u0105 dzia\u0142a\u0107. Wydano komunikat w tej sprawie<\/a>&nbsp;&nbsp;RMF FM<\/li>\n<li><a href=\"https:\/\/news.google.com\/rss\/articles\/CBMixAFBVV95cUxPOXdNZkdQNDFoci0wa0ZmbnJpSV9ubUxXaGJMVEc1R2xpNVN3VDM5cmZLaVhWMjU2eGtKVkdGXzJSSUZubDhCTXhEWGhyVDYtOEozdVh0eTRiaGpVNEpsMWJVRTlFRmVjZ2FMTTRYX2dYaXZBVkZVVU1KSWxjeDQzODQ4S2RmYnlhamphUUppSjRDOE1MYnVNU2VLUzdJQ1J5MC05MldWVUI2VGQyRlk0TkdJU1NZSmhrMHNhWFhEc20ybnN6?oc=5\" target=\"_blank\" rel=\"nofollow noopener\">\u201eTo nowa cena za bezpiecze\u0144stwo\u201d. Polskie banki szykuj\u0105 si\u0119 na wielkie zmiany!<\/a>&nbsp;&nbsp;Super Biznes<\/li>\n<\/ol>\n","protected":false},"excerpt":{"rendered":"Awaria w PKO BP. Nie dzia\u0142a logowanie do aplikacji (aktualizacja)&nbsp;&nbsp;dobreprogramy IKO nie dzia\u0142a. Awaria aplikacji najwi\u0119kszego polskiego banku&nbsp;&nbsp;Geekweek&hellip;\n","protected":false},"author":2,"featured_media":108598,"comment_status":"","ping_status":"","sticky":false,"template":"","format":"standard","meta":{"footnotes":""},"categories":[16],"tags":[113,112,42,38,40,39,41],"class_list":{"0":"post-108597","1":"post","2":"type-post","3":"status-publish","4":"format-standard","5":"has-post-thumbnail","7":"category-biznes","8":"tag-biznes","9":"tag-business","10":"tag-pl","11":"tag-poland","12":"tag-polish","13":"tag-polska","14":"tag-polski"},"share_on_mastodon":{"url":"https:\/\/pubeurope.com\/@pl\/115576249056127577","error":""},"_links":{"self":[{"href":"https:\/\/www.europesays.com\/pl\/wp-json\/wp\/v2\/posts\/108597","targetHints":{"allow":["GET"]}}],"collection":[{"href":"https:\/\/www.europesays.com\/pl\/wp-json\/wp\/v2\/posts"}],"about":[{"href":"https:\/\/www.europesays.com\/pl\/wp-json\/wp\/v2\/types\/post"}],"author":[{"embeddable":true,"href":"https:\/\/www.europesays.com\/pl\/wp-json\/wp\/v2\/users\/2"}],"replies":[{"embeddable":true,"href":"https:\/\/www.europesays.com\/pl\/wp-json\/wp\/v2\/comments?post=108597"}],"version-history":[{"count":0,"href":"https:\/\/www.europesays.com\/pl\/wp-json\/wp\/v2\/posts\/108597\/revisions"}],"wp:featuredmedia":[{"embeddable":true,"href":"https:\/\/www.europesays.com\/pl\/wp-json\/wp\/v2\/media\/108598"}],"wp:attachment":[{"href":"https:\/\/www.europesays.com\/pl\/wp-json\/wp\/v2\/media?parent=108597"}],"wp:term":[{"taxonomy":"category","embeddable":true,"href":"https:\/\/www.europesays.com\/pl\/wp-json\/wp\/v2\/categories?post=108597"},{"taxonomy":"post_tag","embeddable":true,"href":"https:\/\/www.europesays.com\/pl\/wp-json\/wp\/v2\/tags?post=108597"}],"curies":[{"name":"wp","href":"https:\/\/api.w.org\/{rel}","templated":true}]}}