{"id":108691,"date":"2025-11-19T13:07:07","date_gmt":"2025-11-19T13:07:07","guid":{"rendered":"https:\/\/www.europesays.com\/pl\/108691\/"},"modified":"2025-11-19T13:07:07","modified_gmt":"2025-11-19T13:07:07","slug":"terytorialsi-drony-lokomotywy-zwiadowcze-tory-pod-specjalna-ochrona","status":"publish","type":"post","link":"https:\/\/www.europesays.com\/pl\/108691\/","title":{"rendered":"Terytorialsi, drony, lokomotywy &#8222;zwiadowcze&#8221;. Tory pod specjaln\u0105 ochron\u0105"},"content":{"rendered":"<p>Wed\u0142ug ustale\u0144 money.pl g\u0142\u00f3wna sp\u00f3\u0142ka kolejowa PKP rozwa\u017ca r\u00f3\u017cne \u015brodki, maj\u0105ce zwi\u0119kszy\u0107 bezpiecze\u0144stwo szlak\u00f3w i\u00a0dworc\u00f3w. Jak s\u0142yszymy, w\u00a0gr\u0119 wchodz\u0105 co najmniej trzy rozwi\u0105zania. Po pierwsze, co ju\u017c si\u0119 dzieje, to wzmocnienie bezpiecze\u0144stwa dworc\u00f3w PKP. Na dworcach pojawia\u0142y si\u0119 patrole \u017co\u0142nierzy WOT.<\/p>\n<p>Ale kolejne pomys\u0142y maj\u0105 zwi\u0119kszy\u0107 bezpiecze\u0144stwo na torach. Chodzi np. o\u00a0uruchomienie patroli dronowych, kt\u00f3re b\u0119d\u0105 ogl\u0105da\u0142y szlaki przed przejazdem poci\u0105g\u00f3w. Docelowo ma by\u0107 mo\u017cliwe wykorzystanie sztucznej inteligencji i\u00a0dron\u00f3w do wyszukiwania uszkodze\u0144 na szlakach. To jednak b\u0119dzie wymaga\u0142o zakup\u00f3w i\u00a0by\u0107 mo\u017ce uruchomienia procedury przetargowej albo zakup\u00f3w z\u00a0wolnej r\u0119ki. Stworzenie takiego systemu mo\u017ce potrwa\u0107.<\/p>\n<p>Zanim system powstanie, ale tak\u017ce obok niego, mo\u017cliwe jest <a href=\"https:\/\/www.money.pl\/gospodarka\/nie-tylko-eksplozja-na-torach-pkp-plk-informuje-o-kolejnym-incydencie-7222824789048192a.html\" rel=\"noopener noreferrer nofollow\" target=\"_blank\">uruchomienie patroli lokomotyw<\/a>. Pomys\u0142 polega na tym, \u017ce przed porannym ruchem na g\u0142\u00f3wne szlaki b\u0119d\u0105 wyje\u017cd\u017ca\u0142y lokomotywy w\u00a0obsadzie dw\u00f3ch maszynist\u00f3w, kt\u00f3rych zadaniem b\u0119dzie wypatrywanie uszkodze\u0144 na szlakach. &#8211; Taka lokomotywa mo\u017ce jecha\u0107 80 km\/godz. i\u00a0maszyni\u015bci b\u0119d\u0105 mogli zareagowa\u0107 je\u015bli pojawi si\u0119 jaki\u015b problem &#8211;\u00a0podkre\u015bla nasz rozm\u00f3wca zwi\u0105zany ze sp\u00f3\u0142k\u0105.<\/p>\n<p>Dywersja na\u00a0kolei. &#8222;Wybuch by\u0142 bardzo pot\u0119\u017cny&#8221; <\/p>\n<p>Je\u015bli chodzi o\u00a0dzia\u0142ania ochronne, zapewne na pierwszy ogie\u0144 powinny p\u00f3j\u015b\u0107 szlaki na Ukrain\u0119.<\/p>\n<p>Przedstawiciele resort\u00f3w si\u0142owych sprawy nie chc\u0105 komentowa\u0107. Rzecznik ministra koordynatora s\u0142u\u017cb specjalnych Jacek Dobrzy\u0144ski poinformowa\u0142, \u017ce w\u00a0zwi\u0105zku z\u00a0aktami dywersji na trasie kolejowej Warszawa-Lublin (w miejscowo\u015bci Mika oraz pod Pu\u0142awami) &#8222;trwaj\u0105 intensywne czynno\u015bci operacyjno-rozpoznawcze i\u00a0dochodzeniowo-\u015bledcze, w\u00a0tym zatrzymania os\u00f3b oraz zabezpieczanie i\u00a0analiza dowod\u00f3w&#8221;. Nieoficjalnie ustalili\u015bmy, \u017ce zatrzymano cztery osoby, narodowo\u015bci ukrai\u0144skiej, zwerbowane przez rosyjskie s\u0142u\u017cby. &#8211;\u00a0Na tym zapewne si\u0119 nie sko\u0144czy &#8211;\u00a0s\u0142yszymy od rozm\u00f3wcy z\u00a0rz\u0105du.<\/p>\n<p>Ju\u017c wcze\u015bniej, po wybuchu wojny, polskim s\u0142u\u017cbom uda\u0142o si\u0119 rozbi\u0107 grup\u0119 agent\u00f3w dzia\u0142aj\u0105cych na rzecz Rosji, kt\u00f3rzy na szlakach na Ukrain\u0119 rozmieszczali urz\u0105dzenia pozwalaj\u0105ce na monitorowanie ruchu. <\/p>\n<p>PKP S.A. s\u0105 sp\u00f3\u0142k\u0105 dominuj\u0105c\u0105 w\u00a0Grupie PKP, kt\u00f3ra od 2022 roku funkcjonuje na zasadach holdingu. PKP zarz\u0105dza dworcami, ale w\u00a0grupie jest tak\u017ce wiele innych, jak PKP CARGO S.A., PKP Intercity S.A. Osobna jest PLK, w\u00a0akcjonariacie, kt\u00f3rej PKP ma udzia\u0142y, ale zgodnie z\u00a0unijnymi regu\u0142ami jest ona oddzielnym tworem.<\/p>\n<p>Grzegorz Osiecki i\u00a0Tomasz \u017b\u00f3\u0142ciak, dziennikarze money.pl<\/p>\n","protected":false},"excerpt":{"rendered":"Wed\u0142ug ustale\u0144 money.pl g\u0142\u00f3wna sp\u00f3\u0142ka kolejowa PKP rozwa\u017ca r\u00f3\u017cne \u015brodki, maj\u0105ce zwi\u0119kszy\u0107 bezpiecze\u0144stwo szlak\u00f3w i\u00a0dworc\u00f3w. Jak s\u0142yszymy, w\u00a0gr\u0119&hellip;\n","protected":false},"author":2,"featured_media":108692,"comment_status":"","ping_status":"","sticky":false,"template":"","format":"standard","meta":{"footnotes":""},"categories":[5],"tags":[32,33,36,37,27,34,35,28,31,25,42,38,40,39,41,29,30,26],"class_list":{"0":"post-108691","1":"post","2":"type-post","3":"status-publish","4":"format-standard","5":"has-post-thumbnail","7":"category-naglowki","8":"tag-breaking-news","9":"tag-breakingnews","10":"tag-featured-news","11":"tag-featurednews","12":"tag-headlines","13":"tag-latest-news","14":"tag-latestnews","15":"tag-naglowki","16":"tag-najwazniejsze-artykuly","17":"tag-news","18":"tag-pl","19":"tag-poland","20":"tag-polish","21":"tag-polska","22":"tag-polski","23":"tag-top-stories","24":"tag-topstories","25":"tag-wiadomosci"},"share_on_mastodon":{"url":"https:\/\/pubeurope.com\/@pl\/115576520329627771","error":""},"_links":{"self":[{"href":"https:\/\/www.europesays.com\/pl\/wp-json\/wp\/v2\/posts\/108691","targetHints":{"allow":["GET"]}}],"collection":[{"href":"https:\/\/www.europesays.com\/pl\/wp-json\/wp\/v2\/posts"}],"about":[{"href":"https:\/\/www.europesays.com\/pl\/wp-json\/wp\/v2\/types\/post"}],"author":[{"embeddable":true,"href":"https:\/\/www.europesays.com\/pl\/wp-json\/wp\/v2\/users\/2"}],"replies":[{"embeddable":true,"href":"https:\/\/www.europesays.com\/pl\/wp-json\/wp\/v2\/comments?post=108691"}],"version-history":[{"count":0,"href":"https:\/\/www.europesays.com\/pl\/wp-json\/wp\/v2\/posts\/108691\/revisions"}],"wp:featuredmedia":[{"embeddable":true,"href":"https:\/\/www.europesays.com\/pl\/wp-json\/wp\/v2\/media\/108692"}],"wp:attachment":[{"href":"https:\/\/www.europesays.com\/pl\/wp-json\/wp\/v2\/media?parent=108691"}],"wp:term":[{"taxonomy":"category","embeddable":true,"href":"https:\/\/www.europesays.com\/pl\/wp-json\/wp\/v2\/categories?post=108691"},{"taxonomy":"post_tag","embeddable":true,"href":"https:\/\/www.europesays.com\/pl\/wp-json\/wp\/v2\/tags?post=108691"}],"curies":[{"name":"wp","href":"https:\/\/api.w.org\/{rel}","templated":true}]}}