{"id":108721,"date":"2025-11-19T13:28:07","date_gmt":"2025-11-19T13:28:07","guid":{"rendered":"https:\/\/www.europesays.com\/pl\/108721\/"},"modified":"2025-11-19T13:28:07","modified_gmt":"2025-11-19T13:28:07","slug":"premier-o-aktach-dywersji-przed-chwila-rozmawialem-z-prezydentem-zelenskim-relacja-na-zywo-onet-wiadomosci","status":"publish","type":"post","link":"https:\/\/www.europesays.com\/pl\/108721\/","title":{"rendered":"Premier o aktach dywersji. &quot;Przed chwil\u0105 rozmawia\u0142em z prezydentem Ze\u0142enskim&quot; [RELACJA NA \u017bYWO] &#8211; Onet Wiadomo\u015bci"},"content":{"rendered":"<ol>\n<li><a href=\"https:\/\/news.google.com\/rss\/articles\/CBMiwwFBVV95cUxNLVM0ekw1ZUE5RFdEV1ZfNFBjM3ZXLVpleUdtZk13TURHRm1UN254SzYyNVlnTGR5UG1BS0I4blpjal9IdlllMjZ3WThRWmJFZGVVNHdtRUpaQ29RYVJwbmk0X2FhNy1hVWRHcmlVZkpXdjZLc2paam1LVEQ4d3E2WExNTnpnemVua19oNjFESWYzZzR2aXBLamtGZlZCYlhkM2dVSVdxZzRJcnBQUE9YdDNjSUduaG84M2x1V2IyM1ZLcTg?oc=5\" target=\"_blank\" rel=\"nofollow noopener\">Premier o aktach dywersji. &#8222;Przed chwil\u0105 rozmawia\u0142em z prezydentem Ze\u0142enskim&#8221; [RELACJA NA \u017bYWO]<\/a>&nbsp;&nbsp;Onet Wiadomo\u015bci<\/li>\n<li><a href=\"https:\/\/news.google.com\/rss\/articles\/CBMi4wFBVV95cUxOZExkN1NicWZZazkwcEJHejVjcGlPRklZV3h6a1oyelhuQmtkTGpxd2Z0eVJTTEU5SjVwNkF6eFVtRXF5Y1VGbm9vNkNMcUJfZWVPaWtWelFYTXBfNlFWWEJfRHdlcjM0U3pZVkFrS2dKOTdTd28ySTV2a05oZHB5a044akZqV091RzZRdUozWC1rTC1CQjFXLVV0dDdqTFloNWxMR2pqaW9GbEF1aTFmNkFueW9KVWw4SHVIbVJlWVc5Tm9MREx2MlNfMXFTYmN5cHFlZmNWZER0eTN6eEVNVFAtZw?oc=5\" target=\"_blank\" rel=\"nofollow noopener\">Premier: Polska i Ukraina b\u0119d\u0105 wsp\u00f3\u0142pracowa\u0107 dla przeciwdzia\u0142ania aktom dywersji<\/a>&nbsp;&nbsp;Portal Samorz\u0105dowy<\/li>\n<li><a href=\"https:\/\/news.google.com\/rss\/articles\/CBMingFBVV95cUxPZThQWTFfQldaREJLZXFFcDhkb0w5WmhSNmk5SkdsOHNNRTF3eWRPNWVYck9OMXItSDFTSmhuVnQxOVBYZlNqOUVZd0tGeW00SXFRa2JnOG10ejY5dnVNa0RvbzdWejlnTXprV3diRDU5NVJFMHV4bEt5dnFDbk1DUTZnQS1qQXFRdi1pQVhJanBTS2psNVVpWnRtSEE1QQ?oc=5\" target=\"_blank\" rel=\"nofollow noopener\">Walka z dywersantami. Tusk liczy na wsp\u00f3\u0142prac\u0119 z Ukrain\u0105<\/a>&nbsp;&nbsp;Polskie Radio 24<\/li>\n<li><a href=\"https:\/\/news.google.com\/rss\/articles\/CBMiwgFBVV95cUxQUnQyQkFwODY3OGMwbkRDaDJEZThtZ3dOOEVzS3U0aUdKYXpra1VPTFVfR2U2YkwtRVQwLWFkcVBnU1BpbURGZWpPblZCcnpHQnBrREhzR0RpSWFPSVVyZGxFY19pWlB4d0l0V2tsSGZRSXVVeEFQalV5cTR5NlJ1bnBLaUtRTFVEeVJJOUVkNzZKU1B1WVZ4clN1c1dLREkxZlBSNUJNNHNKbjlpYjhhejJtSlgtbW5CNVZGWUIwSDFQUQ?oc=5\" target=\"_blank\" rel=\"nofollow noopener\">&#8222;Powo\u0142amy ukrai\u0144sko-polsk\u0105 grup\u0119&#8221;. Deklaracja Ze\u0142enskiego po rozmowie z Tuskiem<\/a>&nbsp;&nbsp;PolsatNews.pl<\/li>\n<li><a href=\"https:\/\/news.google.com\/rss\/articles\/CBMilAFBVV95cUxQZ3h3UHZWMmhxaW5iMTJ3UEtuMW9Ha3BlWUJEYlhHLWxfdDhueV80VDJzeHB2S1IxLWxRVjBHcTAwR2FzR1VpZXhBQ2FPcXBuRTlzck9CSEZLU0w3SjlCaEZEN2h1U2pMcWxNYkZlVGF1LWNhTzZlNFVZV0FLdUhOU29vWTRjMHNsN0FyOVRvOHhfYTY40gGQAUFVX3lxTE9KSzRtU2RZZDlyLWZGS2g3bnFsMHdsRU5QejNzUTZ5Rm9wbXczcHRkT1VmV0FOd0huRE9JM0p2OE5tYldzWjc4dFFRZ0lvLXJ3cExyLTBHbnV5N0hCQ01kSDE0b0ZuZmxiMjk3bkpIV1YtM1FKb1JobEpGYWJGckhwMWg2WFNxdDFJblZsdEwweg?oc=5\" target=\"_blank\" rel=\"nofollow noopener\">Sprawa sabota\u017cu. Tusk zapowiada wsp\u00f3\u0142prac\u0119 z Ukrain\u0105<\/a>&nbsp;&nbsp;Do Rzeczy<\/li>\n<\/ol>\n","protected":false},"excerpt":{"rendered":"Premier o aktach dywersji. &#8222;Przed chwil\u0105 rozmawia\u0142em z prezydentem Ze\u0142enskim&#8221; [RELACJA NA \u017bYWO]&nbsp;&nbsp;Onet Wiadomo\u015bci Premier: Polska i Ukraina&hellip;\n","protected":false},"author":2,"featured_media":108722,"comment_status":"","ping_status":"","sticky":false,"template":"","format":"standard","meta":{"footnotes":""},"categories":[5],"tags":[32,33,212,36,37,27,49,34,35,1162,28,31,48,25,46,42,38,40,6571,39,41,1118,380,47,423,29,30,26],"class_list":{"0":"post-108721","1":"post","2":"type-post","3":"status-publish","4":"format-standard","5":"has-post-thumbnail","7":"category-naglowki","8":"tag-breaking-news","9":"tag-breakingnews","10":"tag-donald_tusk","11":"tag-featured-news","12":"tag-featurednews","13":"tag-headlines","14":"tag-kraj","15":"tag-latest-news","16":"tag-latestnews","17":"tag-msz","18":"tag-naglowki","19":"tag-najwazniejsze-artykuly","20":"tag-nat_styl","21":"tag-news","22":"tag-omp","23":"tag-pl","24":"tag-poland","25":"tag-polish","26":"tag-polityka_politycy","27":"tag-polska","28":"tag-polski","29":"tag-radoslaw_sikorski","30":"tag-rzad","31":"tag-screening_general","32":"tag-sejm","33":"tag-top-stories","34":"tag-topstories","35":"tag-wiadomosci"},"share_on_mastodon":{"url":"https:\/\/pubeurope.com\/@pl\/115576602987273875","error":""},"_links":{"self":[{"href":"https:\/\/www.europesays.com\/pl\/wp-json\/wp\/v2\/posts\/108721","targetHints":{"allow":["GET"]}}],"collection":[{"href":"https:\/\/www.europesays.com\/pl\/wp-json\/wp\/v2\/posts"}],"about":[{"href":"https:\/\/www.europesays.com\/pl\/wp-json\/wp\/v2\/types\/post"}],"author":[{"embeddable":true,"href":"https:\/\/www.europesays.com\/pl\/wp-json\/wp\/v2\/users\/2"}],"replies":[{"embeddable":true,"href":"https:\/\/www.europesays.com\/pl\/wp-json\/wp\/v2\/comments?post=108721"}],"version-history":[{"count":0,"href":"https:\/\/www.europesays.com\/pl\/wp-json\/wp\/v2\/posts\/108721\/revisions"}],"wp:featuredmedia":[{"embeddable":true,"href":"https:\/\/www.europesays.com\/pl\/wp-json\/wp\/v2\/media\/108722"}],"wp:attachment":[{"href":"https:\/\/www.europesays.com\/pl\/wp-json\/wp\/v2\/media?parent=108721"}],"wp:term":[{"taxonomy":"category","embeddable":true,"href":"https:\/\/www.europesays.com\/pl\/wp-json\/wp\/v2\/categories?post=108721"},{"taxonomy":"post_tag","embeddable":true,"href":"https:\/\/www.europesays.com\/pl\/wp-json\/wp\/v2\/tags?post=108721"}],"curies":[{"name":"wp","href":"https:\/\/api.w.org\/{rel}","templated":true}]}}