{"id":108814,"date":"2025-11-19T14:29:11","date_gmt":"2025-11-19T14:29:11","guid":{"rendered":"https:\/\/www.europesays.com\/pl\/108814\/"},"modified":"2025-11-19T14:29:11","modified_gmt":"2025-11-19T14:29:11","slug":"atak-na-elektrocieplownie-zajete-przez-rosjan-precyzyjne-uderzenie","status":"publish","type":"post","link":"https:\/\/www.europesays.com\/pl\/108814\/","title":{"rendered":"Atak na elektrociep\u0142ownie zaj\u0119te przez Rosjan. Precyzyjne uderzenie"},"content":{"rendered":"<p class=\"ods-c-paragraph \">Ukrai\u0144scy operatorzy dron\u00f3w z 14. Pu\u0142ku Bezza\u0142ogowych System\u00f3w Powietrznych (obecnie 1. Centrum Si\u0142 System\u00f3w Bezza\u0142ogowych) poinformowali 18 listopada o dw\u00f3ch atakach dronowych w obwodzie donieckim cz\u0119\u015bciowo zaj\u0119tym przez Rosjan. Celem by\u0142y dwie elektrociep\u0142ownie, a uderzenia z u\u017cyciem aparat\u00f3w FP-2 potwierdzono materia\u0142em wideo.<\/p>\n<p class=\"ods-c-paragraph \">Z informacji przekazanych przez ukrai\u0144skie dow\u00f3dztwo wynika, \u017ce obiekty w miastach Starobeszewie i Zuhres s\u0105 kluczowe dla rosyjskich wojsk okupacyjnych w obwodzie donieckim. &#8222;Obiekty te zosta\u0142y wykorzystane przez si\u0142y rosyjskie do wsparcia logistyki, \u0142\u0105czno\u015bci i szerszych operacji wojskowych w ca\u0142ym regionie&#8221; \u2013 podano w komunikacie ukrai\u0144skiej armii, podkre\u015blaj\u0105c zasadno\u015b\u0107 ataku.<\/p>\n<p class=\"ods-c-paragraph \">Na pocz\u0105tku listopada ukrai\u0144skie wojska dronowe z tej samej formacji przeprowadzi\u0142y <a href=\"https:\/\/www.komputerswiat.pl\/aktualnosci\/militaria\/okupowany-przez-rosjan-obwod-luganski-bez-pradu-atak-ukrainy\/1tset7w\" id=\"49abb66b-19b0-4264-98d7-879bee2e0b5f\" rel=\"nofollow noopener\" target=\"_blank\">udane ataki na kilka podstacji zasilania w okupowanym obwodzie \u0142uga\u0144skim<\/a>, znacz\u0105co utrudniaj\u0105c dzia\u0142ania rosyjskiej armii w regionie.<\/p>\n<p> Dron FP-2. Ko\u0144 poci\u0105gowy ukrai\u0144skich wojsk bezza\u0142ogowych<\/p>\n<p class=\"ods-c-paragraph \">Dron FP-2 to \u015bredniej klasy dron uderzeniowy stworzony przez ukrai\u0144sk\u0105 firm\u0119 Fire Point, zaprojektowany do dzia\u0142a\u0144 na linii frontu. Jego kluczow\u0105 cech\u0105 jest zdolno\u015b\u0107 przenoszenia \u0142adunku wybuchowego o masie 105 kg co czyni go efektywnym narz\u0119dziem w zaawansowanych operacjach wojskowych.<\/p>\n<p>Dalszy ci\u0105g artyku\u0142u pod materia\u0142em wideo<\/p>\n<p> Jakie obiekty by\u0142y celem atak\u00f3w ukrai\u0144skich dron\u00f3w? <\/p>\n<p> Kto przeprowadza\u0142 ataki na elektrociep\u0142ownie? <\/p>\n<p> Jak\u0105 \u0142adowno\u015b\u0107 ma dron FP-2? <\/p>\n<p> Gdzie znajduj\u0105 si\u0119 elektrociep\u0142ownie, kt\u00f3re zosta\u0142y zaatakowane? <\/p>\n<p class=\"ods-c-paragraph \">Model ten jest przeznaczony do niszczenia cel\u00f3w na \u015brednim dystansie, co podkre\u015bla jego specjalistyczne zastosowanie w taktyce wojskowej. Specyfikacja techniczna FP-2 koncentruje si\u0119 na wytrzyma\u0142o\u015bci oraz precyzji uderzenia, cho\u0107 nie ujawniono szczeg\u00f3\u0142owych danych o parametrach lotu czy zasi\u0119gu w \u017ar\u00f3d\u0142ach publicznych.\u200b<\/p>\n<p class=\"ods-c-paragraph \">FP-2 wyr\u00f3\u017cnia si\u0119 w zestawieniu dzi\u0119ki du\u017cej \u0142adowno\u015bci w por\u00f3wnaniu do klasycznych dron\u00f3w obserwacyjnych i rekonesansowych, co daje mu przewag\u0119 jako narz\u0119dzia ofensywnego. Mimo ograniczonej dost\u0119pno\u015bci szczeg\u00f3\u0142\u00f3w technicznych wiadomo, \u017ce dron jest zoptymalizowany pod k\u0105tem precyzyjnego ataku na cele liniowe, co wskazuje tak\u017ce na zaawansowane systemy nawigacyjne i steruj\u0105ce, kt\u00f3re musz\u0105 wspiera\u0107 tak\u0105 funkcjonalno\u015b\u0107.<\/p>\n","protected":false},"excerpt":{"rendered":"Ukrai\u0144scy operatorzy dron\u00f3w z 14. Pu\u0142ku Bezza\u0142ogowych System\u00f3w Powietrznych (obecnie 1. Centrum Si\u0142 System\u00f3w Bezza\u0142ogowych) poinformowali 18 listopada&hellip;\n","protected":false},"author":2,"featured_media":108815,"comment_status":"","ping_status":"","sticky":false,"template":"","format":"standard","meta":{"footnotes":""},"categories":[14],"tags":[210,32,33,144,27,76,34,35,6001,28,31,48,25,1702,46,40,41,47,80,29,30,26,82,83,84],"class_list":{"0":"post-108814","1":"post","2":"type-post","3":"status-publish","4":"format-standard","5":"has-post-thumbnail","7":"category-swiat","8":"tag-aktualnosci","9":"tag-breaking-news","10":"tag-breakingnews","11":"tag-drony","12":"tag-headlines","13":"tag-inwazja_rosji_na_ukraine","14":"tag-latest-news","15":"tag-latestnews","16":"tag-militaria","17":"tag-naglowki","18":"tag-najwazniejsze-artykuly","19":"tag-nat_styl","20":"tag-news","21":"tag-obwod_doniecki","22":"tag-omp","23":"tag-polish","24":"tag-polski","25":"tag-screening_general","26":"tag-swiat","27":"tag-top-stories","28":"tag-topstories","29":"tag-wiadomosci","30":"tag-world","31":"tag-world-news","32":"tag-worldnews"},"share_on_mastodon":{"url":"https:\/\/pubeurope.com\/@pl\/115576843080307932","error":""},"_links":{"self":[{"href":"https:\/\/www.europesays.com\/pl\/wp-json\/wp\/v2\/posts\/108814","targetHints":{"allow":["GET"]}}],"collection":[{"href":"https:\/\/www.europesays.com\/pl\/wp-json\/wp\/v2\/posts"}],"about":[{"href":"https:\/\/www.europesays.com\/pl\/wp-json\/wp\/v2\/types\/post"}],"author":[{"embeddable":true,"href":"https:\/\/www.europesays.com\/pl\/wp-json\/wp\/v2\/users\/2"}],"replies":[{"embeddable":true,"href":"https:\/\/www.europesays.com\/pl\/wp-json\/wp\/v2\/comments?post=108814"}],"version-history":[{"count":0,"href":"https:\/\/www.europesays.com\/pl\/wp-json\/wp\/v2\/posts\/108814\/revisions"}],"wp:featuredmedia":[{"embeddable":true,"href":"https:\/\/www.europesays.com\/pl\/wp-json\/wp\/v2\/media\/108815"}],"wp:attachment":[{"href":"https:\/\/www.europesays.com\/pl\/wp-json\/wp\/v2\/media?parent=108814"}],"wp:term":[{"taxonomy":"category","embeddable":true,"href":"https:\/\/www.europesays.com\/pl\/wp-json\/wp\/v2\/categories?post=108814"},{"taxonomy":"post_tag","embeddable":true,"href":"https:\/\/www.europesays.com\/pl\/wp-json\/wp\/v2\/tags?post=108814"}],"curies":[{"name":"wp","href":"https:\/\/api.w.org\/{rel}","templated":true}]}}