{"id":108828,"date":"2025-11-19T14:37:12","date_gmt":"2025-11-19T14:37:12","guid":{"rendered":"https:\/\/www.europesays.com\/pl\/108828\/"},"modified":"2025-11-19T14:37:12","modified_gmt":"2025-11-19T14:37:12","slug":"radoslaw-sikorski-zdecydowalem-o-zamknieciu-rosyjskiego-konsulatu-w-gdansku","status":"publish","type":"post","link":"https:\/\/www.europesays.com\/pl\/108828\/","title":{"rendered":"Rados\u0142aw Sikorski: Zdecydowa\u0142em o zamkni\u0119ciu rosyjskiego konsulatu w Gda\u0144sku"},"content":{"rendered":"<p>Rados\u0142aw Sikorski przekaza\u0142, \u017ce po tym, jak wycofa\u0142 zgod\u0119 na funkcjonowanie rosyjskiego konsulatu w Krakowie, zapowiedzia\u0142, \u017ce je\u015bli Rosja nie zrezygnuje z dzia\u0142a\u0144 sabota\u017cowych, b\u0119d\u0105 kolejne decyzje.<\/p>\n<p>Rosyjski konsulat w Gda\u0144sku zostanie zamkni\u0119ty. &#8222;Decyzja o wycofaniu zgody&#8221;<\/p>\n<p>&#8211; Zapowiedzia\u0142em wtedy, \u017ce b\u0119d\u0105 kolejne decyzje, je\u015bli Rosja nie odst\u0105pi od atak\u00f3w dywersyjnych na Polsk\u0119. Rosja nie tylko nie odst\u0105pi\u0142a, ale te ataki eskaluje. Jak powiedzia\u0142em w swoim przem\u00f3wieniu: wtedy, gdy intencj\u0105 akcji szpiegostwo-dywersyjnej s\u0105 ofiary w ludziach, nie mamy do czynienia z dywersj\u0105, a wr\u0119cz z terrorem pa\u0144stwowym &#8211; powiedzia\u0142 szef MSZ na konferencji w Sejmie.<\/p>\n<p>\u00a0<\/p>\n<p>&#8211; Podj\u0105\u0142em decyzj\u0119 o wycofaniu zgody na funkcjonowanie ostatniego rosyjskiego konsulatu w Gda\u0144sku, co b\u0119dzie w ci\u0105gu nast\u0119pnych godzin zakomunikowane stronie rosyjskiej oficjaln\u0105 not\u0105 &#8211; doda\u0142. Podkre\u015bli\u0142, \u017ce nie jest to jeszcze pe\u0142na odpowied\u017a na niedawne akty dywersji i wrogie dzia\u0142ania tego kraju.<\/p>\n<p>\u00a0<\/p>\n<p>ZOBACZ: <a href=\"https:\/\/www.polsatnews.pl\/wiadomosc\/2025-11-19\/radoslaw-sikorski-byl-to-akt-nie-tylko-dywersji-ale-akt-terroru-panstwowego\/\" target=\"_blank\" rel=\"noopener noreferrer nofollow\">Rados\u0142aw Sikorski: By\u0142 to akt nie tylko dywersji, ale akt terroru pa\u0144stwowego<\/a><\/p>\n<p>\u00a0<\/p>\n<p>&#8222;Zgodnie z zapowiedzi\u0105 ministra spraw zagranicznych Rados\u0142awa Sikorskiego MSZ przekaza\u0142o not\u0119 o cofni\u0119ciu zgody na funkcjonowanie w RP Konsulatu Rosji w Gda\u0144sku &#8211; ostatniego na terytorium Polski. Oznacza to te\u017c konieczno\u015b\u0107 opuszczenia naszego kraju przez ca\u0142y jego personel&#8221; &#8211; napisa\u0142 p\u00f3\u017aniej na platformie X rzecznik resortu Maciej Wewi\u00f3r.<\/p>\n<p>\u00a0<\/p>\n<p>Doda\u0142, \u017ce podczas spotkania przekazano r\u00f3wnie\u017c &#8222;stanowczy protest wobec <a href=\"https:\/\/www.polsatnews.pl\/wiadomosc\/2025-11-19\/zdemontowano-tablice-na-polskim-cmentarzu-w-katyniu-jest-ruch-msz\/\" target=\"_blank\" rel=\"noopener noreferrer nofollow\">usuni\u0119cia przez stron\u0119 rosyjsk\u0105 p\u0142askorze\u017ab z cmentarza w Katyniu<\/a> &#8211; miejsca pami\u0119ci o tragicznych wydarzeniach w 1940 roku&#8221;.<\/p>\n<p>Zamkni\u0119cie ostatniego rosyjskiego konsulatu w Polsce<\/p>\n<p>Podczas wcze\u015bniejszego wyst\u0105pienia na posiedzeniu Sejmu Sikorski stwierdzi\u0142, \u017ce zdarzenia na kolei by\u0142y powa\u017cniejsze, ni\u017c te, do\u00a0 kt\u00f3rych dochodzi\u0142o wcze\u015bniej: &#8211; Tym razem by\u0142 to akt nie tylko dywersji jak poprzednio, lecz akt terroru pa\u0144stwowego, gdy\u017c jasn\u0105 intencj\u0105 by\u0142o spowodowanie ofiar w ludziach. Spotka si\u0119 to z nasz\u0105 odpowiedzi\u0105, nie tylko dyplomatyczn\u0105, o czym b\u0119dziemy informowa\u0107 w najbli\u017cszych dniach.<\/p>\n<p>\u00a0<\/p>\n<p>Plac\u00f3wka w Gda\u0144sku jest ostatnim rosyjskim konsulatem dzia\u0142aj\u0105cym w Polsce.<\/p>\n<p>\u00a0<\/p>\n<p>Wcze\u015bniejsze wspomniane przez Rados\u0142awa Sikorskiego wycofanie dzia\u0142alno\u015bci konsulatu Federacji Rosyjskiej w Krakowie mia\u0142o miejsce po tym, jak ujawniono udzia\u0142 rosyjskich s\u0142u\u017cb w podpaleniu centrum handlowego przy ul. Marywilskiej w Warszawie.<\/p>\n<p>\u00a0<\/p>\n<p>Przedtem po podpaleniu fabryki farb we Wroc\u0142awiu zosta\u0142 zamkni\u0119ty konsulat w Poznaniu.<\/p>\n<p>\u00a0<\/p>\n<p>ZOBACZ: <a href=\"https:\/\/www.polsatnews.pl\/wiadomosc\/2025-11-19\/polska-wprowadza-stopien-alarmowy-charlie-obowiazki-takze-dla-obywateli\/\" target=\"_blank\" rel=\"noopener noreferrer nofollow\">Polska wprowadza stopie\u0144 alarmowy CHARLIE. Obowi\u0105zki tak\u017ce dla obywateli<\/a><\/p>\n<p>\u00a0<\/p>\n<p>Sikorski zosta\u0142 zapytany podczas konferencji prasowej w Sejmie, jak d\u0142ugo Polska b\u0119dzie tolerowa\u0142a dzia\u0142alno\u015b\u0107 rosyjskiej ambasady w Warszawie i czy zamkni\u0119cie konsulatu w Gda\u0144sku b\u0119dzie jedyn\u0105 reakcj\u0105 dyplomatyczn\u0105.<\/p>\n<p>\u00a0<\/p>\n<p>&#8211; Nie planujemy zerwania stosunk\u00f3w dyplomatycznych (z Rosj\u0105), tak jak nie zrywaj\u0105 ich inne kraje, na kt\u00f3rych terytorium mia\u0142y akty dywersji, czy terroryzmu &#8211; powiedzia\u0142 wicepremier. &#8211; B\u0119d\u0119 w tej sprawie rozmawia\u0142 osobi\u015bcie jeszcze dzi\u015b wieczorem z sekretarzem generalnym NATO, a jutro zbriefuj\u0119 Rad\u0119 ds. Zagranicznych UE &#8211; doda\u0142.<\/p>\n<p>\u00a0<\/p>\n<p>Widzia\u0142e\u015b co\u015b wa\u017cnego? Przy\u015blij zdj\u0119cie, film lub napisz, co si\u0119 sta\u0142o. Skorzystaj z naszej <a href=\"https:\/\/www.polsatnews.pl\/platforma-widzow\/\" target=\"_blank\" rel=\"noopener noreferrer nofollow\">Wrzutni<\/a><\/p>\n<p>                <img decoding=\"async\" src=\"https:\/\/www.europesays.com\/pl\/wp-content\/uploads\/2025\/11\/o31own4bow5q67hgp5xt5tik7atuzx3y.jpg\" alt=\"\" itemprop=\"contentUrl\" style=\"position:absolute; width: 100%; max-height: 100%;\"\/><video controls=\"\" controlslist=\"nodownload\" poster=\"https:\/\/www.europesays.com\/pl\/wp-content\/uploads\/2025\/11\/o31own4bow5q67hgp5xt5tik7atuzx3y.jpg\" class=\"videoPlayer player6854848 news__video\" data-id=\"6854848\">Twoja przegl\u0105darka nie wspiera odtwarzacza wideo&#8230;<\/video><\/p>\n<p>                <a class=\"news__read-more-button\" href=\"https:\/\/www.polsatnews.pl\/\" rel=\"nofollow noopener\" target=\"_blank\">Czytaj wi\u0119cej<\/a><\/p>\n","protected":false},"excerpt":{"rendered":"Rados\u0142aw Sikorski przekaza\u0142, \u017ce po tym, jak wycofa\u0142 zgod\u0119 na funkcjonowanie rosyjskiego konsulatu w Krakowie, zapowiedzia\u0142, \u017ce je\u015bli&hellip;\n","protected":false},"author":2,"featured_media":108829,"comment_status":"","ping_status":"","sticky":false,"template":"","format":"standard","meta":{"footnotes":""},"categories":[12],"tags":[32,33,36,37,27,34,35,28,31,25,42,38,40,39,41,29,30,26],"class_list":{"0":"post-108828","1":"post","2":"type-post","3":"status-publish","4":"format-standard","5":"has-post-thumbnail","7":"category-polska","8":"tag-breaking-news","9":"tag-breakingnews","10":"tag-featured-news","11":"tag-featurednews","12":"tag-headlines","13":"tag-latest-news","14":"tag-latestnews","15":"tag-naglowki","16":"tag-najwazniejsze-artykuly","17":"tag-news","18":"tag-pl","19":"tag-poland","20":"tag-polish","21":"tag-polska","22":"tag-polski","23":"tag-top-stories","24":"tag-topstories","25":"tag-wiadomosci"},"share_on_mastodon":{"url":"https:\/\/pubeurope.com\/@pl\/115576874462024432","error":""},"_links":{"self":[{"href":"https:\/\/www.europesays.com\/pl\/wp-json\/wp\/v2\/posts\/108828","targetHints":{"allow":["GET"]}}],"collection":[{"href":"https:\/\/www.europesays.com\/pl\/wp-json\/wp\/v2\/posts"}],"about":[{"href":"https:\/\/www.europesays.com\/pl\/wp-json\/wp\/v2\/types\/post"}],"author":[{"embeddable":true,"href":"https:\/\/www.europesays.com\/pl\/wp-json\/wp\/v2\/users\/2"}],"replies":[{"embeddable":true,"href":"https:\/\/www.europesays.com\/pl\/wp-json\/wp\/v2\/comments?post=108828"}],"version-history":[{"count":0,"href":"https:\/\/www.europesays.com\/pl\/wp-json\/wp\/v2\/posts\/108828\/revisions"}],"wp:featuredmedia":[{"embeddable":true,"href":"https:\/\/www.europesays.com\/pl\/wp-json\/wp\/v2\/media\/108829"}],"wp:attachment":[{"href":"https:\/\/www.europesays.com\/pl\/wp-json\/wp\/v2\/media?parent=108828"}],"wp:term":[{"taxonomy":"category","embeddable":true,"href":"https:\/\/www.europesays.com\/pl\/wp-json\/wp\/v2\/categories?post=108828"},{"taxonomy":"post_tag","embeddable":true,"href":"https:\/\/www.europesays.com\/pl\/wp-json\/wp\/v2\/tags?post=108828"}],"curies":[{"name":"wp","href":"https:\/\/api.w.org\/{rel}","templated":true}]}}