{"id":108834,"date":"2025-11-19T14:40:10","date_gmt":"2025-11-19T14:40:10","guid":{"rendered":"https:\/\/www.europesays.com\/pl\/108834\/"},"modified":"2025-11-19T14:40:10","modified_gmt":"2025-11-19T14:40:10","slug":"dorota-szelagowska-zaskoczyla-kube-wojewodzkiego-z-jednym-mezem-wziela-dwa-rozwody","status":"publish","type":"post","link":"https:\/\/www.europesays.com\/pl\/108834\/","title":{"rendered":"Dorota Szel\u0105gowska zaskoczy\u0142a Kub\u0119 Wojew\u00f3dzkiego. Z jednym m\u0119\u017cem wzi\u0119\u0142a &#8222;dwa rozwody&#8221;"},"content":{"rendered":"<p class=\"Paragraph_desktopParagraph__U31Gm\"><a href=\"https:\/\/plejada.pl\/dorota-szelagowska\" id=\"af287855-774a-460e-9dbc-913b4b99c52d\" rel=\"nofollow noopener\" target=\"_blank\">Dorota Szel\u0105gowska<\/a>, znana z charyzmy i dystansu do siebie we wtorek, 19 listopada, pojawi\u0142a si\u0119 na kanapie u Kuby Wojew\u00f3dzkiego. W trakcie rozmowy go\u015bcini nie tylko podzieli\u0142a si\u0119 anegdotami z \u017cycia zawodowego i prywatnego, ale r\u00f3wnie\u017c przej\u0119\u0142a rol\u0119 gospodarza, zaskakuj\u0105c samego Wojew\u00f3dzkiego.<\/p>\n<ul class=\"OchatFollowUps_wrapper__1ry7X\">\n<li class=\"OchatFollowUps_item__Dhyly OchatFollowUps_itemDesktop__R6aBv\">Ile rozwod\u00f3w mia\u0142a Dorota Szel\u0105gowska?<\/li>\n<li class=\"OchatFollowUps_item__Dhyly OchatFollowUps_itemDesktop__R6aBv\">Jakie rodzaje \u015blub\u00f3w wzi\u0119\u0142a Szel\u0105gowska?<\/li>\n<li class=\"OchatFollowUps_item__Dhyly OchatFollowUps_itemDesktop__R6aBv\">Co m\u00f3wi\u0142a Szel\u0105gowska o swoim ma\u0142\u017ce\u0144stwie?<\/li>\n<li class=\"OchatFollowUps_item__Dhyly OchatFollowUps_itemDesktop__R6aBv\">Jak zareagowa\u0142 Kuba Wojew\u00f3dzki na te informacje?<\/li>\n<\/ul>\n<p>Dorota Szel\u0105gowska otworzy\u0142a si\u0119 na temat rozwodu. &#8222;Mog\u0119 zdementowa\u0107?&#8221; <\/p>\n<p class=\"Paragraph_desktopParagraph__U31Gm\">Projektantka wn\u0119trz w rozmowie z Wojew\u00f3dzkim ods\u0142oni\u0142a kulisy pracy w telewizji, wspomina\u0142a plany program\u00f3w oraz osobiste historie, kt\u00f3re z pewno\u015bci\u0105 zaskocz\u0105 widz\u00f3w. W mediach spo\u0142eczno\u015bciowych ju\u017c pojawi\u0142a si\u0119 zapowied\u017a programu, kt\u00f3ra wzbudzi\u0142a ogromne zainteresowanie w\u015br\u00f3d internaut\u00f3w.<\/p>\n<p class=\"Paragraph_desktopParagraph__U31Gm\">Dorota Szel\u0105gowska na nagraniu odnios\u0142a si\u0119 do swojego \u017cycia prywatnego, ujawniaj\u0105c szczeg\u00f3\u0142y dotycz\u0105ce ma\u0142\u017ce\u0144stwa i rozwod\u00f3w.<\/p>\n<blockquote>\n<p class=\"Paragraph_desktopParagraph__U31Gm\">Mog\u0119 zdementowa\u0107? (&#8230;) Bo na jednego m\u0119\u017ca mia\u0142am dwa rozwody. (&#8230;) I dwa \u015bluby wzi\u0119li\u015bmy (&#8230;) Jeden by\u0142 osobny cywilny, osobny ko\u015bcielny i co prawda to nie jest rozw\u00f3d ko\u015bcielny, a jednak stwierdzenie niewa\u017cno\u015bci ma\u0142\u017ce\u0144stwa, a mianowicie, \u017ce ono nigdy nie zosta\u0142o zawarte, zwane rozwodem ko\u015bcielnym<\/p>\n<\/blockquote>\n<p class=\"Paragraph_desktopParagraph__U31Gm\">\u2014 m\u00f3wi\u0142a Szel\u0105gowska.<\/p>\n<p class=\"Paragraph_desktopParagraph__U31Gm\"><a href=\"https:\/\/plejada.pl\/kuba-wojewodzki-dziennikarz-jakub-wojewodzki\" id=\"526e31ef-21c4-4a31-8864-387b9627f144\" rel=\"nofollow noopener\" target=\"_blank\">Kuba Wojew\u00f3dzki<\/a> nie kry\u0142 zaskoczenia i zada\u0142 pytanie, kt\u00f3re rozbawi\u0142o zar\u00f3wno go\u015bcini\u0119, jak i widz\u00f3w. \u2014 Ale poczekaj, jak masz jednego m\u0119\u017ca i dwa rozwody, to kt\u00f3ry rozw\u00f3d jest wa\u017cny? \u2014 dopytywa\u0142. \u2014 Zale\u017cy dla kogo \u2014 odpowiedzia\u0142a go\u015bcini.<\/p>\n<p class=\"Paragraph_desktopParagraph__U31Gm\">\u2014 Nie wiem, nie mia\u0142em ani m\u0119\u017ca, ani \u017cony \u2014 za\u017cartowa\u0142 Wojew\u00f3dzki, na co Szel\u0105gowska bardzo szybko zareagowa\u0142a, prosz\u0105c o pokazanie r\u0119ki. Przypomnijmy, \u017ce niedawno dziennikarz chwali\u0142 si\u0119 obr\u0105czk\u0105 na swoim palcu. W odpowiedzi na pro\u015bb\u0119 projektantki szybko si\u0119 usprawiedliwi\u0142: \u2014 Powiedzia\u0142em w czasie przesz\u0142ym.<\/p>\n<p class=\"Paragraph_desktopParagraph__U31Gm\">Dzi\u0119kujemy, \u017ce przeczyta\u0142a\u015b\/e\u015b nasz artyku\u0142 do ko\u0144ca. W serwisie Plejada.pl ka\u017cdego dnia piszemy o najwa\u017cniejszych wydarzeniach show-biznesowych. B\u0105d\u017a na bie\u017c\u0105co! <a rel=\"nofollow noopener\" href=\"https:\/\/profile.google.com\/cp\/Cg0vZy8xMWJ6X19wdHBx\" id=\"09535825-ed1f-43e6-aafe-5acd1d338dd3\" target=\"_blank\">Obserwuj<\/a> Plejad\u0119 w Google. Odwied\u017a nas tak\u017ce na <a rel=\"nofollow noopener\" href=\"https:\/\/www.facebook.com\/plejadapl\" id=\"6fd9f1a1-6f10-43bf-8f5a-b089f61044bf\" target=\"_blank\">Facebooku<\/a>, <a rel=\"nofollow noopener\" href=\"https:\/\/www.instagram.com\/plejadapl\/\" id=\"bd7dac7c-48df-4498-acb0-97e772f655f0\" target=\"_blank\">Instagramie<\/a>, <a rel=\"nofollow noopener\" href=\"https:\/\/www.youtube.com\/c\/plejada\" id=\"e152335a-1772-4b7c-895c-4070a056e118\" target=\"_blank\">YouTubie<\/a> oraz <a rel=\"nofollow noopener\" href=\"https:\/\/www.tiktok.com\/@plejada_pl\" id=\"b6b29de2-01aa-4dc5-b9b2-c39a1a8f986b\" target=\"_blank\">TikToku<\/a>.<\/p>\n<p class=\"Paragraph_desktopParagraph__U31Gm\">Chcesz podzieli\u0107 si\u0119 ciekawym newsem lub zaproponowa\u0107 temat? Skontaktuj si\u0119 z nami, pisz\u0105c e-maila na adres: <a href=\"https:\/\/www.onet.pl\/styl-zycia\/plejada\/dorota-szelagowska-zaskoczyla-kube-wojewodzkiego-z-jednym-mezem-wziela-dwa-rozwody\/mailto:plejada@redakcjaonet.pl\" id=\"2224ceb8-44c6-4d04-ae2e-080d83e1a427\" rel=\"nofollow noopener\" target=\"_blank\">plejada@redakcjaon<\/a><a rel=\"nofollow noopener\" href=\"http:\/\/et.pl\" id=\"b38af3ef-1df9-48f1-b86a-c7ee98672496\" target=\"_blank\">et.pl<\/a>.<\/p>\n<p><script async src=\"\/\/www.instagram.com\/embed.js\"><\/script><script async src=\"\/\/www.tiktok.com\/embed.js\"><\/script><\/p>\n","protected":false},"excerpt":{"rendered":"Dorota Szel\u0105gowska, znana z charyzmy i dystansu do siebie we wtorek, 19 listopada, pojawi\u0142a si\u0119 na kanapie u&hellip;\n","protected":false},"author":2,"featured_media":108835,"comment_status":"","ping_status":"","sticky":false,"template":"","format":"standard","meta":{"footnotes":""},"categories":[22],"tags":[3845,122,67,719,261,53,52,68,51,55,42,38,40,39,41,123,47,1113,65,50],"class_list":{"0":"post-108834","1":"post","2":"type-post","3":"status-publish","4":"format-standard","5":"has-post-thumbnail","7":"category-rozrywka","8":"tag-dorota_szelagowska","9":"tag-entertainment","10":"tag-intextvideo_splayer","11":"tag-kuba_wojewodzki_dziennikarz_jakub_wojewodzki","12":"tag-kultura","13":"tag-new_header","14":"tag-onet3","15":"tag-onet3d","16":"tag-onet3d_2i","17":"tag-phx","18":"tag-pl","19":"tag-poland","20":"tag-polish","21":"tag-polska","22":"tag-polski","23":"tag-rozrywka","24":"tag-screening_general","25":"tag-tvn_tvn24_tvn7_telewizja","26":"tag-update_me","27":"tag-v2021"},"share_on_mastodon":{"url":"https:\/\/pubeurope.com\/@pl\/115576886044728453","error":""},"_links":{"self":[{"href":"https:\/\/www.europesays.com\/pl\/wp-json\/wp\/v2\/posts\/108834","targetHints":{"allow":["GET"]}}],"collection":[{"href":"https:\/\/www.europesays.com\/pl\/wp-json\/wp\/v2\/posts"}],"about":[{"href":"https:\/\/www.europesays.com\/pl\/wp-json\/wp\/v2\/types\/post"}],"author":[{"embeddable":true,"href":"https:\/\/www.europesays.com\/pl\/wp-json\/wp\/v2\/users\/2"}],"replies":[{"embeddable":true,"href":"https:\/\/www.europesays.com\/pl\/wp-json\/wp\/v2\/comments?post=108834"}],"version-history":[{"count":0,"href":"https:\/\/www.europesays.com\/pl\/wp-json\/wp\/v2\/posts\/108834\/revisions"}],"wp:featuredmedia":[{"embeddable":true,"href":"https:\/\/www.europesays.com\/pl\/wp-json\/wp\/v2\/media\/108835"}],"wp:attachment":[{"href":"https:\/\/www.europesays.com\/pl\/wp-json\/wp\/v2\/media?parent=108834"}],"wp:term":[{"taxonomy":"category","embeddable":true,"href":"https:\/\/www.europesays.com\/pl\/wp-json\/wp\/v2\/categories?post=108834"},{"taxonomy":"post_tag","embeddable":true,"href":"https:\/\/www.europesays.com\/pl\/wp-json\/wp\/v2\/tags?post=108834"}],"curies":[{"name":"wp","href":"https:\/\/api.w.org\/{rel}","templated":true}]}}