{"id":108851,"date":"2025-11-19T14:53:07","date_gmt":"2025-11-19T14:53:07","guid":{"rendered":"https:\/\/www.europesays.com\/pl\/108851\/"},"modified":"2025-11-19T14:53:07","modified_gmt":"2025-11-19T14:53:07","slug":"oficjalnie-eder-militao-kontuzjowany-realmadryt-pl","status":"publish","type":"post","link":"https:\/\/www.europesays.com\/pl\/108851\/","title":{"rendered":"Oficjalnie: \u00c9der Milit\u00e3o kontuzjowany | RealMadryt.pl"},"content":{"rendered":"<p>Oficjalna strona Kr\u00f3lewskich opublikowa\u0142a komunikat na temat stanu zdrowia \u00c9dera Milit\u00e3o. \u201ePo badaniach przeprowadzonych na naszym pi\u0142karzu przez s\u0142u\u017cby medyczne Realu Madryt zdiagnozowano kontuzj\u0119 mi\u0119\u015bniow\u0105 przywodziciela wielkiego w prawej nodze.\u00a0Uraz pozostaje pod obserwacj\u0105\u201d, czytamy w raporcie medycznym.<\/p>\n<p>Hiszpa\u0144skie media wst\u0119pnie informuj\u0105, \u017ce brazylijski obro\u0144ca b\u0119dzie pauzowa\u0142 przez dwa\u2013trzy tygodnie. Oznacza to, \u017ce na pewno nie zagra z Elche, Olympiakosem i Giron\u0105.\u00a0Milit\u00e3o mo\u017ce wr\u00f3ci\u0107 na spotkanie z Athletikiem, z kt\u00f3rym Kr\u00f3lewscy zmierz\u0105 si\u0119 na pocz\u0105tku grudnia, ale bardziej prawdopodobny wydaje si\u0119 jego wyst\u0119p z Celt\u0105 Vigo, o czym donosi MARCA.<\/p>\n<p>Milit\u00e3o nabawi\u0142 si\u0119 kontuzji podczas wczorajszego meczu towarzyskiego reprezentacji Brazylii z Tunezj\u0105. Stoper opu\u015bci\u0142 boisko po nieca\u0142ej godzinie gry i wyra\u017anie wida\u0107 by\u0142o, \u017ce doskwiera mu b\u00f3l prawego uda.<\/p>\n<p>To pierwszy uraz Brazylijczyka w tym sezonie. Jego poprzednia kontuzja, kt\u00f3rej nabawi\u0142 si\u0119 w listopadzie ubieg\u0142e roku, to\u00a0zerwanie wi\u0119zad\u0142a krzy\u017cowego przedniego w prawym kolanie z naruszeniem obu \u0142\u0105kotek. Do gry wr\u00f3ci\u0142 w lipcu tego roku i w tym sezonie zagra\u0142 ju\u017c w czternastu spotkaniach, b\u0119d\u0105c podstawowym \u015brodkowym obro\u0144c\u0105 w zespole.<\/p>\n<p>Aktualnie Xabi Alonso nie mo\u017ce wi\u0119c liczy\u0107 na kontuzjowanych\u00a0Thibaut Courtois, Antonio R\u00fcdigera, Daniego Carvajala, Franco Mastantuono, Fede Valverde, Aur\u00e9liena Tchouam\u00e9niego i teraz Milit\u00e3o. Na dodatek z r\u00f3\u017cnymi problemami po zgrupowaniach swoich reprezentacji zmagaj\u0105 si\u0119 Dean Huijsen,\u00a0Eduardo Camavinga i\u00a0Kylian Mbapp\u00e9, ale dopiero podczas pi\u0105tkowego treningu dowiemy si\u0119, kto z nich jest gotowy do gry.<\/p>\n","protected":false},"excerpt":{"rendered":"Oficjalna strona Kr\u00f3lewskich opublikowa\u0142a komunikat na temat stanu zdrowia \u00c9dera Milit\u00e3o. \u201ePo badaniach przeprowadzonych na naszym pi\u0142karzu przez&hellip;\n","protected":false},"author":2,"featured_media":108852,"comment_status":"","ping_status":"","sticky":false,"template":"","format":"standard","meta":{"footnotes":""},"categories":[24],"tags":[42,38,40,39,41,127,126],"class_list":{"0":"post-108851","1":"post","2":"type-post","3":"status-publish","4":"format-standard","5":"has-post-thumbnail","7":"category-sport","8":"tag-pl","9":"tag-poland","10":"tag-polish","11":"tag-polska","12":"tag-polski","13":"tag-sport","14":"tag-sports"},"share_on_mastodon":{"url":"https:\/\/pubeurope.com\/@pl\/115576937088567144","error":""},"_links":{"self":[{"href":"https:\/\/www.europesays.com\/pl\/wp-json\/wp\/v2\/posts\/108851","targetHints":{"allow":["GET"]}}],"collection":[{"href":"https:\/\/www.europesays.com\/pl\/wp-json\/wp\/v2\/posts"}],"about":[{"href":"https:\/\/www.europesays.com\/pl\/wp-json\/wp\/v2\/types\/post"}],"author":[{"embeddable":true,"href":"https:\/\/www.europesays.com\/pl\/wp-json\/wp\/v2\/users\/2"}],"replies":[{"embeddable":true,"href":"https:\/\/www.europesays.com\/pl\/wp-json\/wp\/v2\/comments?post=108851"}],"version-history":[{"count":0,"href":"https:\/\/www.europesays.com\/pl\/wp-json\/wp\/v2\/posts\/108851\/revisions"}],"wp:featuredmedia":[{"embeddable":true,"href":"https:\/\/www.europesays.com\/pl\/wp-json\/wp\/v2\/media\/108852"}],"wp:attachment":[{"href":"https:\/\/www.europesays.com\/pl\/wp-json\/wp\/v2\/media?parent=108851"}],"wp:term":[{"taxonomy":"category","embeddable":true,"href":"https:\/\/www.europesays.com\/pl\/wp-json\/wp\/v2\/categories?post=108851"},{"taxonomy":"post_tag","embeddable":true,"href":"https:\/\/www.europesays.com\/pl\/wp-json\/wp\/v2\/tags?post=108851"}],"curies":[{"name":"wp","href":"https:\/\/api.w.org\/{rel}","templated":true}]}}