{"id":108861,"date":"2025-11-19T15:00:14","date_gmt":"2025-11-19T15:00:14","guid":{"rendered":"https:\/\/www.europesays.com\/pl\/108861\/"},"modified":"2025-11-19T15:00:14","modified_gmt":"2025-11-19T15:00:14","slug":"szokujaca-prosba-barcelony-do-lewandowskiego-kazali-mu-nie-strzelac-goli","status":"publish","type":"post","link":"https:\/\/www.europesays.com\/pl\/108861\/","title":{"rendered":"Szokuj\u0105ca pro\u015bba Barcelony do Lewandowskiego. Kazali mu&#8230; nie strzela\u0107 goli"},"content":{"rendered":"<p>Robert Lewandowski w swoim pierwszym sezonie w FC Barcelonie si\u0119gn\u0105\u0142 po koron\u0119 kr\u00f3la strzelc\u00f3w La Liga. Okazuje si\u0119 jednak, \u017ce szefowie &#8222;Barcy&#8221; w ko\u0144c\u00f3wce sezonu poprosili pi\u0142karza, aby ten&#8230; nie trafia\u0142 ju\u017c do siatki. W swojej ksi\u0105\u017cce pisze o tym Sebastian Staszewski.<\/p>\n<p>W ksi\u0105\u017cce Lewandowski. Prawdziwy Sebastian Staszewski ujawni\u0142 wiele nieznanych dot\u0105d informacji na temat polskiego napastnika. Jedna z nich jest jednak naprawd\u0119 szokuj\u0105ca.<\/p>\n<p>Dalsza cz\u0119\u015b\u0107 tekstu pod wideo<\/p>\n<p>Pod koniec sezonu 2022\/2023 polski napastnik mia\u0142 zosta\u0107 wezwany do gabinetu Joana Laporty. Tam poproszono go, aby&#8230; nie strzela\u0142 wi\u0119cej goli w rozgrywkach La Liga.<\/p>\n<p>&#8211; W pomieszczeniu siedzia\u0142o ju\u017c kilku dzia\u0142aczy, w tym Laporta. Niekt\u00f3rzy mieli czerwone twarze, ale nie od pal\u0105cego majowego s\u0142o\u0144ca, a wstydu. &#8222;Robert, zale\u017cy nam na tym, aby\u015b w ostatnich dw\u00f3ch kolejkach\u2026 ju\u017c nie strzela\u0142\u201d \u2013 wykrztusi\u0142 w ko\u0144cu z siebie jeden z m\u0119\u017cczyzn &#8211; czytamy.<\/p>\n<p>&#8211; Pi\u0142karz spojrza\u0142 na niego ze zdumieniem. Co prawda kwestia mistrzostwa zosta\u0142a przes\u0105dzona, podobnie jak nagrody dla najlepszego snajpera, ale przez kilkana\u015bcie lat gry na najwy\u017cszym poziomie nikt nie poprosi\u0142 go, aby przesta\u0142 trafia\u0107 do siatki &#8211; napisano.<\/p>\n<p>FC Barcelonie chodzi\u0142o w\u00f3wczas o pieni\u0105dze. Nie jest tajemnic\u0105, \u017ce klub mia\u0142 spore problemy i musia\u0142 kombinowa\u0107, aby spe\u0142ni\u0107 wymagania Finansowego Fair Play La Liga.<\/p>\n<p>Je\u015bli Lewandowski zdoby\u0142by 25 bramek w La Liga, &#8222;Barca&#8221; musia\u0142aby wyp\u0142aci\u0107 dodatkowe 2,5 miliona euro Bayernowi Monachium. W dw\u00f3ch ostatnich meczach ligowych Lewandowski nie trafi\u0142 do siatki, lecz z 23 bramkami na koncie i tak zosta\u0142 kr\u00f3lem strzelc\u00f3w La Liga.<\/p>\n<p>Ogl\u0105daj wywiad z Sebastianem Staszewskim na kanale Meczyki:<\/p>\n<p><img decoding=\"async\" src=\"https:\/\/www.europesays.com\/pl\/wp-content\/uploads\/2025\/11\/1762851368_40_hq720.webp.webp\" alt=\"\" loading=\"lazy\" style=\"width:100%;object-fit:contain;height:100%;\" class=\"yt-embed-placeholder\"\/><\/p>\n","protected":false},"excerpt":{"rendered":"Robert Lewandowski w swoim pierwszym sezonie w FC Barcelonie si\u0119gn\u0105\u0142 po koron\u0119 kr\u00f3la strzelc\u00f3w La Liga. Okazuje si\u0119&hellip;\n","protected":false},"author":2,"featured_media":36481,"comment_status":"","ping_status":"","sticky":false,"template":"","format":"standard","meta":{"footnotes":""},"categories":[24],"tags":[42,38,40,39,41,127,126],"class_list":{"0":"post-108861","1":"post","2":"type-post","3":"status-publish","4":"format-standard","5":"has-post-thumbnail","7":"category-sport","8":"tag-pl","9":"tag-poland","10":"tag-polish","11":"tag-polska","12":"tag-polski","13":"tag-sport","14":"tag-sports"},"share_on_mastodon":{"url":"https:\/\/pubeurope.com\/@pl\/115576964874283634","error":""},"_links":{"self":[{"href":"https:\/\/www.europesays.com\/pl\/wp-json\/wp\/v2\/posts\/108861","targetHints":{"allow":["GET"]}}],"collection":[{"href":"https:\/\/www.europesays.com\/pl\/wp-json\/wp\/v2\/posts"}],"about":[{"href":"https:\/\/www.europesays.com\/pl\/wp-json\/wp\/v2\/types\/post"}],"author":[{"embeddable":true,"href":"https:\/\/www.europesays.com\/pl\/wp-json\/wp\/v2\/users\/2"}],"replies":[{"embeddable":true,"href":"https:\/\/www.europesays.com\/pl\/wp-json\/wp\/v2\/comments?post=108861"}],"version-history":[{"count":0,"href":"https:\/\/www.europesays.com\/pl\/wp-json\/wp\/v2\/posts\/108861\/revisions"}],"wp:featuredmedia":[{"embeddable":true,"href":"https:\/\/www.europesays.com\/pl\/wp-json\/wp\/v2\/media\/36481"}],"wp:attachment":[{"href":"https:\/\/www.europesays.com\/pl\/wp-json\/wp\/v2\/media?parent=108861"}],"wp:term":[{"taxonomy":"category","embeddable":true,"href":"https:\/\/www.europesays.com\/pl\/wp-json\/wp\/v2\/categories?post=108861"},{"taxonomy":"post_tag","embeddable":true,"href":"https:\/\/www.europesays.com\/pl\/wp-json\/wp\/v2\/tags?post=108861"}],"curies":[{"name":"wp","href":"https:\/\/api.w.org\/{rel}","templated":true}]}}