{"id":108862,"date":"2025-11-19T15:01:11","date_gmt":"2025-11-19T15:01:11","guid":{"rendered":"https:\/\/www.europesays.com\/pl\/108862\/"},"modified":"2025-11-19T15:01:11","modified_gmt":"2025-11-19T15:01:11","slug":"paulina-lenda-zatrzymala-koncert-erykah-badu-gwiazda-byla-zachwycona","status":"publish","type":"post","link":"https:\/\/www.europesays.com\/pl\/108862\/","title":{"rendered":"Paulina Lenda zatrzyma\u0142a koncert Erykah Badu. Gwiazda by\u0142a zachwycona"},"content":{"rendered":"<p class=\"typography ids-typeset-body ids-typeset-body--preset-large link paragraph ids-paragraph ids-paragraph--default\">Podczas drugiego gdy\u0144skiego koncertu jubileuszowej trasy &#8222;The Return of Automatic Slim Tour: Mama&#8217;s Gun &#8217;25&#8221; Erykah Badu prowadzi\u0142a publiczno\u015b\u0107 przez pe\u0142en wachlarz emocji. Jednak prawdziw\u0105 sensacj\u0105 wieczoru by\u0142 moment, gdy artystka us\u0142ysza\u0142a niski, ciep\u0142y g\u0142os dochodz\u0105cy z t\u0142umu.<\/p>\n<p class=\"typography ids-typeset-body ids-typeset-body--preset-large link paragraph ids-paragraph ids-paragraph--default\">Zatrzyma\u0142a koncert, podesz\u0142a do barierki i poda\u0142a mikrofon Polce. &#8222;By\u0142am kompletnie zaskoczona &#8211; to by\u0142 moment, kt\u00f3ry zapami\u0119tam na zawsze&#8221; &#8211; wspomina Paulina Lenda. Po chwili mog\u0142a za\u015bpiewa\u0107 dla swojej idolki i zamieni\u0107 z ni\u0105 kilka s\u0142\u00f3w, co udokumentowa\u0142a na swoim profilu.<\/p>\n<ul class=\"typography ids-typeset-body ids-typeset-body--preset-small list--article-list ids-list ids-list--unordered ids-list--size-small \" datatype=\"disc\">\n<li class=\"ids-list-item ids-list-item__content brief-list-item\"><a class=\"ids-undecorated-link link ids-link \" data-spons=\"false\" href=\"https:\/\/muzyka.interia.pl\/pop\/news-viki-gabor-z-wizyta-u-kuby-wojewodzkiego-robie-dziwne-i-glup,nId,22455712\" rel=\"nofollow noopener\" target=\"_blank\">Viki Gabor z wizyt\u0105 u Kuby Wojew\u00f3dzkiego. &#8222;Robi\u0119 dziwne i g\u0142upie rzeczy&#8221;<\/a><\/li>\n<li class=\"ids-list-item ids-list-item__content brief-list-item\"><a class=\"ids-undecorated-link link ids-link \" data-spons=\"false\" href=\"https:\/\/muzyka.interia.pl\/pol-and-rock-festival\/news-jurek-owsiak-zapowiada-zmiany-w-szeregach-wosp-ja-swoje-zrob,nId,22455652\" rel=\"nofollow noopener\" target=\"_blank\">Jurek Owsiak zapowiada zmiany w szeregach WO\u015aP. &#8222;Ja swoje zrobi\u0142em&#8221;<\/a><\/li>\n<\/ul>\n<p>Paulina Lenda &#8211; od &#8222;Mam talent&#8221; po wyboist\u0105 karier\u0119<\/p>\n<p class=\"typography ids-typeset-body ids-typeset-body--preset-large link paragraph ids-paragraph ids-paragraph--default\">Paulina Lenda debiutowa\u0142a w 2008 roku jako 15-latka w pierwszej edycji &#8222;Mam talent&#8221;. Jej wykonanie &#8222;Ready To Love&#8221; zachwyci\u0142o juror\u00f3w:<\/p>\n<p class=\"typography ids-typeset-body ids-typeset-body--preset-large link paragraph ids-paragraph ids-paragraph--default\">&#8222;Paulino, ja tylko oznajmi\u0119, \u017ce na sto procent masz talent. Tw\u00f3j g\u0142os jest jak dzwon. Rozwali\u0142a\u015b mnie kompletnie, brak mi s\u0142\u00f3w&#8221; &#8211; m\u00f3wi\u0142a Agnieszka Chyli\u0144ska.<\/p>\n<p class=\"typography ids-typeset-body ids-typeset-body--preset-large link paragraph ids-paragraph ids-paragraph--default\">&#8222;Chc\u0119 prze\u017cy\u0107 takie chwile jak ta. Kiedy m\u0142oda, skromna osoba daje co\u015b niezwyk\u0142ego &#8211; dzi\u0119kuj\u0119 ci bardzo&#8221; &#8211; dodawa\u0142a Ma\u0142gorzata Foremniak.<\/p>\n<p class=\"typography ids-typeset-body ids-typeset-body--preset-large link paragraph ids-paragraph ids-paragraph--default\">Pomimo entuzjazmu juror\u00f3w i publiczno\u015bci, kariera Lendy potoczy\u0142a si\u0119 wyboi\u015bcie. W kolejnych latach zmaga\u0142a si\u0119 z osobistymi trudno\u015bciami i b\u0142\u0119dnymi decyzjami biznesowymi, co sama okre\u015bla jako &#8222;burzliwe lata&#8221;.<\/p>\n<p class=\"typography ids-typeset-body ids-typeset-body--preset-large link paragraph ids-paragraph ids-paragraph--default\">&#8222;Dzia\u0142o si\u0119 tyle, \u017ce musia\u0142abym zamiast p\u0142yty, wyda\u0107 ksi\u0105\u017ck\u0119, by to wszystko spisa\u0107 i opowiedzie\u0107. Na ca\u0142e szcz\u0119\u015bcie tworz\u0119 niezmiennie i dalej \u017cyj\u0119 muzyk\u0105&#8221; &#8211; m\u00f3wi\u0142a Lenda w komentarzu pod archiwalnym nagraniem z programu.<\/p>\n<p class=\"typography ids-typeset-body ids-typeset-body--preset-large link paragraph ids-paragraph ids-paragraph--default\">W 2014 roku wyda\u0142a debiutancki album &#8222;Wolf Girl&#8221;, a dwa lata p\u00f3\u017aniej przypomnia\u0142a si\u0119 widzom &#8222;Must Be The Music&#8221; wraz z zespo\u0142em Kruki. W 2020 roku pojawi\u0142a si\u0119 w programie &#8222;The Four. Bitwa o s\u0142aw\u0119&#8221;, gdzie Natalia Nykiel chwali\u0142a j\u0105 za \u015bwiadomo\u015b\u0107 artystyczn\u0105:<\/p>\n<p class=\"typography ids-typeset-body ids-typeset-body--preset-large link paragraph ids-paragraph ids-paragraph--default\">&#8222;Jeste\u015b najbardziej \u015bwiadom\u0105 artystk\u0105, kt\u00f3ra si\u0119 pojawi\u0142a tutaj. Dzi\u0119kuj\u0119 ci za zaanga\u017cowanie w utw\u00f3r. Za to, \u017ce pokaza\u0142a\u015b wszystko, kim jeste\u015b&#8221; &#8211; m\u00f3wi\u0142a jurorka.<\/p>\n<p>Zmarnowany talent? Jurorzy nie trac\u0105 wiary<\/p>\n<p class=\"typography ids-typeset-body ids-typeset-body--preset-large link paragraph ids-paragraph ids-paragraph--default\">Nie brakowa\u0142o r\u00f3wnie\u017c krytyki. W 2018 roku Chyli\u0144ska wspomnia\u0142a o Lendzie jako o &#8222;zmarnowanym talencie&#8221;, podkre\u015blaj\u0105c jednocze\u015bnie, \u017ce wci\u0105\u017c w ni\u0105 wierzy:<\/p>\n<p class=\"typography ids-typeset-body ids-typeset-body--preset-large link paragraph ids-paragraph ids-paragraph--default\">&#8222;Absolutnie zmarnowany talent, ona nie wiedzia\u0142a, co chce zrobi\u0107. Ale ja ci\u0105gle w ni\u0105 wierz\u0119, ja ci\u0105gle czekam na Paulin\u0119&#8221; &#8211; m\u00f3wi\u0142a Chyli\u0144ska.<\/p>\n<p class=\"typography ids-typeset-body ids-typeset-body--preset-large link paragraph ids-paragraph ids-paragraph--default\">Spotkanie z Badu pokazuje jednak, \u017ce Lenda wci\u0105\u017c ma sw\u00f3j g\u0142os, kt\u00f3ry potrafi zachwyci\u0107 nawet legend\u0119 \u015bwiatowego soulu.<\/p>\n<p>Nowy rozdzia\u0142 w muzycznej podr\u00f3\u017cy<\/p>\n<p class=\"typography ids-typeset-body ids-typeset-body--preset-large link paragraph ids-paragraph ids-paragraph--default\">Dzi\u015b Paulina Lenda kontynuuje swoj\u0105 pasj\u0119, prowadz\u0105c Autorskie Studio Piosenki i przygotowuj\u0105c nowe projekty muzyczne. Moment w Gdyni pokazuje, \u017ce cho\u0107 droga by\u0142a kr\u0119ta, talent pozostaje niezmienny.<\/p>\n<p class=\"typography ids-typeset-body ids-typeset-body--preset-large link paragraph ids-paragraph ids-paragraph--default\">&#8222;Kariera potoczy\u0142a si\u0119 wyboi\u015bcie, ale zapraszam na najbli\u017csze koncerty, to porozmawiamy na \u017cywo, bo ci\u0119\u017cko to wszystko opisa\u0107 w kilku zdaniach&#8230;&#8221; &#8211; dodaje wokalistka.<\/p>\n<p>Fina\u0142 22. edycji &#8222;Twoja Twarz Brzmi Znajomo&#8221; ju\u017c za rogiem! Zobacz ten wyj\u0105tkowy duetPolsat<\/p>\n<p><a class=\"ids-undecorated-link source ids-page-info--source__link\" href=\"https:\/\/www.interia.pl\" rel=\"nofollow noopener\" target=\"_blank\"><img decoding=\"async\" class=\"ids-image-holder__img\" loading=\"lazy\" alt=\"\" title=\"\" height=\"24px\" src=\"https:\/\/www.europesays.com\/pl\/wp-content\/uploads\/2025\/11\/1763539041_420_0009A60QQ5I2TYF7-C202-F4.webp.webp\"\/><\/a><\/p>\n<p>Masz sugestie, uwagi albo widzisz b\u0142\u0105d? Napisz do nas<\/p>\n","protected":false},"excerpt":{"rendered":"Podczas drugiego gdy\u0144skiego koncertu jubileuszowej trasy &#8222;The Return of Automatic Slim Tour: Mama&#8217;s Gun &#8217;25&#8221; Erykah Badu prowadzi\u0142a&hellip;\n","protected":false},"author":2,"featured_media":108863,"comment_status":"","ping_status":"","sticky":false,"template":"","format":"standard","meta":{"footnotes":""},"categories":[22],"tags":[122,42,38,40,39,41,123],"class_list":{"0":"post-108862","1":"post","2":"type-post","3":"status-publish","4":"format-standard","5":"has-post-thumbnail","7":"category-rozrywka","8":"tag-entertainment","9":"tag-pl","10":"tag-poland","11":"tag-polish","12":"tag-polska","13":"tag-polski","14":"tag-rozrywka"},"share_on_mastodon":{"url":"https:\/\/pubeurope.com\/@pl\/115576968844185208","error":""},"_links":{"self":[{"href":"https:\/\/www.europesays.com\/pl\/wp-json\/wp\/v2\/posts\/108862","targetHints":{"allow":["GET"]}}],"collection":[{"href":"https:\/\/www.europesays.com\/pl\/wp-json\/wp\/v2\/posts"}],"about":[{"href":"https:\/\/www.europesays.com\/pl\/wp-json\/wp\/v2\/types\/post"}],"author":[{"embeddable":true,"href":"https:\/\/www.europesays.com\/pl\/wp-json\/wp\/v2\/users\/2"}],"replies":[{"embeddable":true,"href":"https:\/\/www.europesays.com\/pl\/wp-json\/wp\/v2\/comments?post=108862"}],"version-history":[{"count":0,"href":"https:\/\/www.europesays.com\/pl\/wp-json\/wp\/v2\/posts\/108862\/revisions"}],"wp:featuredmedia":[{"embeddable":true,"href":"https:\/\/www.europesays.com\/pl\/wp-json\/wp\/v2\/media\/108863"}],"wp:attachment":[{"href":"https:\/\/www.europesays.com\/pl\/wp-json\/wp\/v2\/media?parent=108862"}],"wp:term":[{"taxonomy":"category","embeddable":true,"href":"https:\/\/www.europesays.com\/pl\/wp-json\/wp\/v2\/categories?post=108862"},{"taxonomy":"post_tag","embeddable":true,"href":"https:\/\/www.europesays.com\/pl\/wp-json\/wp\/v2\/tags?post=108862"}],"curies":[{"name":"wp","href":"https:\/\/api.w.org\/{rel}","templated":true}]}}