{"id":109008,"date":"2025-11-19T16:45:08","date_gmt":"2025-11-19T16:45:08","guid":{"rendered":"https:\/\/www.europesays.com\/pl\/109008\/"},"modified":"2025-11-19T16:45:08","modified_gmt":"2025-11-19T16:45:08","slug":"reprezentacja-haiti-awansowala-na-mundial-w-kraju-panuje-pieklo","status":"publish","type":"post","link":"https:\/\/www.europesays.com\/pl\/109008\/","title":{"rendered":"Reprezentacja Haiti awansowa\u0142a na mundial. W kraju panuje piek\u0142o"},"content":{"rendered":"<p>Reprezentacja Haiti pokona\u0142a we\u00a0wtorek w\u00a0nocy 2:0 Nikaragu\u0119 i\u00a0dzi\u0119ki temu awansowa\u0142a kosztem Hondurasu z\u00a0Luisem Palm\u0105 w\u00a0sk\u0142adzie na\u00a0mistrzostwa \u015bwiata. Zrobi\u0142a to\u00a0po\u00a0raz pierwszy od\u00a01974 roku. Swoje \u201edomowe\u201d mecze zesp\u00f3\u0142 musi jednak rozgrywa\u0107 w\u00a0innym kraju, z\u00a0Nikaragu\u0105 Haiti mierzy\u0142o si\u0119 w\u00a0Curacao. Wszystko przez\u00a0to, \u017ce\u00a0zdecydowana wi\u0119kszo\u015b\u0107 kraju znalaz\u0142a si\u0119 we\u00a0w\u0142adaniu gang\u00f3w, panuje czasami wr\u0119cz sadystyczna przemoc, a\u00a0zwykli ludzie nie\u00a0mog\u0105 czu\u0107 si\u0119 bezpieczni.\u00a0<\/p>\n<p>Pi\u0142karze z\u00a0Haiti po\u00a0pokonaniu Nikaragui musieli \u015bledzi\u0107 wynik spotkania ich rywali w\u00a0walce o\u00a0awans. Gdy\u00a0okaza\u0142o si\u0119, \u017ce\u00a0to\u00a0oni jad\u0105 na\u00a0mundial, a\u00a0nie\u00a0Honduras, na\u00a0kameralnym stadionie wybuch\u0142a wielka rado\u015b\u0107:<\/p>\n<blockquote class=\"twitter-tweet\">\n<p dir=\"ltr\" lang=\"en\">These are the scenes as\u00a0the Haiti players, staff and fans find out they\u2019ve qualified for their first World Cup in\u00a051 YEARS\u2026<\/p>\n<p>What an achievement for them all.\ud83d\udc4f\u2764\ufe0f\ud83c\udded\ud83c\uddf9<a href=\"https:\/\/t.co\/0ib4agxHzl\" target=\"_blank\" rel=\"noopener noreferrer nofollow\">pic.twitter.com\/0ib4agxHzl<\/a><\/p>\n<p>\u2014\u00a0george (@StokeyyG2) <a href=\"https:\/\/twitter.com\/StokeyyG2\/status\/1990981612993921463?ref_src=twsrc%5Etfw\" target=\"_blank\" rel=\"noopener noreferrer nofollow\">November 19, 2025<\/a><\/p>\n<\/blockquote>\n<p>W\u00a0pi\u0142ce jest wielki sukces, ale\u00a0sytuacja wewn\u0119trzna tego kraju przera\u017ca.<\/p>\n<p>Fragment tekstu z\u00a0serwisu Holistic.news, kt\u00f3ry\u00a0okre\u015bla Haiti jako pa\u0144stwo upad\u0142e: \u201eOd\u00a02021\u00a0r., gdy\u00a0zamordowano prezydenta Jovenela Moise, w\u00a0kraju rosn\u0105 w\u00a0si\u0142\u0119 pospolite gangi uliczne. Wyposa\u017cone s\u0105, opr\u00f3cz maczet, w\u00a0bro\u0144, kt\u00f3rej\u00a0mog\u0142oby pozazdro\u015bci\u0107 niejedno pa\u0144stwo Ameryki \u015arodkowej. Celem gangster\u00f3w jest ostateczne przej\u0119cie w\u0142adzy w\u00a0pa\u0144stwie.\u00a0Ju\u017c wiosn\u0105 zesz\u0142ego roku kontrolowali oni ponad 80 proc. stolicy Port-au-Prince. Ich si\u0142y powi\u0119kszy\u0142y si\u0119 znacznie w\u00a0kwietniu po\u00a0szturmie na\u00a0wi\u0119zienie, z\u00a0kt\u00f3rego\u00a0uciek\u0142o ok. 4 tys. przest\u0119pc\u00f3w.\u00a0 Gangi podporz\u0105dkowa\u0142y sobie p\u00f3\u0142nocne tereny, uwa\u017cane za\u00a0spichlerz kraju, jak i\u00a0obszary na\u00a0po\u0142udnie od\u00a0stolicy, kluczowe dla gospodarki Haiti\u201d.<\/p>\n<p>Gangi rz\u0105dz\u0105 stolic\u0105 Haiti. Spalono \u017cywcem m\u0142od\u0105 dziewczyn\u0119<\/p>\n<p>Z\u00a0gangami walcz\u0105 w\u00a0tym roku policjanci, \u017co\u0142nierze, cz\u0142onkowie specjalnej misji z\u00a0Kenii, a\u00a0tak\u017ce najemnicy. Wed\u0142ug danych ONZ od\u00a0kwietnia do\u00a0czerwca na\u00a0Haiti zgin\u0119\u0142o ponad 1500 os\u00f3b, a\u00a0realia s\u0105\u00a0pewnie du\u017co gorsze. Tamtejszej policji skrajnie brakuje wyposa\u017cenia, jest te\u017c skorumpowana. A\u00a0starcia zacz\u0119\u0142y stawa\u0107 si\u0119 coraz bardziej krwawe. Dzi\u015b Port-au-Prince to\u00a0jedna wielka strefa wojny, a\u00a0poszczeg\u00f3lnie dzielnice s\u0105\u00a0rz\u0105dzone przez\u00a0r\u00f3\u017cne grupy. Ka\u017cda jest brutalna.<\/p>\n<p>Szczeg\u00f3\u0142y, opisywane przez\u00a0media, mro\u017c\u0105 krew w\u00a0\u017cy\u0142ach. W\u00a0maju ludzie z\u00a0gangu Wharf Jeremie poder\u017cn\u0119li gard\u0142a 15 starszym m\u0119\u017cczyznom. T\u0142umaczono, \u017ce\u00a0by\u0142a to\u00a0ceremonia wudu. Gdy\u00a0mieszka\u0144cy jednej z\u00a0dzielnic nie\u00a0chcieli si\u0119 podporz\u0105dkowa\u0107 narzucanym im\u00a0regu\u0142om, gang 400 Mawozo spali\u0142 \u017cywcem 15-letni\u0105 dziewczynk\u0119.<\/p>\n<p>Na\u00a0ulicach Haiti pojawi\u0107 si\u0119 mia\u0142y r\u00f3wnie\u017c\u2026 gangi kanibali. Opisywa\u0142 to\u00a0Ian Miles, kt\u00f3ry\u00a0dodawa\u0142 na\u00a0X: \u201eZe wzgl\u0119du na\u00a0r\u00f3\u017cnice kulturowe i\u00a0relatywizm trudno jest nam nawet rozmawia\u0107 na\u00a0ten temat\u201d.<\/p>\n<blockquote class=\"twitter-tweet\">\n<p dir=\"ltr\" lang=\"en\">There are cannibal gangs in\u00a0Haiti who abduct and eat people. We\u00a0are not supposed to\u00a0talk about that because of cultural relativism.<\/p>\n<p>The entire country has now entered a\u00a0state of chaos after gangs attacked two prisons, setting many criminals free. 80% of the Haitian capital of\u2026 <a href=\"https:\/\/t.co\/lX9SgCCmmV\" target=\"_blank\" rel=\"noopener noreferrer nofollow\">pic.twitter.com\/lX9SgCCmmV<\/a><\/p>\n<p>\u2014\u00a0Ian Miles Cheong (@ianmiles) <a href=\"https:\/\/twitter.com\/ianmiles\/status\/1765423812974412082?ref_src=twsrc%5Etfw\" target=\"_blank\" rel=\"noopener noreferrer nofollow\">March 6, 2024<\/a><\/p>\n<\/blockquote>\n<p>Materia\u0142 na\u00a0temat sytuacji w\u00a0Haiti opublikowa\u0142 te\u017c \u201eGuardian\u201d. Opisana jest w\u00a0nim historia cz\u0142owieka, kt\u00f3ry\u00a0musia\u0142 nagle opuszcza\u0107 sw\u00f3j dom, kiedy wtargn\u0119li do\u00a0niego uzbrojeni bandyci.<\/p>\n<p>\u2013 Ucieka\u0142em, ratuj\u0105c \u017cycie. Je\u017celi kto\u015b si\u0119 na\u00a0to\u00a0nie\u00a0decydowa\u0142, zabijali go. Zamordowali moich\u00a0dw\u00f3ch braci \u2013 opowiada\u0142 Emile Charles, kt\u00f3ry\u00a0mieszka teraz na\u00a0wzg\u00f3rzach wok\u00f3\u0142 miasta, z\u00a0regu\u0142y bez\u00a0dachu nad\u00a0g\u0142ow\u0105.<\/p>\n<p>Wed\u0142ug danych \u201eGuardiana\u201d od\u00a0pocz\u0105tku zaostrzonego konfliktu, czyli od\u00a02022 roku, \u015bmier\u0107 ponios\u0142o ponad 16 tys. mieszka\u0144c\u00f3w Haiti. Prawie p\u00f3\u0142tora miliona, w\u00a0tym wiele dzieci, musia\u0142o opu\u015bci\u0107 swoje domy. Kolejnym problemem s\u0105\u00a0susze, powodzie i\u00a0huragany, kt\u00f3re powoduj\u0105, \u017ce\u00a0ludzie uciekaj\u0105 ze\u00a0wsi, byle tylko\u00a0\u017cy\u0107 w\u00a0mie\u015bcie. A\u00a0tam nie\u00a0ma\u00a0dla nich miejsca. Jedni \u015bpi\u0105 w\u00a0szko\u0142ach, inni w\u00a0ko\u015bcio\u0142ach, jeszcze inni pod\u00a0go\u0142ym niebem. \u2013 Ja\u00a0tak\u00a0naprawd\u0119 jestem ju\u017c martwa \u2013 przyznaje jedna z\u00a0rozm\u00f3wczy\u0144 w\u00a0reporta\u017cu \u201eGuardiana\u201d.<\/p>\n<p>Reprezentacja Haiti dosta\u0142a \u0142omot od\u00a0reprezentacji Kazimierza G\u00f3rskiego<\/p>\n<p>Reprezentacja Haiti zajmuje w\u00a0tej\u00a0chwili 88. miejsce w\u00a0rankingu FIFA. Plasuje si\u0119 mi\u0119dzy Zambi\u0105 a\u00a0Angol\u0105, przed\u00a0Bahrajnem.<\/p>\n<p>Dla tej\u00a0dru\u017cyny to\u00a0powr\u00f3t na\u00a0mundial po\u00a0ponad 50 latach. W\u00a01974 roku, gdy\u00a0Polacy pod\u00a0wodz\u0105 Kazimierza G\u00f3rskiego si\u0119gali po\u00a0trzecie miejsce na\u00a0\u015bwiecie, w\u00a0fazie grupowej mistrzostw \u015bwiata w\u00a0Niemczech zmierzyli si\u0119 w\u0142a\u015bnie z\u00a0tym rywalem. Pokonali wtedy Haiti a\u017c\u00a07:0 (trzy gole strzeli\u0142 Andrzej Szarmach, dwa Grzegorz Lato, po\u00a0jednym Kazimierz Deyna i\u00a0Jerzy Gorgo\u0144), a\u00a0kopciuszek uleg\u0142 te\u017c 1:3 W\u0142ochom i\u00a01:4 Argentynie.<\/p>\n<p>Teraz w\u00a0mundialu w\u00a0przysz\u0142ym roku te\u017c nikt nie\u00a0b\u0119dzie na\u00a0nich stawia\u0142. Ale\u00a0sam awans ma\u00a0spore znaczenie spo\u0142eczne, bo\u00a0pozwala zapomnie\u0107 mieszka\u0144com tego kraju o\u00a0piekle, kt\u00f3re toczy si\u0119 obok. Chocia\u017c na\u00a0chwil\u0119. Do\u00a0kolejnego wystrza\u0142u.<\/p>\n<p>I\u00a0do\u00a0kolejnej bezsensownej \u015bmierci.<\/p>\n<p>Fot.\u00a0Newspix.pl<\/p>\n<p>WI\u0118CEJ O\u00a0MISTRZOSTWACH \u015aWIATA NA\u00a0WESZ\u0141O:<\/p>\n<p>\u00a0<\/p>\n<p>                    <script async src=\"https:\/\/platform.twitter.com\/widgets.js\" charset=\"utf-8\"><\/script><\/p>\n","protected":false},"excerpt":{"rendered":"Reprezentacja Haiti pokona\u0142a we\u00a0wtorek w\u00a0nocy 2:0 Nikaragu\u0119 i\u00a0dzi\u0119ki temu awansowa\u0142a kosztem Hondurasu z\u00a0Luisem Palm\u0105 w\u00a0sk\u0142adzie na\u00a0mistrzostwa \u015bwiata. Zrobi\u0142a&hellip;\n","protected":false},"author":2,"featured_media":109009,"comment_status":"","ping_status":"","sticky":false,"template":"","format":"standard","meta":{"footnotes":""},"categories":[24],"tags":[12317,24049,3037,10867,42,38,40,39,41,127,126],"class_list":{"0":"post-109008","1":"post","2":"type-post","3":"status-publish","4":"format-standard","5":"has-post-thumbnail","7":"category-sport","8":"tag-gangi","9":"tag-haiti","10":"tag-mistrzostwa-swiata","11":"tag-mundial","12":"tag-pl","13":"tag-poland","14":"tag-polish","15":"tag-polska","16":"tag-polski","17":"tag-sport","18":"tag-sports"},"share_on_mastodon":{"url":"https:\/\/pubeurope.com\/@pl\/115577378678397314","error":""},"_links":{"self":[{"href":"https:\/\/www.europesays.com\/pl\/wp-json\/wp\/v2\/posts\/109008","targetHints":{"allow":["GET"]}}],"collection":[{"href":"https:\/\/www.europesays.com\/pl\/wp-json\/wp\/v2\/posts"}],"about":[{"href":"https:\/\/www.europesays.com\/pl\/wp-json\/wp\/v2\/types\/post"}],"author":[{"embeddable":true,"href":"https:\/\/www.europesays.com\/pl\/wp-json\/wp\/v2\/users\/2"}],"replies":[{"embeddable":true,"href":"https:\/\/www.europesays.com\/pl\/wp-json\/wp\/v2\/comments?post=109008"}],"version-history":[{"count":0,"href":"https:\/\/www.europesays.com\/pl\/wp-json\/wp\/v2\/posts\/109008\/revisions"}],"wp:featuredmedia":[{"embeddable":true,"href":"https:\/\/www.europesays.com\/pl\/wp-json\/wp\/v2\/media\/109009"}],"wp:attachment":[{"href":"https:\/\/www.europesays.com\/pl\/wp-json\/wp\/v2\/media?parent=109008"}],"wp:term":[{"taxonomy":"category","embeddable":true,"href":"https:\/\/www.europesays.com\/pl\/wp-json\/wp\/v2\/categories?post=109008"},{"taxonomy":"post_tag","embeddable":true,"href":"https:\/\/www.europesays.com\/pl\/wp-json\/wp\/v2\/tags?post=109008"}],"curies":[{"name":"wp","href":"https:\/\/api.w.org\/{rel}","templated":true}]}}