{"id":109026,"date":"2025-11-19T16:56:10","date_gmt":"2025-11-19T16:56:10","guid":{"rendered":"https:\/\/www.europesays.com\/pl\/109026\/"},"modified":"2025-11-19T16:56:10","modified_gmt":"2025-11-19T16:56:10","slug":"usa-przedstawia-przelomowy-plan-dla-rosji-i-ukrainy-jeszcze-w-tym-tygodniu","status":"publish","type":"post","link":"https:\/\/www.europesays.com\/pl\/109026\/","title":{"rendered":"USA przedstawi\u0105 prze\u0142omowy plan dla Rosji i Ukrainy? &#8222;Jeszcze w tym tygodniu&#8221;"},"content":{"rendered":"<p>Sprawy tocz\u0105 si\u0119 szybko. We wtorek wieczorem pojawi\u0142a si\u0119 wiadomo\u015b\u0107 o bardzo nietypowej podr\u00f3\u017cy sekretarza armii Dana Driscolla do Kijowa \u2014 w towarzystwie dw\u00f3ch czterogwiazdkowych genera\u0142\u00f3w i innych wysokich rang\u0105 ameryka\u0144skich wojskowych.<\/p>\n<p>W trakcie podr\u00f3\u017cy spotkali si\u0119 prawdopodobnie si\u0119 z prezydentem Ukrainy Wo\u0142odymyrem Ze\u0142enskim, a tak\u017ce innymi czo\u0142owymi ukrai\u0144skimi osobisto\u015bciami. Jak na razie powiedzia\u0142 Ze\u0142enski powiedzia\u0142 jedynie: mamy pewne stanowiska i sygna\u0142y z USA.<\/p>\n<p>We wtorek wieczorem Barak Ravid z serwisu Axios ujawni\u0142 szczeg\u00f3\u0142y tajnego planu pokojowego wypracowanego bezpo\u015brednio mi\u0119dzy Bia\u0142ym Domem a Moskw\u0105. Ravid donosi, \u017ce wys\u0142annik Bia\u0142ego Domu Steve Witkoff odby\u0142 trzydniowe rozmowy z <a href=\"https:\/\/wiadomosci.onet.pl\/swiat\/zaskakujaca-propozycja-wyslannika-putina-chce-zbudowac-tunel-miedzy-rosja-a-usa\/qy0q80s\" id=\"19dc5b24-0c30-463a-b279-0422a1ab81f7\" rel=\"nofollow noopener\" target=\"_blank\">rosyjskim negocjatorem Kiri\u0142\u0142em Dmitrijewem<\/a> w Miami pod koniec pa\u017adziernika. 28-punktowy plan pokojowy ma by\u0107 obecnie na stole. We wtorek urz\u0119dnicy administracji Trumpa powiedzieli POLITICO, \u017ce s\u0105 o krok od powa\u017cnego prze\u0142omu.<\/p>\n<p class=\"ods-c-paragraph \">Jest jedno &#8222;ale&#8221;: ten nowy plan pokojowy najwyra\u017aniej powsta\u0142 bez bezpo\u015bredniego wk\u0142adu ze strony Ukrainy i sojusznik\u00f3w USA w Europie. I nie znamy jeszcze szczeg\u00f3\u0142\u00f3w, tego, co zosta\u0142o ustalone w najbardziej dra\u017cliwych kwestiach zwi\u0105zanych z zaj\u0119ciem przez Rosj\u0119 ogromnych po\u0142aci ukrai\u0144skiego terytorium, <a href=\"https:\/\/www.onet.pl\/informacje\/onetwiadomosci\/tragiczny-los-uprowadzonych-dzieci-z-ukrainy-sa-szkolone-na-rosyjskich-zolnierzy\/pyycylc,79cfc278\" id=\"5bd68c92-ac1a-4f8d-a3f7-5fc6f39b09a4\" rel=\"nofollow noopener\" target=\"_blank\">porwaniem dziesi\u0105tek tysi\u0119cy ukrai\u0144skich dzieci<\/a> lub gwarancjami bezpiecze\u0144stwa oferowanymi Ukrainie.<\/p>\n<p>   Wys\u0142annik Putina: czujemy, \u017ce rosyjskie stanowisko jest naprawd\u0119 wys\u0142uchiwane<\/p>\n<p class=\"ods-c-paragraph \">Nastroje w Bia\u0142ym Domu s\u0105 optymistyczne. Wygl\u0105da na to, \u017ce plan zostanie przedstawiony Ze\u0142enskiemu jako fakt dokonany. \u2014 To, co zamierzamy przedstawi\u0107, jest rozs\u0105dne \u2014 stwierdza w rozmowie z POLITICO wysoki rang\u0105 urz\u0119dnik Bia\u0142ego Domu. Administracja Trumpa uwa\u017ca, \u017ce Ze\u0142enski, pod presj\u0105 zar\u00f3wno na polu bitwy, jak i na froncie wewn\u0119trznym (z powodu <a href=\"https:\/\/wiadomosci.onet.pl\/swiat\/korupcyjna-bomba-tyka-wokol-wspolprezydenta-kijowa-zaciska-sie-petla-wszyscy-wiedza\/1eek3v5\" id=\"ee10d2bb-165b-4801-b07b-5a57495a5855\" rel=\"nofollow noopener\" target=\"_blank\">narastaj\u0105cego skandalu korupcyjnego<\/a>), b\u0119dzie musia\u0142 zaakceptowa\u0107 ofert\u0119.<\/p>\n<p class=\"ods-c-paragraph \">Nie b\u0119dziemy musieli d\u0142ugo czeka\u0107, aby przekona\u0107 si\u0119, czy to prawda. Ale brzmi to z\u0142owieszczo: Dmitrijew, rosyjski wys\u0142annik, powiedzia\u0142 Axios, \u017ce jest optymist\u0105, poniewa\u017c czuje, \u017ce &#8222;rosyjskie stanowisko jest naprawd\u0119 wys\u0142uchiwane&#8221;.<\/p>\n<p class=\"ods-c-paragraph \">To nie wszystko. Dmitrijew twierdzi, \u017ce 28-punktowy plan jest czym\u015b wi\u0119cej ni\u017c tylko porozumieniem o zawieszeniu broni.<\/p>\n<p class=\"ods-c-paragraph \">Jest to, jak m\u00f3wi, propozycja &#8222;rozwi\u0105zania konfliktu w Ukrainie, ale tak\u017ce tego, jak przywr\u00f3ci\u0107 wi\u0119zi USA-Rosja i zaj\u0105\u0107 si\u0119 obawami Rosji dotycz\u0105cymi bezpiecze\u0144stwa. To w rzeczywisto\u015bci znacznie szersze ramy, zasadniczo m\u00f3wi\u0105ce, jak naprawd\u0119 mo\u017cemy wreszcie zapewni\u0107 trwa\u0142e bezpiecze\u0144stwo Europie, a nie tylko Ukrainie&#8221;.<\/p>\n<p><img decoding=\"async\" src=\"https:\/\/www.europesays.com\/pl\/wp-content\/uploads\/2025\/11\/nP-k9lBaHR0cHM6Ly9vY2RuLmV1L3B1bHNjbXMvTURBXy81YWNlZjNiNjcxZTQ1ZDgxZDAyZDNjMTEwNWRhMjEwOC5qcGeSlQMAz.jpeg\" height=\"529\" width=\"940\" alt=\"Kiri\u0142\u0142 Dmitrijew, specjalny wys\u0142annik prezydenta Rosji do spraw inwestycji zagranicznych i wsp\u00f3\u0142pracy gospodarczej. Pekin, 2 wrze\u015bnia 2025 r.\" loading=\"lazy\" class=\"ods-c-image__img ods-c-image__img--viewport-width\"\/><\/p>\n<p>Kiri\u0142\u0142 Dmitrijew, specjalny wys\u0142annik prezydenta Rosji do spraw inwestycji zagranicznych i wsp\u00f3\u0142pracy gospodarczej. Pekin, 2 wrze\u015bnia 2025 r.MAXIM SHEMETOV \/ POOL \/ PAP<\/p>\n<p class=\"ods-c-paragraph \">Europa mog\u0142aby chcie\u0107 by\u0107 stron\u0105 tej rozmowy. \u2014 Tak naprawd\u0119 nie zale\u017cy nam na Europejczykach \u2014 m\u00f3wi jednak urz\u0119dnik Bia\u0142ego Domu. \u2014 Chodzi o akceptacj\u0119 Ukrainy.<\/p>\n<p>Ze\u0142enski: Rosja musi zosta\u0107 poci\u0105gni\u0119ta do odpowiedzialno\u015bci za swoje dzia\u0142ania<\/p>\n<p class=\"ods-c-paragraph \">Wojna w Ukrainie jest najbardziej znacz\u0105cym konfliktem zbrojnym od dziesi\u0119cioleci, wielk\u0105 europejsk\u0105 wojn\u0105 l\u0105dow\u0105, kt\u00f3ra podwa\u017cy\u0142a za\u0142o\u017cenia zachodniego bezpiecze\u0144stwa. Szacuje si\u0119, \u017ce w jej trakcie 1,5 mln ludzi zosta\u0142o rannych lub zabitych. A je\u015bli to, co m\u00f3wi\u0105 dzi\u015b Amerykanie i Rosjanie, si\u0119 potwierdzi, wydaje si\u0119, \u017ce w ko\u0144cu zbli\u017camy si\u0119 do punktu zwrotnego.<\/p>\n<p class=\"ods-c-paragraph \">By\u0142by to r\u00f3wnie\u017c wielki moment dla Donalda Trumpa, kt\u00f3ry na szlaku kampanii wyborczej obieca\u0142 zako\u0144czy\u0107 wojn\u0119 w Ukrainie w pierwszym dniu. Od tego czasu przyzna\u0142 jednak, \u017ce zadanie to by\u0142o znacznie trudniejsze, ni\u017c si\u0119 spodziewa\u0142. Dla prezydenta piekielnie <a href=\"https:\/\/wiadomosci.onet.pl\/swiat\/lukasz-gadzala-pokoj-nie-jest-celem-trumpa-ma-obsesje-na-punkcie-waznej-nagrody\/wxg0cs4\" id=\"0a2e22c7-0af8-4a98-b6ec-6f26414419f9\" rel=\"nofollow noopener\" target=\"_blank\">zdeterminowanego, by zdoby\u0107 Pokojow\u0105 Nagrod\u0119 Nobla<\/a>, porozumienie pokojowe w Ukrainie \u2014 w\u0142a\u015bciwie jakiekolwiek porozumienie pokojowe w Ukrainie \u2014 jest naprawd\u0119 po\u017c\u0105dane.<\/p>\n<p class=\"ods-c-paragraph \">Co b\u0119dzie dalej? Czekamy na szczeg\u00f3\u0142y i musimy us\u0142ysze\u0107 odpowied\u017a Ukrainy. Opieraj\u0105c si\u0119 na wcze\u015bniejszych o\u015bwiadczeniach, Ze\u0142enski prawdopodobnie b\u0119dzie mocno naciska\u0142 na usuni\u0119cie wszelkich aspekt\u00f3w umowy, kt\u00f3re uzna za niesmaczne. Ukraina nie b\u0119dzie chcia\u0142a odda\u0107 swojego terytorium, ale wywierana presja b\u0119dzie intensywna. A je\u015bli trzem stronom uda si\u0119 osi\u0105gn\u0105\u0107 porozumienie, z pewno\u015bci\u0105 dojdzie do prze\u0142o\u017conego wcze\u015bniej szczytu Trumpa i Putina.<\/p>\n<p class=\"ods-c-paragraph \">W mi\u0119dzyczasie prezydent Rosji W\u0142adimir Putin nadal bombarduje ukrai\u0144skie miasta, nie bacz\u0105c na \u017cycie cywil\u00f3w. <a href=\"https:\/\/www.onet.pl\/informacje\/onetwiadomosci\/ofiary-smiertelne-i-dziesiatki-rannych-tragiczny-bilans-rosyjskiego-ataku-na-ukraine\/h9psk43,79cfc278\" id=\"889594bd-4607-4f45-87a7-76d0838b301b\" rel=\"nofollow noopener\" target=\"_blank\">Pocisk rakietowy<\/a>, kt\u00f3ry uderzy\u0142 w nocy w blok mieszkalny w Tarnopolu, to kolejny przyk\u0142ad tego, w jaki spos\u00f3b Rosja prowadzi t\u0119 wojn\u0119. Ze\u0142enski poinformowa\u0142, \u017ce dziesi\u0105tki os\u00f3b zosta\u0142o rannych, a dziewi\u0119\u0107 zgin\u0119\u0142o. \u2014 Rosja musi zosta\u0107 poci\u0105gni\u0119ta do odpowiedzialno\u015bci za swoje dzia\u0142ania \u2014 powiedzia\u0142.<\/p>\n","protected":false},"excerpt":{"rendered":"Sprawy tocz\u0105 si\u0119 szybko. We wtorek wieczorem pojawi\u0142a si\u0119 wiadomo\u015b\u0107 o bardzo nietypowej podr\u00f3\u017cy sekretarza armii Dana Driscolla&hellip;\n","protected":false},"author":2,"featured_media":109027,"comment_status":"","ping_status":"","sticky":false,"template":"","format":"standard","meta":{"footnotes":""},"categories":[14],"tags":[56,32,33,44,27,76,14747,34,35,28,31,48,25,46,40,1314,41,87,47,80,29,30,415,71,26,309,82,83,84],"class_list":{"0":"post-109026","1":"post","2":"type-post","3":"status-publish","4":"format-standard","5":"has-post-thumbnail","7":"category-swiat","8":"tag-article_premium","9":"tag-breaking-news","10":"tag-breakingnews","11":"tag-donald_trump","12":"tag-headlines","13":"tag-inwazja_rosji_na_ukraine","14":"tag-kirill_dmitrijew","15":"tag-latest-news","16":"tag-latestnews","17":"tag-naglowki","18":"tag-najwazniejsze-artykuly","19":"tag-nat_styl","20":"tag-news","21":"tag-omp","22":"tag-polish","23":"tag-politico","24":"tag-polski","25":"tag-rosja","26":"tag-screening_general","27":"tag-swiat","28":"tag-top-stories","29":"tag-topstories","30":"tag-ukraina","31":"tag-usa","32":"tag-wiadomosci","33":"tag-wolodymyr_zelenski","34":"tag-world","35":"tag-world-news","36":"tag-worldnews"},"share_on_mastodon":{"url":"https:\/\/pubeurope.com\/@pl\/115577420779934538","error":""},"_links":{"self":[{"href":"https:\/\/www.europesays.com\/pl\/wp-json\/wp\/v2\/posts\/109026","targetHints":{"allow":["GET"]}}],"collection":[{"href":"https:\/\/www.europesays.com\/pl\/wp-json\/wp\/v2\/posts"}],"about":[{"href":"https:\/\/www.europesays.com\/pl\/wp-json\/wp\/v2\/types\/post"}],"author":[{"embeddable":true,"href":"https:\/\/www.europesays.com\/pl\/wp-json\/wp\/v2\/users\/2"}],"replies":[{"embeddable":true,"href":"https:\/\/www.europesays.com\/pl\/wp-json\/wp\/v2\/comments?post=109026"}],"version-history":[{"count":0,"href":"https:\/\/www.europesays.com\/pl\/wp-json\/wp\/v2\/posts\/109026\/revisions"}],"wp:featuredmedia":[{"embeddable":true,"href":"https:\/\/www.europesays.com\/pl\/wp-json\/wp\/v2\/media\/109027"}],"wp:attachment":[{"href":"https:\/\/www.europesays.com\/pl\/wp-json\/wp\/v2\/media?parent=109026"}],"wp:term":[{"taxonomy":"category","embeddable":true,"href":"https:\/\/www.europesays.com\/pl\/wp-json\/wp\/v2\/categories?post=109026"},{"taxonomy":"post_tag","embeddable":true,"href":"https:\/\/www.europesays.com\/pl\/wp-json\/wp\/v2\/tags?post=109026"}],"curies":[{"name":"wp","href":"https:\/\/api.w.org\/{rel}","templated":true}]}}