{"id":109104,"date":"2025-11-19T17:48:15","date_gmt":"2025-11-19T17:48:15","guid":{"rendered":"https:\/\/www.europesays.com\/pl\/109104\/"},"modified":"2025-11-19T17:48:15","modified_gmt":"2025-11-19T17:48:15","slug":"jak-sobie-radza-monitory-oled-okazuje-sie-ze-nad-wyraz-dobrze-sprawdz-swiezy-raport-z-q3-2025","status":"publish","type":"post","link":"https:\/\/www.europesays.com\/pl\/109104\/","title":{"rendered":"Jak sobie radz\u0105 monitory OLED? Okazuje si\u0119, \u017ce nad wyraz dobrze. Sprawd\u017a \u015bwie\u017cy raport z Q3 2025"},"content":{"rendered":"<p><img decoding=\"async\" class=\"teaserfoto\" src=\"https:\/\/www.europesays.com\/pl\/wp-content\/uploads\/2025\/11\/48974.png\" alt=\"Jak sobie radz\u0105 monitory OLED? Okazuje si\u0119, \u017ce nad wyraz dobrze. Sprawd\u017a \u015bwie\u017cy raport z Q3 2025\"\/>Przechodzimy na moment do \u015bwiata monitor\u00f3w, aby przyjrze\u0107 si\u0119 nowemu raportowi, kt\u00f3ry udost\u0119pni\u0142a firma TrendForce. Omawia on segment modeli z panelami OLED. Okazuje si\u0119, \u017ce na rynku widoczny jest naprawd\u0119 spory wzrost zainteresowania t\u0105 technologi\u0105. \u015awie\u017ce statystyki pokazuj\u0105, jakie firmy mia\u0142y najwi\u0119kszy udzia\u0142 w trzecim kwartale 2025 roku, a tak\u017ce, jak wiele egzemplarzy zosta\u0142o wys\u0142anych. Zobaczmy wi\u0119c, jak dok\u0142adniej wygl\u0105da\u0142a ca\u0142a sytuacja.<\/p>\n<p>Firma TrendForce przedstawi\u0142a nowy raport, kt\u00f3ry omawia sytuacj\u0119 w \u015bwiecie monitor\u00f3w z panelami OLED. Wynika z niego, \u017ce mamy do czynienia z du\u017cym wzrostem zainteresowania. W trzecim kw. 2025 roku liderem zosta\u0142 ASUS.<\/p>\n<p class=\"center\"><a class=\"colorbox\" href=\"https:\/\/www.purepc.pl\/image\/news\/2025\/11\/19_jak_sobie_radza_monitory_oled_okazuje_sie_ze_nad_wyraz_dobrze_sprawdz_swiezy_raport_z_q3_2025_0_b.jpg\" rel=\"nofollow noopener\" target=\"_blank\"><img decoding=\"async\" src=\"https:\/\/www.europesays.com\/pl\/wp-content\/uploads\/2025\/11\/19_jak_sobie_radza_monitory_oled_okazuje_sie_ze_nad_wyraz_dobrze_sprawdz_swiezy_raport_z_q3_2025_0.j.jpeg\" alt=\"Jak sobie radz\u0105 monitory OLED? Okazuje si\u0119, \u017ce nad wyraz dobrze. Sprawd\u017a \u015bwie\u017cy raport z Q3 2025 [1]\"\/><\/a><br \/>Sameer\/Unsplash<\/p>\n<p><a title=\"Philips Evnia 27M2N6501L - Nowy monitor QD-OLED dla graczy. Tym razem to zdecydowanie najta\u0144szy OLED na rynku\" href=\"https:\/\/www.purepc.pl\/philips-evnia-27m2n6501l-monitor-qd-oled-cena-specyfikacja\" rel=\"nofollow noopener\" target=\"_blank\">Philips Evnia 27M2N6501L &#8211; Nowy monitor QD-OLED dla graczy. Tym razem to zdecydowanie najta\u0144szy OLED na rynku<\/a><\/p>\n<p>Ca\u0142y raport od TrendForce, z kt\u00f3rym mo\u017cemy zapozna\u0107 si\u0119 <a href=\"https:\/\/www.trendforce.com\/presscenter\/news\/20251118-12787.html\" rel=\"nofollow noopener\" target=\"_blank\">POD TYM ADRESEM<\/a>, omawia globaln\u0105 wysy\u0142k\u0119 <a href=\"https:\/\/www.purepc.pl\/artykuly\/monitory\" rel=\"nofollow noopener\" target=\"_blank\">monitor\u00f3w<\/a> ze wspomnianymi panelami <a href=\"https:\/\/www.purepc.pl\/tagi\/oled\" rel=\"nofollow noopener\" target=\"_blank\">OLED<\/a> w trzecim kw. 2025 roku. W tym okresie osi\u0105gni\u0119ty zosta\u0142 poziom 644 tys. wys\u0142anych egzemplarzy, co stanowi wzrost o 12% bior\u0105c pod uwag\u0119 poprzedni kwarta\u0142 i a\u017c o 65% lepszy wynik wzgl\u0119dem tego samego czasu w zesz\u0142ym roku. Przewiduje si\u0119, \u017ce do ko\u0144ca 2025 roku dostawy osi\u0105gn\u0105 pu\u0142ap 2,62 mln, co by\u0142oby wzrostem o 84% w skali rokrocznej. Mo\u017cemy przej\u015b\u0107 do zestawienia, kt\u00f3re dla lepszej perspektywy przedstawiono na poni\u017cszym wykresie. Na pierwszym miejscu uplasowa\u0142a si\u0119 napomkni\u0119ta marka <a href=\"https:\/\/www.purepc.pl\/tagi\/asus\" rel=\"nofollow noopener\" target=\"_blank\">ASUS<\/a>, kt\u00f3rej uda\u0142o si\u0119 prze\u015bcign\u0105\u0107 korea\u0144skiego <a href=\"https:\/\/www.purepc.pl\/tagi\/samsung\" rel=\"nofollow noopener\" target=\"_blank\">Samsunga<\/a>. Ten ostatni zachowa\u0142 jednak drugie miejsce z udzia\u0142em rynkowym wynosz\u0105cym 18%, a do ko\u0144ca roku powinien poprawi\u0107 sw\u00f3j wynik. To jednak ASUS ma zaj\u0105\u0107 pierwsze miejsce w ostatecznych statystykach za rok 2025.<\/p>\n<p><img decoding=\"async\" src=\"https:\/\/www.europesays.com\/pl\/wp-content\/uploads\/2025\/10\/150_A100.png\" alt=\"PurePC\"\/><\/p>\n<p class=\"wykres_tytul\">Udzia\u0142 rynkowy w segmencie monitor\u00f3w OLED<\/p>\n<p class=\"wykres_podtytul\">Trzeci kwarta\u0142 2025 roku (TrendForce)<\/p>\n<p class=\"wykres_jednostka\">procent (wi\u0119cej = lepiej)<\/p>\n<p><a title=\"AOC Gaming Q27G4ZDR oraz Gaming Q27G4SDR - monitory QD-OLED 1440p, kt\u00f3re wspieraj\u0105 Adaptive-Sync i tryb HDR\" href=\"https:\/\/www.purepc.pl\/aoc-gaming-q27g4zdr-oraz-gaming-q27g4sdr-monitory-qd-oled-1440p-ktore-wspieraja-adaptive-sync-i-tryb-hdr\" rel=\"nofollow noopener\" target=\"_blank\">AOC Gaming Q27G4ZDR oraz Gaming Q27G4SDR &#8211; monitory QD-OLED 1440p, kt\u00f3re wspieraj\u0105 Adaptive-Sync i tryb HDR<\/a><\/p>\n<p>Nast\u0119pnie widoczna jest marka MSI, kt\u00f3re pocz\u0105tkowo w 2024 roku mia\u0142a pi\u0105te miejsce, a obecnie, czyli w 3. kwartale 2025 roku, zajmuje trzeci\u0105 pozycj\u0119 w skali \u015bwiatowej. Na ko\u0144cu znalaz\u0142 si\u0119 LG z udzia\u0142em rynkowym wynosz\u0105cym 12,9% &#8211; w tym przypadku mo\u017cna m\u00f3wi\u0107 o ma\u0142ym sukcesie, poniewa\u017c w poprzednim kwartale ta firma by\u0142a na pi\u0105tym miejscu, a TrendForce informuje, \u017ce jest szansa na dotarcie do trzeciego. Technologia OLED mimo niew\u0105tpliwych zalet ma oczywi\u015bcie swoje wady, ale ze statystyk wynika, \u017ce coraz wi\u0119cej os\u00f3b sk\u0142ania si\u0119 w\u0142a\u015bnie w t\u0119 stron\u0119. Czy ten trend b\u0119dzie si\u0119 utrzymywa\u0142? Sekcja komentarzy pozostaje jak zawsze otwarta.<\/p>\n<p class=\"center\"><a class=\"colorbox\" href=\"https:\/\/www.purepc.pl\/image\/news\/2025\/11\/19_jak_sobie_radza_monitory_oled_okazuje_sie_ze_nad_wyraz_dobrze_sprawdz_swiezy_raport_z_q3_2025_1_b.jpg\" rel=\"nofollow noopener\" target=\"_blank\"><img decoding=\"async\" src=\"https:\/\/www.europesays.com\/pl\/wp-content\/uploads\/2025\/11\/19_jak_sobie_radza_monitory_oled_okazuje_sie_ze_nad_wyraz_dobrze_sprawdz_swiezy_raport_z_q3_2025_1.j.jpeg\" alt=\"Jak sobie radz\u0105 monitory OLED? Okazuje si\u0119, \u017ce nad wyraz dobrze. Sprawd\u017a \u015bwie\u017cy raport z Q3 2025 [2]\"\/><\/a>Martin Des\/Unsplash<\/p>\n<p>\u0179r\u00f3d\u0142o: TechPowerUp, TrendForce, srip\/Flaticon, Daniel Romero\/Unsplash, Wikipedia<\/p>\n","protected":false},"excerpt":{"rendered":"Przechodzimy na moment do \u015bwiata monitor\u00f3w, aby przyjrze\u0107 si\u0119 nowemu raportowi, kt\u00f3ry udost\u0119pni\u0142a firma TrendForce. Omawia on segment&hellip;\n","protected":false},"author":2,"featured_media":109105,"comment_status":"","ping_status":"","sticky":false,"template":"","format":"standard","meta":{"footnotes":""},"categories":[20],"tags":[1970,24065,2376,24066,14031,120,118,119,2378,42,38,40,39,41,90,2072,116,114,115,3095,121,117],"class_list":{"0":"post-109104","1":"post","2":"type-post","3":"status-publish","4":"format-standard","5":"has-post-thumbnail","7":"category-nauka-i-technika","8":"tag-asus","9":"tag-lge","10":"tag-monitor","11":"tag-monitor-oled","12":"tag-msi","13":"tag-nauka","14":"tag-nauka-i-technika","15":"tag-naukatechnika","16":"tag-oled","17":"tag-pl","18":"tag-poland","19":"tag-polish","20":"tag-polska","21":"tag-polski","22":"tag-raport","23":"tag-samsung","24":"tag-science","25":"tag-science-and-technology","26":"tag-sciencetechnology","27":"tag-statystyki","28":"tag-technika","29":"tag-technology"},"share_on_mastodon":{"url":"https:\/\/pubeurope.com\/@pl\/115577625559683947","error":""},"_links":{"self":[{"href":"https:\/\/www.europesays.com\/pl\/wp-json\/wp\/v2\/posts\/109104","targetHints":{"allow":["GET"]}}],"collection":[{"href":"https:\/\/www.europesays.com\/pl\/wp-json\/wp\/v2\/posts"}],"about":[{"href":"https:\/\/www.europesays.com\/pl\/wp-json\/wp\/v2\/types\/post"}],"author":[{"embeddable":true,"href":"https:\/\/www.europesays.com\/pl\/wp-json\/wp\/v2\/users\/2"}],"replies":[{"embeddable":true,"href":"https:\/\/www.europesays.com\/pl\/wp-json\/wp\/v2\/comments?post=109104"}],"version-history":[{"count":0,"href":"https:\/\/www.europesays.com\/pl\/wp-json\/wp\/v2\/posts\/109104\/revisions"}],"wp:featuredmedia":[{"embeddable":true,"href":"https:\/\/www.europesays.com\/pl\/wp-json\/wp\/v2\/media\/109105"}],"wp:attachment":[{"href":"https:\/\/www.europesays.com\/pl\/wp-json\/wp\/v2\/media?parent=109104"}],"wp:term":[{"taxonomy":"category","embeddable":true,"href":"https:\/\/www.europesays.com\/pl\/wp-json\/wp\/v2\/categories?post=109104"},{"taxonomy":"post_tag","embeddable":true,"href":"https:\/\/www.europesays.com\/pl\/wp-json\/wp\/v2\/tags?post=109104"}],"curies":[{"name":"wp","href":"https:\/\/api.w.org\/{rel}","templated":true}]}}