{"id":109144,"date":"2025-11-19T18:11:10","date_gmt":"2025-11-19T18:11:10","guid":{"rendered":"https:\/\/www.europesays.com\/pl\/109144\/"},"modified":"2025-11-19T18:11:10","modified_gmt":"2025-11-19T18:11:10","slug":"brexit-jak-kula-u-nogi-londyn-i-bruksela-wciaz-wala-glowa-w-mur-daleka-droga-do-porozumienia","status":"publish","type":"post","link":"https:\/\/www.europesays.com\/pl\/109144\/","title":{"rendered":"Brexit jak kula u nogi. Londyn i Bruksela wci\u0105\u017c wal\u0105 g\u0142ow\u0105 w mur. Daleka droga do porozumienia"},"content":{"rendered":"<p>Sze\u015b\u0107 miesi\u0119cy temu na szczycie w Londynie Keir Starmer doszed\u0142 do &#8222;wsp\u00f3lnego porozumienia&#8221; z UE. Obie strony \u2014 chc\u0105c porzuci\u0107 lata z\u0142ej atmosfery wywo\u0142anej brexitem. \u2014 obieca\u0142y usprawni\u0107 handel \u017cywno\u015bci\u0105 i energi\u0105 elektryczn\u0105. Maj\u0105 u\u0142atwi\u0107 m\u0142odym ludziom \u017cycie za granic\u0105, po\u0142\u0105czy\u0107 swoje rynki emisji dwutlenku w\u0119gla i \u015bci\u015blej wsp\u00f3\u0142pracowa\u0107 w dziedzinie obronno\u015bci.<\/p>\n<p>Przede wszystkim za\u015b maj\u0105 z\u0142agodzi\u0107 kontrowersyjn\u0105 umow\u0119 Borisa Johnsona w sprawie brexitu. Uzgodniono, \u017ce najtrudniejsze szczeg\u00f3\u0142y zostan\u0105 rozwi\u0105zane w nadchodz\u0105cym roku. Sze\u015b\u0107 miesi\u0119cy p\u00f3\u017aniej przej\u015bcie do sedna sprawy okazuje si\u0119 skomplikowane. I jak zawsze, wi\u0119kszo\u015b\u0107 spor\u00f3w sprowadza si\u0119 do pieni\u0119dzy.<\/p>\n<p>Unia Europejska chce, by Londyn si\u0119gn\u0105\u0142 do kieszeni<\/p>\n<p class=\"ods-c-paragraph \">Wczesne etapy rozm\u00f3w by\u0142y utrudnione przez to, co przewodnicz\u0105cy Komisji Spraw Europejskich brytyjskiego parlamentu nazywa &#8222;mno\u017c\u0105cymi si\u0119 \u017c\u0105daniami UE dotycz\u0105cymi brytyjskich pieni\u0119dzy&#8221;.<\/p>\n<p class=\"ods-c-paragraph \">W ramach planowanego porozumienia rolno-spo\u017cywczego Bruksela chce, by Londyn si\u0119 dorzuci\u0142. Domaga si\u0119 te\u017c p\u0142atno\u015bci za program studencki Erasmus, pieni\u0119dzy za porozumienie w sprawie handlu energi\u0105 elektryczn\u0105 oraz za dost\u0119p do programu zbrojeniowego SAFE.<\/p>\n<p class=\"ods-c-paragraph \">W zesz\u0142ym tygodniu pa\u0144stwa cz\u0142onkowskie uzgodni\u0142y mi\u0119dzy sob\u0105, \u017ce Londyn powinien wp\u0142aca\u0107 pieni\u0105dze do unijnych funduszy sp\u00f3jno\u015bci \u2014 pieni\u0105dze, kt\u00f3re wyr\u00f3wna\u0142yby nier\u00f3wno\u015bci mi\u0119dzy r\u00f3\u017cnymi pa\u0144stwami cz\u0142onkowskimi UE.<\/p>\n<p class=\"ods-c-paragraph \">Do pewnego stopnia Wielka Brytania by\u0142a przygotowana na to, \u017ce lepszy dost\u0119p do rynk\u00f3w UE b\u0119dzie mia\u0142 swoj\u0105 cen\u0119. Nick Thomas-Symonds, minister do spraw brexitu, zgodzi\u0142 si\u0119, \u017ce Wielka Brytania b\u0119dzie musia\u0142a wp\u0142aca\u0107 sk\u0142adki na pokrycie &#8222;koszt\u00f3w administracyjnych&#8221; i op\u0142aca\u0107 swoj\u0105 drog\u0119 w programach, kt\u00f3re obejmuj\u0105 \u0142\u0105czenie zasob\u00f3w \u2014 cho\u0107 zawsze z &#8222;dok\u0142adn\u0105 analiz\u0105 stosunku jako\u015bci do ceny&#8221;. Wyrazi\u0142 si\u0119 jednak jasno, \u017ce Wielka Brytania &#8222;nie wniesie og\u00f3lnego wk\u0142adu do bud\u017cetu UE&#8221; w ramach resetu.<\/p>\n<p>   <img decoding=\"async\" src=\"https:\/\/www.europesays.com\/pl\/wp-content\/uploads\/2025\/11\/5zak9lBaHR0cHM6Ly9vY2RuLmV1L3B1bHNjbXMvTURBXy8zMWIwOTY3MGJlZWFlNzdlNTJiMjFlY2I4NzI4MTUxYi5qcGeRlQLNB.jpeg\" height=\"597\" width=\"940\" alt=\"Rachel Reeves, brytyjska kanclerz skarbu. Londyn, 4 listopada 2025 r.\" loading=\"lazy\" class=\"ods-c-image__img ods-c-image__img--viewport-width\"\/><\/p>\n<p>Rachel Reeves, brytyjska kanclerz skarbu. Londyn, 4 listopada 2025 r.EPA\/ANDY RAIN \/ POOL \/ PAP<\/p>\n<p class=\"ods-c-paragraph \">Dla ka\u017cdego, kto ostatnio czyta\u0142 brytyjskie gazety, kontekst jest oczywisty. Jeszcze w tym miesi\u0105cu kanclerz Rachel Reeves przedstawi bolesny bud\u017cet, pe\u0142en podwy\u017cek podatk\u00f3w i ci\u0119\u0107 wydatk\u00f3w. Gdy Reeves szuka oszcz\u0119dno\u015bci, gdzie tylko si\u0119 da, przekazywanie miliard\u00f3w do UE budzi w\u0105tpliwo\u015bci.<\/p>\n<p>&#8222;Musimy dba\u0107 o nasze relacje z Wielk\u0105 Brytani\u0105&#8221;<\/p>\n<p class=\"ods-c-paragraph \">Nawet po stronie UE s\u0105 tacy, kt\u00f3rzy obawiaj\u0105 si\u0119, \u017ce poproszenie Wielkiej Brytanii o wypisanie tak wielu czek\u00f3w mo\u017ce mie\u0107 konsekwencje dla relacji. W zesz\u0142ym tygodniu grupa pa\u0144stw cz\u0142onkowskich, w tym Niemcy, Belgia, Holandia i Irlandia, podj\u0119\u0142a pr\u00f3b\u0119 na spotkaniu ambasador\u00f3w UE, aby z\u0142agodzi\u0107 j\u0119zyk \u017c\u0105da\u0144 dotycz\u0105cych brytyjskiego wk\u0142adu do funduszy sp\u00f3jno\u015bci.<\/p>\n<p class=\"ods-c-paragraph \">Kraje te obawia\u0142y si\u0119, \u017ce zbyt mocne naciski mog\u0105 os\u0142abi\u0107 stosunki do tego stopnia, \u017ce cz\u0119\u015bci brexitowego resetu, na kt\u00f3rych im zale\u017cy \u2014 w szczeg\u00f3lno\u015bci porozumienie w sprawie handlu energi\u0105 elektryczn\u0105 \u2014 zostan\u0105 pogrzebane.<\/p>\n<p class=\"ods-c-paragraph \">\u2014 W maju zawarli\u015bmy porozumienie, kt\u00f3re powinno by\u0107 podstaw\u0105 naszych rozm\u00f3w \u2014 m\u00f3wi POLITICO jeden z ostro\u017cnych dyplomat\u00f3w z UE. Podobnie jak inni cytowani w tym artykule, zapewniono im anonimowo\u015b\u0107 w celu om\u00f3wienia trwaj\u0105cych rozm\u00f3w. \u2014 Wi\u0119c nie powinni\u015bmy w listopadzie wraca\u0107 i pr\u00f3bowa\u0107 dodawa\u0107 do niego wk\u0142ad\u00f3w do funduszy sp\u00f3jno\u015bci, kt\u00f3rych nie uzgodnili\u015bmy w maju, nawet je\u015bli jest to zasada, kt\u00f3r\u0105 uwa\u017camy za uzasadnion\u0105. Musimy dba\u0107 o nasze relacje z Wielk\u0105 Brytani\u0105.<\/p>\n<p class=\"ods-c-paragraph \">Cho\u0107 niekt\u00f3re kraje chc\u0105 gra\u0107 na mi\u0119kko, wszyscy zgadzaj\u0105 si\u0119, \u017ce taki wk\u0142ad b\u0119dzie ostatecznie konieczny. \u2014 Jako kraj trzeci nie mo\u017cesz cieszy\u0107 si\u0119 korzy\u015bciami, kt\u00f3re stawiaj\u0105 ci\u0119 w korzystniejszej sytuacji ni\u017c cz\u0142onk\u00f3w UE \u2014 m\u00f3wi POLITICO drugi unijny dyplomata. \u2014 Przez lata wszystkie kraje trzecie maj\u0105ce dost\u0119p do jednolitego rynku mia\u0142y obowi\u0105zek wnoszenia wk\u0142ad\u00f3w bud\u017cetowych do Funduszu Sp\u00f3jno\u015bci [&#8230;] Takie zawsze by\u0142o nasze podej\u015bcie.<\/p>\n<p class=\"ods-c-paragraph \">Ostatecznie, w kompromisowym brzmieniu zwr\u00f3cono si\u0119 do Komisji Europejskiej o &#8222;zastanowienie si\u0119 nad odpowiednim poziomem wk\u0142adu finansowego&#8221;, jaki Londyn powinien wnie\u015b\u0107, jednocze\u015bnie przyspieszaj\u0105c rozmowy w sprawie handlu energi\u0105 elektryczn\u0105, kt\u00f3re maj\u0105 rozpocz\u0105\u0107 si\u0119 przed ko\u0144cem roku.<\/p>\n<p class=\"ods-c-paragraph \">UE ma nadziej\u0119, \u017ce uzgodnione stanowisko b\u0119dzie oznacza\u0107, \u017ce rozmowy b\u0119d\u0105 mog\u0142y toczy\u0107 si\u0119 szybko. Jednocze\u015bnie daj\u0105c Londynowi jasno do zrozumienia, \u017ce oczekuje od niego p\u0142atno\u015bci za wszelkie uzyskane korzy\u015bci.<\/p>\n<p>&#8222;Niekt\u00f3rzy cz\u0142onkowie UE nie chc\u0105, aby Wielka Brytania uczestniczy\u0142a w tym programie&#8221;<\/p>\n<p class=\"ods-c-paragraph \">Jednak ju\u017c teraz pojawiaj\u0105 si\u0119 oznaki, \u017ce nacisk UE na to, by Wielka Brytania przynios\u0142a sw\u00f3j portfel na rozmowy, wstrzymuje post\u0119p spraw. Rozmowy na temat udzia\u0142u Wielkiej Brytanii w <a href=\"https:\/\/wiadomosci.onet.pl\/swiat\/wielka-brytania-odrzuca-zadania-unii-europejskiej-chodzi-o-program-safe\/l21p0ed\" id=\"4bd4a463-a420-4627-b936-29aa3d505aa7\" rel=\"nofollow noopener\" target=\"_blank\">unijnym programie zbrojeniowym SAFE<\/a> \u2014 maj\u0105cym na celu wzmocnienie europejskiej obrony w \u015bwietle wojny na Ukrainie i ambiwalencji Donalda Trumpa \u2014 rozpocz\u0119\u0142y si\u0119 w maju.<\/p>\n<p class=\"ods-c-paragraph \">Sze\u015b\u0107 miesi\u0119cy p\u00f3\u017aniej kwestia finansowania nadal pozostaje nierozwi\u0105zana. Bruksela chce ok. 4,5 do 6,5 mld euro [ok. 19-27,5 mld z\u0142] w zamian za udzia\u0142 Wielkiej Brytanii, wed\u0142ug dw\u00f3ch unijnych dyplomat\u00f3w. Peter Ricketts, weteran brytyjskiej dyplomacji, kt\u00f3ry przewodniczy Komisji Spraw Europejskich brytyjskiego parlamentu, okre\u015bli\u0142 to \u017c\u0105danie jako &#8222;niewiarygodne&#8221;.<\/p>\n<p><img decoding=\"async\" src=\"https:\/\/www.europesays.com\/pl\/wp-content\/uploads\/2025\/11\/Sqck9lBaHR0cHM6Ly9vY2RuLmV1L3B1bHNjbXMvTURBXy84NzdlYjAwZmQyZmVjMjAxZmZlZjIzZGRiZmE0OGE5Yi5qcGeRlQLNB.jpeg\" height=\"723\" width=\"940\" alt=\"Pa\u0142ac Westminsterski, siedziba brytyjskiego parlamentu. Zdj\u0119cie ilustracyjne\" loading=\"lazy\" class=\"ods-c-image__img ods-c-image__img--viewport-width\"\/><\/p>\n<p>Pa\u0142ac Westminsterski, siedziba brytyjskiego parlamentu. Zdj\u0119cie ilustracyjneMistervlad \/ Shutterstock<\/p>\n<p class=\"ods-c-paragraph \">\u2014 To program po\u017cyczkowy. Rz\u0105d jest got\u00f3w uczestniczy\u0107 w kosztach jego prowadzenia. Ale op\u0142ata w wysoko\u015bci 6,5 mld euro jest tak wysoka, \u017ce sugeruje, i\u017c niekt\u00f3rzy cz\u0142onkowie UE nie chc\u0105, aby Wielka Brytania uczestniczy\u0142a w tym programie \u2014 powiedzia\u0142.<\/p>\n<p class=\"ods-c-paragraph \">Downing Street o\u015bwiadczy\u0142o, \u017ce Keir Starmer powiedzia\u0142 przewodnicz\u0105cej Komisji Ursuli von der Leyen w rozmowie telefonicznej w zesz\u0142ym tygodniu, \u017ce &#8222;wszelkie umowy musz\u0105 skutkowa\u0107 wymiernymi korzy\u015bciami dla brytyjskiego spo\u0142ecze\u0144stwa&#8221;.<\/p>\n<p>   Czas ucieka, problem\u00f3w nie ubywa<\/p>\n<p class=\"ods-c-paragraph \">Podczas gdy spory o finanse wstrzymuj\u0105 bieg spraw, terminy goni\u0105. Rz\u0105d Wielkiej Brytanii postawi\u0142 sobie za cel wprowadzenie planowanego porozumienia rolno-spo\u017cywczego do 2027 r., aby wyborcy mogli zacz\u0105\u0107 odczuwa\u0107 korzy\u015bci przy kasach supermarket\u00f3w przed nast\u0119pnymi wyborami.<\/p>\n<p class=\"ods-c-paragraph \">Podobnie, je\u015bli rozmowy w sprawie po\u0142\u0105czenia system\u00f3w handlu uprawnieniami do emisji nie zostan\u0105 zako\u0144czone do ko\u0144ca roku \u2014 lub nie zostanie zawarte tymczasowe porozumienie pomostowe \u2014 brytyjskie firmy zaczn\u0105 odczuwa\u0107 skutki nowych podatk\u00f3w od emisji dwutlenku w\u0119gla w UE od 1 stycznia.<\/p>\n<p class=\"ods-c-paragraph \">W obu przypadkach konieczne b\u0119dzie rozwi\u0105zanie kwestii finansowych. Maros Sefcovic, g\u0142\u00f3wny negocjator UE, wyrazi\u0142 nadziej\u0119, \u017ce wi\u0119kszo\u015b\u0107 temat\u00f3w mo\u017ce zosta\u0107 rozwi\u0105zana do czasu przysz\u0142orocznego szczytu UE-Wielka Brytania \u2014 cho\u0107 \u017cadna data nie zosta\u0142a jeszcze ustalona.<\/p>\n<p class=\"ods-c-paragraph \">Prawdopodobnie podczas negocjacji b\u0119dzie &#8222;troch\u0119 w t\u0119 i z powrotem&#8221;, a mo\u017ce nawet troch\u0119 &#8222;dramatu&#8221;, jak uwa\u017ca drugi cytowany powy\u017cej unijny dyplomata \u2014 oceniaj\u0105c to jako &#8222;brytyjski styl negocjacji&#8221;. Ale ostatecznie nadzieje s\u0105 nadal du\u017ce, \u017ce reset mo\u017ce przynie\u015b\u0107 rezultaty.<\/p>\n<p class=\"ods-c-paragraph \">\u2014 Nie by\u0142oby absolutnie \u017cadnych niespodzianek \u2014 dodaje dyplomata. \u2014 Oni bardzo dobrze znaj\u0105 nas, a my bardzo dobrze znamy ich.<\/p>\n","protected":false},"excerpt":{"rendered":"Sze\u015b\u0107 miesi\u0119cy temu na szczycie w Londynie Keir Starmer doszed\u0142 do &#8222;wsp\u00f3lnego porozumienia&#8221; z UE. Obie strony \u2014&hellip;\n","protected":false},"author":2,"featured_media":109145,"comment_status":"","ping_status":"","sticky":false,"template":"","format":"standard","meta":{"footnotes":""},"categories":[14],"tags":[56,32,33,14240,27,12071,34,35,28,31,48,25,46,40,1314,41,47,80,29,30,86,344,26,79,82,83,84],"class_list":{"0":"post-109144","1":"post","2":"type-post","3":"status-publish","4":"format-standard","5":"has-post-thumbnail","7":"category-swiat","8":"tag-article_premium","9":"tag-breaking-news","10":"tag-breakingnews","11":"tag-brexit","12":"tag-headlines","13":"tag-keir_starmer","14":"tag-latest-news","15":"tag-latestnews","16":"tag-naglowki","17":"tag-najwazniejsze-artykuly","18":"tag-nat_styl","19":"tag-news","20":"tag-omp","21":"tag-polish","22":"tag-politico","23":"tag-polski","24":"tag-screening_general","25":"tag-swiat","26":"tag-top-stories","27":"tag-topstories","28":"tag-unia_europejska","29":"tag-ursula_von_der_leyen","30":"tag-wiadomosci","31":"tag-wielka_brytania","32":"tag-world","33":"tag-world-news","34":"tag-worldnews"},"share_on_mastodon":{"url":"https:\/\/pubeurope.com\/@pl\/115577715829671078","error":""},"_links":{"self":[{"href":"https:\/\/www.europesays.com\/pl\/wp-json\/wp\/v2\/posts\/109144","targetHints":{"allow":["GET"]}}],"collection":[{"href":"https:\/\/www.europesays.com\/pl\/wp-json\/wp\/v2\/posts"}],"about":[{"href":"https:\/\/www.europesays.com\/pl\/wp-json\/wp\/v2\/types\/post"}],"author":[{"embeddable":true,"href":"https:\/\/www.europesays.com\/pl\/wp-json\/wp\/v2\/users\/2"}],"replies":[{"embeddable":true,"href":"https:\/\/www.europesays.com\/pl\/wp-json\/wp\/v2\/comments?post=109144"}],"version-history":[{"count":0,"href":"https:\/\/www.europesays.com\/pl\/wp-json\/wp\/v2\/posts\/109144\/revisions"}],"wp:featuredmedia":[{"embeddable":true,"href":"https:\/\/www.europesays.com\/pl\/wp-json\/wp\/v2\/media\/109145"}],"wp:attachment":[{"href":"https:\/\/www.europesays.com\/pl\/wp-json\/wp\/v2\/media?parent=109144"}],"wp:term":[{"taxonomy":"category","embeddable":true,"href":"https:\/\/www.europesays.com\/pl\/wp-json\/wp\/v2\/categories?post=109144"},{"taxonomy":"post_tag","embeddable":true,"href":"https:\/\/www.europesays.com\/pl\/wp-json\/wp\/v2\/tags?post=109144"}],"curies":[{"name":"wp","href":"https:\/\/api.w.org\/{rel}","templated":true}]}}