{"id":109222,"date":"2025-11-19T19:03:09","date_gmt":"2025-11-19T19:03:09","guid":{"rendered":"https:\/\/www.europesays.com\/pl\/109222\/"},"modified":"2025-11-19T19:03:09","modified_gmt":"2025-11-19T19:03:09","slug":"andrzej-domanski-o-polskiej-gospodarce-budzecie-i-nadmiarze-regulacji-w-ue","status":"publish","type":"post","link":"https:\/\/www.europesays.com\/pl\/109222\/","title":{"rendered":"Andrzej Doma\u0144ski o polskiej gospodarce, bud\u017cecie i nadmiarze regulacji w UE"},"content":{"rendered":"<p data-section=\"detail-body\">\u2014 Globalne napi\u0119cia handlowe z ca\u0142\u0105 pewno\u015bci\u0105 rosn\u0105. Bia\u0142e r\u0119kawiczki zosta\u0142y wyrzucone i polityka handlowa ma coraz bardziej brutalny charakter w ostatnich miesi\u0105cach. Wysokie c\u0142a szkodz\u0105 gospodarce, przede wszystkim tej, kt\u00f3ra te c\u0142a podnosi. I zobaczymy to r\u00f3wnie\u017c w przypadku gospodarki ameryka\u0144skiej \u2014 powiedzia\u0142 minister Andrzej Doma\u0144ski podczas konferencji Open Eyes Economy Summit w Krakowie.<\/p>\n<p class=\"article_p\" data-section=\"detail-body\">\u2014 Jestem absolutnie przekonany, \u017ce decyzje, kt\u00f3re zosta\u0142y podj\u0119te, nie s\u0105 w interesie ameryka\u0144skiej gospodarki, szkodz\u0105 oczywi\u015bcie r\u00f3wnie\u017c innym gospodarkom na \u015bwiecie. Ale my w Europie mamy du\u017co jeszcze do zrobienia na w\u0142asnym podw\u00f3rku \u2014 doda\u0142.<\/p>\n<p>        Europa musi skupi\u0107 si\u0119 na w\u0142asnych wyzwaniach<\/p>\n<p class=\"article_p\" data-section=\"detail-body\">Zdaniem ministra finans\u00f3w, europejska odpowied\u017a nie powinna by\u0107 odpowiedzi\u0105 na zasadzie odwetu. \u2014 Gdy prezydent Trump zacz\u0105\u0142 grozi\u0107 c\u0142ami, to reakcja Unii Europejskiej, tak\u017ce nasza, by\u0142a bardzo stonowana, raczej nastawiona na kompromis, negocjacje i rozmowy ni\u017c na odwet. Nasz\u0105 odpowiedzi\u0105 w Europie powinno by\u0107 na przyk\u0142ad skupienie si\u0119 na cenach energii, na tym, aby wsp\u00f3lny rynek faktycznie dzia\u0142a\u0142 \u2014 powiedzia\u0142.<\/p>\n<p class=\"article_p\" data-section=\"detail-body\">Doda\u0142, \u017ce wed\u0142ug szacunk\u00f3w, wewn\u0119trzne bariery w sektorze us\u0142ug w Unii Europejskiej s\u0105 odpowiednikiem ce\u0142 na poziomie 110 proc. \u2014 Ceny energii w Europie mamy kilkukrotnie wy\u017csze ni\u017c w USA. To nie jest przypadek. W raporcie Draghiego s\u0142owo energia pada ponad 300 razy. My w Polsce dzia\u0142amy bardzo aktywnie na rzecz tego, aby ceny energii by\u0142y obni\u017cone, aby podnosi\u0107 konkurencyjno\u015b\u0107 naszej gospodarki. Inwestujemy w odnawialne \u017ar\u00f3d\u0142a energii, inwestujemy w sie\u0107. Robimy to, aby polskie firmy mog\u0142y efektywnie konkurowa\u0107 \u2014 powiedzia\u0142.<\/p>\n<p>            Czytaj tak\u017ce w BUSINESS INSIDER<\/p>\n<p class=\"article_p\" data-section=\"detail-body\">Wskaza\u0142, \u017ce ze strony bardzo wielu europejskich partner\u00f3w wida\u0107 zmian\u0119 w podej\u015bciu, chocia\u017cby do regulacji. \u2014 Stany Zjednoczone s\u0105 liderem technologicznym, Chiny s\u0105 z ca\u0142\u0105 pewno\u015bci\u0105 liderem przemys\u0142owym. Natomiast Unia Europejska jest liderem regulacyjnym. I z tym musimy sko\u0144czy\u0107 \u2014 powiedzia\u0142.<\/p>\n<p class=\"article_p\" data-section=\"detail-body\">Zobacz te\u017c: <a href=\"https:\/\/businessinsider.com.pl\/gospodarka\/ludwik-kotecki-ostrzega-przed-kryzysem-finansow-panstwa-potrzebny-plan-naprawy\/6w47grw\" id=\"1d36c800-541f-439c-b6b1-e5344f16bee3\" rel=\"nofollow noopener\" target=\"_blank\">Cz\u0142onek RPP o kondycji finans\u00f3w publicznych. &#8222;Trzeba dzia\u0142a\u0107 jak najszybciej&#8221;<\/a><\/p>\n<p class=\"article_p\" data-section=\"detail-body\">\u2014 Musimy z powrotem przestawi\u0107 Uni\u0119 Europejskiej na wzrost gospodarczy. Musimy postawi\u0107 na innowacje, na inwestycje. O tym jest przecie\u017c raport Draghiego. I to powinna by\u0107 europejska odpowied\u017a na rosn\u0105cy poziom niepewno\u015bci na rynkach \u2014 doda\u0142.<\/p>\n<p class=\"article_p\" data-section=\"detail-body\">Andrzej Doma\u0144ski zwraca uwag\u0119, \u017ce w Unii Europejskiej podejmowanie decyzji jest poprzedzone d\u0142ugim procesem negocjowania, spotykania si\u0119, zwo\u0142ywania kolejnych szczyt\u00f3w albo kolejnych konsultacji na r\u00f3\u017cnym szczeblu.<\/p>\n<p class=\"article_p\" data-section=\"detail-body\">\u2014 Trudno szybko zareagowa\u0107 na zmieniaj\u0105ce si\u0119 otoczenie gospodarcze, na pojawiaj\u0105ce si\u0119 nowe technologie, na nowe wyzwania. Ten proces faktycznie zabiera nawet nie miesi\u0105c, tylko lata. Natomiast s\u0105 oczywi\u015bcie zalety. Decyzje s\u0105 cz\u0119sto zdecydowanie lepiej przemy\u015blane, poparte dalej id\u0105cym researchem, skonsultowane, dzi\u0119ki czemu te\u017c cz\u0119sto poparcie spo\u0142eczne dla nich jest wi\u0119ksze \u2014 powiedzia\u0142.<\/p>\n<p class=\"article_p\" data-section=\"detail-body\">\u2014 Niemniej dla mnie nie ulega w\u0105tpliwo\u015bci, \u017ce jako Europa poszli\u015bmy w wielu regulacjach zdecydowanie za daleko. I to cz\u0119sto s\u0105 ju\u017c takie skrajne przypadki, jak chocia\u017cby raportowanie w obszarze ESG, kt\u00f3ry sprawia, \u017ce wiele firm nie chce inwestowa\u0107 w Europie. Krok po kroku coraz wi\u0119cej pa\u0144stw odchodzi od takiej prostej zasady, \u017ce regulacje s\u0105 dobre, trzeba dokr\u0119ca\u0107 rynek i mamy coraz wi\u0119cej sojusznik\u00f3w w procesie deregulacji \u2014 doda\u0142.<\/p>\n<p>        Zachowanie rynk\u00f3w nie sugeruje niepokoju<\/p>\n<p class=\"article_p\" data-section=\"detail-body\">W ocenie Andrzeja Doma\u0144skiego rynki finansowe p\u00f3ki co radz\u0105 sobie dobrze pomimo napi\u0119\u0107 geopolitycznych. \u2014 Jestem najbardziej skoncentrowany na polskim rynku i tutaj nie widzimy \u017cadnych powod\u00f3w do niepokoju. Rentowno\u015bci polskich obligacji stopniowo spadaj\u0105. Indeks WIG od pocz\u0105tku roku zyska\u0142 prawie 40 proc. R\u00f3wnie\u017c rynki zachodnioeuropejskie radz\u0105 sobie w tym roku dobrze. Waluty s\u0105 dosy\u0107 stabilne \u2014 doda\u0142.<\/p>\n<p class=\"article_p\" data-section=\"detail-body\">\u2014 Natomiast faktycznie zaufanie jest poddawane w tej chwili pr\u00f3bie. I \u017ceby to zaufanie odbudowa\u0107, to pewnie min\u0105 dekady, aby wr\u00f3ci\u0142o ono do poziom\u00f3w, kt\u00f3re obserwowali\u015bmy wcze\u015bniej \u2014 doda\u0142 Andrzej Doma\u0144ski.<\/p>\n<p>        Doma\u0144ski: polska liderem wydatk\u00f3w na zbrojenia<\/p>\n<p class=\"article_p\" data-section=\"detail-body\">Zdaniem ministra finans\u00f3w, w ostatnim czasie \u0142atwiej jest przekonywa\u0107 europejskich partner\u00f3w, \u017ce trzeba zwi\u0119ksza\u0107 nak\u0142ady na bezpiecze\u0144stwo. \u2014 Je\u017celi jeste\u015bmy w takiej a nie innej sytuacji, za nasz\u0105 wschodni\u0105 granic\u0105 toczy si\u0119 wojna, musimy przestawia\u0107 gospodark\u0119. Musimy du\u017co wi\u0119cej pieni\u0119dzy, co te\u017c si\u0119 dzieje, inwestowa\u0107 w zbrojenia, w armi\u0119, w sprz\u0119t wojskowy. To jest doskona\u0142y przyk\u0142ad tego, jak powinni\u015bmy przyspiesza\u0107 decyzje, jak te decyzje na poziomie europejskim powinny zapada\u0107 du\u017co szybciej, bo nie mamy czasu, \u017ceby podejmowa\u0107 decyzje za trzy miesi\u0105ce, za p\u00f3\u0142 roku, albo za rok \u2014 powiedzia\u0142.<\/p>\n<p class=\"article_p\" data-section=\"detail-body\">Zobacz te\u017c: <a href=\"https:\/\/businessinsider.com.pl\/gospodarka\/rpp-ocenila-projekt-przyszlorocznego-budzetu-zwrocono-uwage-na-zagrozenie\/e1esmf0\" id=\"a61c6d81-4e01-4751-9fe8-b5d3db61af7d\" rel=\"nofollow noopener\" target=\"_blank\">RPP oceni\u0142a projekt przysz\u0142orocznego bud\u017cetu. Zwr\u00f3cono uwag\u0119 na zagro\u017cenie<\/a><\/p>\n<p class=\"article_p\" data-section=\"detail-body\">Przypomnia\u0142, \u017ce Polska jest liderem w Unii Europejskiej pod wzgl\u0119dem wydatk\u00f3w na zbrojenia, na przysz\u0142y rok maj\u0105 one si\u0119gn\u0105\u0107 200 miliard\u00f3w z\u0142. \u2014 Jako kraj jeste\u015bmy bardzo aktywni po pierwsze w naciskaniu na naszych partner\u00f3w europejskich, aby wzi\u0119li wi\u0119ksz\u0105 odpowiedzialno\u015b\u0107 za europejskie bezpiecze\u0144stwo. Po drugie w tworzeniu narz\u0119dzi, dzi\u0119ki kt\u00f3rym \u0142atwiej finansowa\u0107 obronno\u015b\u0107. Takim klasycznym przyk\u0142adem jest program SAFE, czyli 150 miliard\u00f3w euro w tanich po\u017cyczkach, kt\u00f3re kraje cz\u0142onkowskie mog\u0105 zaci\u0105ga\u0107 na rzecz modernizacji swojej armii. Do ko\u0144ca listopada przedstawimy list\u0119 projekt\u00f3w, kt\u00f3re chcemy, aby by\u0142y z tego programu sfinansowane \u2014 powiedzia\u0142.<\/p>\n<p class=\"article_p\" data-section=\"detail-body\">\u2014 Nie ulega w\u0105tpliwo\u015bci, \u017ce pot\u0119\u017cne nak\u0142ady na przemys\u0142 obronny musz\u0105 by\u0107 r\u00f3wnie\u017c motorem nap\u0119dowym do gospodarki. Musimy dba\u0107 o to, aby rosn\u0105ca cz\u0119\u015b\u0107 nak\u0142ad\u00f3w trafia\u0142a do polskiego i europejskiego przemys\u0142u obronnego, bo te gigantyczne wydatki na obronno\u015b\u0107 mog\u0105 wp\u0142yn\u0105\u0107 na gospodarki kraj\u00f3w europejskich \u2014 doda\u0142.<\/p>\n<p>        Andrzej Doma\u0144ski jest optymist\u0105 co do polskiej gospodarki<\/p>\n<p class=\"article_p\" data-section=\"detail-body\">Minister finans\u00f3w przypomnia\u0142 te\u017c, \u017ce <a href=\"https:\/\/businessinsider.com.pl\/gospodarka\/najwyzszy-wzrost-pkb-od-trzech-lat-gospodarka-przyspiesza\/1kvmh42\" id=\"8d2a5b3c-0b94-4246-b0e6-c622eb11c4d6\" rel=\"nofollow noopener\" target=\"_blank\">wzrost gospodarczy Polski w trzecim kwartale wzr\u00f3s\u0142 o 3,7 proc. pomimo napi\u0119\u0107.<\/a> \u2014 To pokazuje, \u017ce w\u0142a\u015bnie polska gospodarka radzi sobie bardzo dobrze. Mamy w tej chwili bardzo silnego konsumenta, wynagrodzenia rosn\u0105 z wysok\u0105 dynamik\u0105, w uj\u0119ciu realnym w tym roku pewnie oko\u0142o 4-5 proc. W zesz\u0142ym roku mieli\u015bmy najwi\u0119kszy realny wzrost wynagrodze\u0144 w gospodarce w XXI wieku. Mamy dane za pa\u017adziernik pokazuj\u0105ce wzrost sprzeda\u017cy detalicznej o ponad 6 proc., ale wida\u0107, \u017ce w\u0142\u0105czaj\u0105 si\u0119 r\u00f3wnie\u017c kolejne sk\u0142adniki wzrostu. Produkcja przemys\u0142owa w pa\u017adzierniku plus 7 proc., dobra inwestycyjne plus 16 proc. \u2014 powiedzia\u0142.<\/p>\n<p class=\"article_p\" data-section=\"detail-body\">Doda\u0142, \u017ce jest optymist\u0105 tak\u017ce je\u015bli chodzi o 2026 r. <a href=\"https:\/\/businessinsider.com.pl\/gospodarka\/nbp-przedstawia-najnowsza-projekcje-takiej-sytuacji-z-inflacja-nie-bylo-od-lat\/r7fzrx8\" id=\"65a29453-e79b-4054-81be-c217dd8cda73\" rel=\"nofollow noopener\" target=\"_blank\">Wed\u0142ug najnowszej projekcji makroekonomicznej NBP w 2025 r. wzrost polskiego PKB wyniesie 3,4 proc<\/a>. W kolejnym roku krajowa aktywno\u015b\u0107 gospodarcza przyspieszy do 3,7 proc.<\/p>\n<p class=\"article_p\" data-section=\"detail-body\">\u2014 Je\u015bli w\u0142\u0105czy si\u0119 jeszcze silnik gospodarczy w postaci strefy euro, je\u017celi Niemcy w ko\u0144cu zaczn\u0105 wydawa\u0107 wi\u0119cej, zaczn\u0105 inwestowa\u0107 w swoj\u0105 gospodark\u0119, to dla naszego wzrostu b\u0119dzie to z ca\u0142\u0105 pewno\u015bci\u0105 dobra informacja \u2014 zaznaczy\u0142 szef resortu finans\u00f3w.<\/p>\n<p class=\"article_p\" data-section=\"detail-body\">W jego opinii sytuacja gospodarcza w Europie stopniowo si\u0119 poprawia. \u2014 W strefie euro ten proces jest bardzo wolny. Wiele pa\u0144stw zachodnioeuropejskich da\u0142oby du\u017co, aby mie\u0107 wzrost gospodarczy zbli\u017cony do polskiego. Wiemy, co trzeba robi\u0107 w Polsce \u2014 inwestowa\u0107 wi\u0119cej, radykalnie zwi\u0119kszy\u0107 nak\u0142ady na transformacj\u0119 energetyczn\u0105, szuka\u0107 tam, gdzie widzimy s\u0142abo\u015bci polskiej gospodarki, wyra\u017anie wzmocni\u0107 funkcjonowanie rynku kapita\u0142owego \u2014 wylicza\u0142 Doma\u0144ski.<\/p>\n<p class=\"article_p\" data-section=\"detail-body\">Jak zaznaczy\u0142, Polska jest obecnie pi\u0105t\u0105-sz\u00f3st\u0105 gospodark\u0105 w UE. \u2014 Chcemy dla Polski wi\u0119cej, aby to by\u0142o mo\u017cliwe, musimy dba\u0107 o wszystkie silniki wzrostu, musimy wzmocni\u0107 rynek kapita\u0142owy, mocno pracowa\u0107 nad obni\u017ceniem cen energii, kt\u00f3re dla polskiego przemys\u0142u energoch\u0142onnego s\u0105 wci\u0105\u017c za wysokie \u2014 konkludowa\u0142.<\/p>\n<p>        Minister przekonuje, \u017ce ob\u0119dzie si\u0119 bez nowelizacji bud\u017cetu<\/p>\n<p class=\"article_p\" data-section=\"detail-body\">Powt\u00f3rzy\u0142, \u017ce w tym roku nowelizacji bud\u017cetu nie b\u0119dzie. \u2014 Nie ma potrzeby nowelizacji bud\u017cetu w 2025 roku, m\u00f3wi\u0142em ju\u017c o tym kilkukrotnie i mog\u0119 tylko podtrzyma\u0107, \u017ce w tym roku nowelizacji bud\u017cetu nie b\u0119dzie \u2014 powiedzia\u0142 Doma\u0144ski.<\/p>\n<p class=\"article_p\" data-section=\"detail-body\"><a href=\"https:\/\/businessinsider.com.pl\/finanse\/budzet-panstwa-na-rekordowym-minusie-zero-wplywow-z-pit\/69wrz5x\" id=\"7430fdb4-5455-44bc-b4fd-8dcf01d97b46\" rel=\"nofollow noopener\" target=\"_blank\">Po pa\u017adzierniku 2025 r. \u2014 jak wynika z danych Ministerstwa Finans\u00f3w \u2014 deficyt bud\u017cetu wyni\u00f3s\u0142 ju\u017c 227 mld z\u0142<\/a>, a na koniec wrze\u015bnia by\u0142o to 201,4 mld z\u0142. Przypomnijmy, \u017ce ustawa bud\u017cetowa zak\u0142ada <a href=\"https:\/\/businessinsider.com.pl\/gospodarka\/waza-sie-losy-finansow-panstwa-dziura-budzetowa-moze-byc-wieksza-o-30-mld-zl\/xbzfvcm\" id=\"33b33632-b8d4-40d0-acc0-98992d3f63e9\" rel=\"nofollow noopener\" target=\"_blank\">289 mld z\u0142 deficytu w ca\u0142ym 2025 r. i w ostatnich miesi\u0105cach trwa\u0142y dyskusje w przestrzeni publicznej, czy dojdzie do nowelizacji<\/a>. Z danych MF wynika, \u017ce dochody bud\u017cetu wynios\u0142y prawie 471,67 mld z\u0142, co stanowi 74,5 proc. kwoty zaplanowanej na ca\u0142y rok. Natomiast wydatki bud\u017cetu wynios\u0142y 698,76 mld z\u0142, czyli 75,8 proc. kwoty zapisanej w ustawie bud\u017cetowej.<\/p>\n","protected":false},"excerpt":{"rendered":"\u2014 Globalne napi\u0119cia handlowe z ca\u0142\u0105 pewno\u015bci\u0105 rosn\u0105. Bia\u0142e r\u0119kawiczki zosta\u0142y wyrzucone i polityka handlowa ma coraz bardziej&hellip;\n","protected":false},"author":2,"featured_media":109223,"comment_status":"","ping_status":"","sticky":false,"template":"","format":"standard","meta":{"footnotes":""},"categories":[16],"tags":[113,112,42,38,40,39,41],"class_list":{"0":"post-109222","1":"post","2":"type-post","3":"status-publish","4":"format-standard","5":"has-post-thumbnail","7":"category-biznes","8":"tag-biznes","9":"tag-business","10":"tag-pl","11":"tag-poland","12":"tag-polish","13":"tag-polska","14":"tag-polski"},"share_on_mastodon":{"url":"https:\/\/pubeurope.com\/@pl\/115577920134735810","error":""},"_links":{"self":[{"href":"https:\/\/www.europesays.com\/pl\/wp-json\/wp\/v2\/posts\/109222","targetHints":{"allow":["GET"]}}],"collection":[{"href":"https:\/\/www.europesays.com\/pl\/wp-json\/wp\/v2\/posts"}],"about":[{"href":"https:\/\/www.europesays.com\/pl\/wp-json\/wp\/v2\/types\/post"}],"author":[{"embeddable":true,"href":"https:\/\/www.europesays.com\/pl\/wp-json\/wp\/v2\/users\/2"}],"replies":[{"embeddable":true,"href":"https:\/\/www.europesays.com\/pl\/wp-json\/wp\/v2\/comments?post=109222"}],"version-history":[{"count":0,"href":"https:\/\/www.europesays.com\/pl\/wp-json\/wp\/v2\/posts\/109222\/revisions"}],"wp:featuredmedia":[{"embeddable":true,"href":"https:\/\/www.europesays.com\/pl\/wp-json\/wp\/v2\/media\/109223"}],"wp:attachment":[{"href":"https:\/\/www.europesays.com\/pl\/wp-json\/wp\/v2\/media?parent=109222"}],"wp:term":[{"taxonomy":"category","embeddable":true,"href":"https:\/\/www.europesays.com\/pl\/wp-json\/wp\/v2\/categories?post=109222"},{"taxonomy":"post_tag","embeddable":true,"href":"https:\/\/www.europesays.com\/pl\/wp-json\/wp\/v2\/tags?post=109222"}],"curies":[{"name":"wp","href":"https:\/\/api.w.org\/{rel}","templated":true}]}}