{"id":109235,"date":"2025-11-19T19:15:10","date_gmt":"2025-11-19T19:15:10","guid":{"rendered":"https:\/\/www.europesays.com\/pl\/109235\/"},"modified":"2025-11-19T19:15:10","modified_gmt":"2025-11-19T19:15:10","slug":"wlokniarz-odpowiedzial-na-transfer-jacka-holdera-czy-o-nim-marzyli-kibice-przeglad-sportowy-onet","status":"publish","type":"post","link":"https:\/\/www.europesays.com\/pl\/109235\/","title":{"rendered":"W\u0142\u00f3kniarz odpowiedzia\u0142 na transfer Jacka Holdera. Czy o nim marzyli kibice? &#8211; Przegl\u0105d Sportowy Onet"},"content":{"rendered":"<ol>\n<li><a href=\"https:\/\/news.google.com\/rss\/articles\/CBMiywFBVV95cUxPeFlvdDdmM2NGa1piSzJpYlI3MGVqNmUxeUFBRVBDUHFsT200UXBaMVBPemFJNkQ2Z3EzTWppVTJwRC01UmxoXzkyUk95ZVRvMjBMUC1NTmFvWjZtMzlyR043aGZHTTI2ZnJKbmxOTTVzVk9KX3BfUS1GLXVKcUVTbU9ZOC1LM0VjMHc2V0FlQlJHZ19rbXVVVnd4andHWEdNLWFWTGw0SGRTdE9faFhCSkZSdjk4SFRjVkpSd1FkWnFDcm5Ga2E5Q1Z6MA?oc=5\" target=\"_blank\" rel=\"nofollow noopener\">W\u0142\u00f3kniarz odpowiedzia\u0142 na transfer Jacka Holdera. Czy o nim marzyli kibice?<\/a>&nbsp;&nbsp;Przegl\u0105d Sportowy Onet<\/li>\n<li><a href=\"https:\/\/news.google.com\/rss\/articles\/CBMirwFBVV95cUxOcXRWTHJzb0NYSzEyT19ZUXVLVXBOQks4VHZoTHBLS3RwR0ZNR0tpTWlCUllFRnhmMzE0bUI0VTBNazhPdER4S2doQVJaRVBQWGpFRlFncFdDOEFPU2hWOWxVWkZ4UmE1amdBQjl0SEthSnBUYXBPa3RhMnBYQkNaYmFyTFM0cXJhTXM4Y1VleEFyc3hVZUdSYmNxUDIxWXJZVkw0Slkwc19hZzlZeFUw?oc=5\" target=\"_blank\" rel=\"nofollow noopener\">\u017bu\u017cel. W\u0142\u00f3kniarz og\u0142osi\u0142 kolejnego zawodnika! &#8222;Ma wiele do udowodnienia&#8221;<\/a>&nbsp;&nbsp;SportoweFakty<\/li>\n<li><a href=\"https:\/\/news.google.com\/rss\/articles\/CBMi5wFBVV95cUxPa1NXal82cllfcjRYZTJQbkZneG9DamZMSGhoV0t4UkpZYWlIX25BcTJvbm5ESkNjQ2NyT3dLVHZGNFNqcWtaVVdGYzlfWmdPYW1vdUlTSHZfWXM1cmxIcVRtQ2d0SUJDa212Sm5tWl9fOERSS2M4OGpzc3VXOV9vR25FSVVOaGpFXzRDYWVROFdmRkUwdXYyVlVadDhoNmJVYnh3WjlmRXBtbkJTWjdCMVJkUVVuaDlBNlg5WFRLTnRTeEcyWC1rN1BjQVVuUG80dS0yQWVGU0VWYnROdVRKYUxfcTV3V0U?oc=5\" target=\"_blank\" rel=\"nofollow noopener\">Australijczyk podpisa\u0142 kontrakt z W\u0142\u00f3kniarzem. Ma by\u0107 nowym liderem dru\u017cyny<\/a>&nbsp;&nbsp;Dziennik Zachodni<\/li>\n<li><a href=\"https:\/\/news.google.com\/rss\/articles\/CBMiuAFBVV95cUxNR3hGUEpvNTZMQTVUOTRjWWZUQkpqZzdFRHhzOFUtaFhXTDg4TmtpcjlmRXdyOFQ1QTZSLXdSTXRGVVFSVHJkNkxjNTlVdzhib2U3cFltamY2T1B2UU56UlZ2TkRBcFdNZDFvcW85Zi1aYmVqb0VkcGVTOWdKR2dYSWhFTGpaVnRlR2l4V1pXaUpieVVoNUFxQUFTT2hmb2lRNWdGNTEwUGpKMS05cE9OQWMySE9HR2Ju?oc=5\" target=\"_blank\" rel=\"nofollow noopener\">Rohan Tungate nowym zawodnikiem W\u0142\u00f3kniarza<\/a>&nbsp;&nbsp;MSN<\/li>\n<li><a href=\"https:\/\/news.google.com\/rss\/articles\/CBMinwFBVV95cUxOUkQ0NExlOExHM3Mwd1ZkeXFPUFpxNEhCRjYzODk5dC00bmIteUI3eThwNE5hOWxSWjNHZHNNeVA3SmZwcnMxS3ZFN1lhWGlrakdhOG85WXh3R3MzRVprRkROSTZtbDhiZmNnN0ZyalNpN1RjZjY0VzZzME9RbzNZSTFuMkRGeWplWmhjQ09DYUpob2JQaEY4R1NuYmhoNUU?oc=5\" target=\"_blank\" rel=\"nofollow noopener\">\u017bu\u017cel: Mariusz Staszewski m\u00f3wi o nowym zawodniku W\u0142\u00f3kniarza. B\u0119dzie liderem?<\/a>&nbsp;&nbsp;speedwaynews.pl<\/li>\n<\/ol>\n","protected":false},"excerpt":{"rendered":"W\u0142\u00f3kniarz odpowiedzia\u0142 na transfer Jacka Holdera. Czy o nim marzyli kibice?&nbsp;&nbsp;Przegl\u0105d Sportowy Onet \u017bu\u017cel. W\u0142\u00f3kniarz og\u0142osi\u0142 kolejnego zawodnika!&hellip;\n","protected":false},"author":2,"featured_media":109236,"comment_status":"","ping_status":"","sticky":false,"template":"","format":"standard","meta":{"footnotes":""},"categories":[24],"tags":[173,67,24085,175,42,38,40,39,41,136,128,47,127,135,126,24086,174],"class_list":{"0":"post-109235","1":"post","2":"type-post","3":"status-publish","4":"format-standard","5":"has-post-thumbnail","7":"category-sport","8":"tag-ekstraliga","9":"tag-intextvideo_splayer","10":"tag-jaimon_lidsey","11":"tag-pge_ekstraliga","12":"tag-pl","13":"tag-poland","14":"tag-polish","15":"tag-polska","16":"tag-polski","17":"tag-ps_detal_new","18":"tag-psv2","19":"tag-screening_general","20":"tag-sport","21":"tag-sport_sport","22":"tag-sports","23":"tag-wlokniarz","24":"tag-zuzel"},"share_on_mastodon":{"url":"https:\/\/pubeurope.com\/@pl\/115577967264292862","error":""},"_links":{"self":[{"href":"https:\/\/www.europesays.com\/pl\/wp-json\/wp\/v2\/posts\/109235","targetHints":{"allow":["GET"]}}],"collection":[{"href":"https:\/\/www.europesays.com\/pl\/wp-json\/wp\/v2\/posts"}],"about":[{"href":"https:\/\/www.europesays.com\/pl\/wp-json\/wp\/v2\/types\/post"}],"author":[{"embeddable":true,"href":"https:\/\/www.europesays.com\/pl\/wp-json\/wp\/v2\/users\/2"}],"replies":[{"embeddable":true,"href":"https:\/\/www.europesays.com\/pl\/wp-json\/wp\/v2\/comments?post=109235"}],"version-history":[{"count":0,"href":"https:\/\/www.europesays.com\/pl\/wp-json\/wp\/v2\/posts\/109235\/revisions"}],"wp:featuredmedia":[{"embeddable":true,"href":"https:\/\/www.europesays.com\/pl\/wp-json\/wp\/v2\/media\/109236"}],"wp:attachment":[{"href":"https:\/\/www.europesays.com\/pl\/wp-json\/wp\/v2\/media?parent=109235"}],"wp:term":[{"taxonomy":"category","embeddable":true,"href":"https:\/\/www.europesays.com\/pl\/wp-json\/wp\/v2\/categories?post=109235"},{"taxonomy":"post_tag","embeddable":true,"href":"https:\/\/www.europesays.com\/pl\/wp-json\/wp\/v2\/tags?post=109235"}],"curies":[{"name":"wp","href":"https:\/\/api.w.org\/{rel}","templated":true}]}}