{"id":109268,"date":"2025-11-19T19:47:10","date_gmt":"2025-11-19T19:47:10","guid":{"rendered":"https:\/\/www.europesays.com\/pl\/109268\/"},"modified":"2025-11-19T19:47:10","modified_gmt":"2025-11-19T19:47:10","slug":"ukraincy-podsumowuja-dotychczasowe-uzycie-samolotow-f-16am-bm-fighting-falcon","status":"publish","type":"post","link":"https:\/\/www.europesays.com\/pl\/109268\/","title":{"rendered":"Ukrai\u0144cy podsumowuj\u0105 dotychczasowe u\u017cycie samolot\u00f3w F-16AM\/BM Fighting Falcon"},"content":{"rendered":"<p>19 listopada Si\u0142y Zbrojne Ukrainy opublikowa\u0142y, kr\u00f3tkie, podsumowanie z u\u017cycia wielozadaniowych samolot\u00f3w bojowych Lockheed Martin F-16AM\/BM Fighting Falcon, kt\u00f3re s\u0105 eksploatowane przez lotnictwo wojskowe tego kraju od sierpnia 2024 roku.<\/p>\n<p>Jak wskazuje, oficjalna, statystyka piloci (dotychczas) przechwycili ponad 1300 cel\u00f3w powietrznych. W powy\u017cszej liczbie znajduj\u0105 si\u0119 pociski manewruj\u0105ce oraz bezza\u0142ogowe aparaty lataj\u0105ce jednorazowego u\u017cytku. Co warto odnotowa\u0107, Si\u0142y Zbrojne Ukrainy nie informuj\u0105 (oficjalnie) o zestrzeleniach rosyjskich za\u0142ogowych statk\u00f3w powietrznych. Dodatkowo na konto F-16AM\/BM zaliczono ponad 300 atak\u00f3w na cele naziemne \u2013 celami dla kierowanego uzbrojenia klasy powietrze-ziemia by\u0142y pojazdy, centra dowodzenia, magazyny oraz inne elementy systemu logistycznego Si\u0142 Zbrojnych Federacji Rosyjskiej. Jawne straty operacyjne obejmuj\u0105 cztery samoloty oraz trzech pilot\u00f3w. Obecna liczebno\u015b\u0107 nie jest znana. Uzupe\u0142nieniem dla F-16AM\/BM Fighting Falcon jest tak\u017ce niewielka liczba Dassault Mirage 2000-5F, kt\u00f3re zosta\u0142y przekazane przez Francj\u0119.<\/p>\n<p>Si\u0142y Zbrojne Ukrainy eksploatuj\u0105 samoloty F-16AM\/BM Fighting Falcon, kt\u00f3re s\u0105 przekazywane przez europejskich partner\u00f3w \u2013 Kr\u00f3lestwo Niderland\u00f3w, Belgi\u0119, Norwegi\u0119 oraz Dani\u0119 (\u0142\u0105cznie oko\u0142o 60 egzemplarzy). Dodatkowo Stany Zjednoczone przekaza\u0142y nieujawnion\u0105 liczb\u0119 maszyn, kt\u00f3re s\u0105 wykorzystywane jako \u017ar\u00f3d\u0142o cz\u0119\u015bci zamiennych oraz makiety maj\u0105ce zmyli\u0107 Rosjan.<\/p>\n<p>W ostatnich tygodniach w\u0142adze ukrai\u0144skie podpisa\u0142y listy intencyjne ze Szwecj\u0105 oraz Francj\u0105, kt\u00f3re mog\u0105 zaowocowa\u0107 zakupem do 250 fabrycznie nowych wielozadaniowych samolot\u00f3w bojowych (150 JAS-39E\/F Gripen oraz 100 Dassault Rafale F4). Otwartym pozostaje pytanie jak tego typu zakup ud\u017awignie bud\u017cet ukrai\u0144ski.<\/p>\n","protected":false},"excerpt":{"rendered":"19 listopada Si\u0142y Zbrojne Ukrainy opublikowa\u0142y, kr\u00f3tkie, podsumowanie z u\u017cycia wielozadaniowych samolot\u00f3w bojowych Lockheed Martin F-16AM\/BM Fighting Falcon,&hellip;\n","protected":false},"author":2,"featured_media":109269,"comment_status":"","ping_status":"","sticky":false,"template":"","format":"standard","meta":{"footnotes":""},"categories":[14],"tags":[32,33,4250,27,34,35,28,31,25,40,41,80,29,30,415,24088,26,82,83,84],"class_list":{"0":"post-109268","1":"post","2":"type-post","3":"status-publish","4":"format-standard","5":"has-post-thumbnail","7":"category-swiat","8":"tag-breaking-news","9":"tag-breakingnews","10":"tag-f-16","11":"tag-headlines","12":"tag-latest-news","13":"tag-latestnews","14":"tag-naglowki","15":"tag-najwazniejsze-artykuly","16":"tag-news","17":"tag-polish","18":"tag-polski","19":"tag-swiat","20":"tag-top-stories","21":"tag-topstories","22":"tag-ukraina","23":"tag-uzycie","24":"tag-wiadomosci","25":"tag-world","26":"tag-world-news","27":"tag-worldnews"},"share_on_mastodon":{"url":"https:\/\/pubeurope.com\/@pl\/115578093184976300","error":""},"_links":{"self":[{"href":"https:\/\/www.europesays.com\/pl\/wp-json\/wp\/v2\/posts\/109268","targetHints":{"allow":["GET"]}}],"collection":[{"href":"https:\/\/www.europesays.com\/pl\/wp-json\/wp\/v2\/posts"}],"about":[{"href":"https:\/\/www.europesays.com\/pl\/wp-json\/wp\/v2\/types\/post"}],"author":[{"embeddable":true,"href":"https:\/\/www.europesays.com\/pl\/wp-json\/wp\/v2\/users\/2"}],"replies":[{"embeddable":true,"href":"https:\/\/www.europesays.com\/pl\/wp-json\/wp\/v2\/comments?post=109268"}],"version-history":[{"count":0,"href":"https:\/\/www.europesays.com\/pl\/wp-json\/wp\/v2\/posts\/109268\/revisions"}],"wp:featuredmedia":[{"embeddable":true,"href":"https:\/\/www.europesays.com\/pl\/wp-json\/wp\/v2\/media\/109269"}],"wp:attachment":[{"href":"https:\/\/www.europesays.com\/pl\/wp-json\/wp\/v2\/media?parent=109268"}],"wp:term":[{"taxonomy":"category","embeddable":true,"href":"https:\/\/www.europesays.com\/pl\/wp-json\/wp\/v2\/categories?post=109268"},{"taxonomy":"post_tag","embeddable":true,"href":"https:\/\/www.europesays.com\/pl\/wp-json\/wp\/v2\/tags?post=109268"}],"curies":[{"name":"wp","href":"https:\/\/api.w.org\/{rel}","templated":true}]}}