{"id":109311,"date":"2025-11-19T20:14:10","date_gmt":"2025-11-19T20:14:10","guid":{"rendered":"https:\/\/www.europesays.com\/pl\/109311\/"},"modified":"2025-11-19T20:14:10","modified_gmt":"2025-11-19T20:14:10","slug":"godna-emerytura-emeryci-dostana-duzo-wiecej-pieniedzy-prezent-od-prezydenta-karola-nawrockiego","status":"publish","type":"post","link":"https:\/\/www.europesays.com\/pl\/109311\/","title":{"rendered":"Godna emerytura: Emeryci dostan\u0105 du\u017co wi\u0119cej pieni\u0119dzy? Prezent od prezydenta Karola Nawrockiego"},"content":{"rendered":"<p>    Podpisanie projektu ustawy \u201eGodna emerytura\u201d w Sochaczewie \u2013 pe\u0142ny opis decyzji prezydenta, kt\u00f3ra ma zwi\u0119kszy\u0107 minimaln\u0105 emerytur\u0119 o 150 z\u0142 ju\u017c od przysz\u0142ego roku<\/p>\n<p>Prezydent Karol Nawrocki podpisa\u0142 w poniedzia\u0142ek 3 listopada projekt ustawy \u201eGodna emerytura\u201d, kt\u00f3ry zak\u0142ada wprowadzenie podwy\u017cki minimalnej emerytury o 150 z\u0142. Oficjalne og\u0142oszenie odby\u0142o si\u0119 podczas spotkania z seniorami w Sochaczewie i mia\u0142o bardzo symboliczny charakter, poniewa\u017c \u2013 jak podkre\u015blano \u2013 jest to realizacja jednej z kluczowych obietnic z\u0142o\u017conych przez prezydenta w trakcie kampanii. Nawrocki m\u00f3wi\u0142 o tym wprost, u\u017cywaj\u0105c s\u0142\u00f3w: \u201eprezydent Polski jest g\u0142osem emerytek i emeryt\u00f3w\u201d. Tym samym zaznaczy\u0142, \u017ce przygotowana ustawa ma da\u0107 seniorom poczucie stabilno\u015bci i przewidywalno\u015bci.<\/p>\n<p>Projekt zostanie teraz z\u0142o\u017cony w Sejmie i ma obj\u0105\u0107 nie tylko sam\u0105 minimaln\u0105 emerytur\u0119, ale tak\u017ce 13. i 14. emerytur\u0119, kt\u00f3re r\u00f3wnie\u017c maj\u0105 wzrosn\u0105\u0107 o 150 z\u0142. Co istotne, podwy\u017cki te maj\u0105 zosta\u0107 zagwarantowane ustaw\u0105, co \u2013 wed\u0142ug prezydenta \u2013 ma zapewni\u0107 ich trwa\u0142o\u015b\u0107. Podczas wyst\u0105pienia przedstawi\u0142 r\u00f3wnie\u017c swoje podej\u015bcie do sposobu waloryzacji \u015bwiadcze\u0144: \u201eproponuje podchodzenie do waloryzacji emerytur w spos\u00f3b i procentowy, i kwotowy\u201d.<\/p>\n<p>W\u015br\u00f3d senior\u00f3w zgromadzonych na spotkaniu s\u0142owa te spotka\u0142y si\u0119 z du\u017cym uznaniem. W obliczu rosn\u0105cych koszt\u00f3w \u017cycia informacja o takim rozwi\u0105zaniu zosta\u0142a przyj\u0119ta jako odpowied\u017a na realne potrzeby spo\u0142eczne. Prezydent podkre\u015bli\u0142, \u017ce jego celem jest doprowadzenie do sytuacji, w kt\u00f3rej minimalna emerytura osi\u0105gnie poziom co najmniej 2 tys. z\u0142, bo \u2013 jak powiedzia\u0142 \u2013 Polska XXI wieku \u201ezas\u0142uguje na to, aby najni\u017csza emerytura wynosi\u0142a przynajmniej 2 tys. z\u0142\u201d.<\/p>\n<p>S\u0142owa prezydenta do premiera Donalda Tuska \u2013 krytyka niespe\u0142nionych obietnic dotycz\u0105cych podw\u00f3jnej waloryzacji<\/p>\n<p>W drugiej cz\u0119\u015bci wyst\u0105pienia prezydent Karol Nawrocki odni\u00f3s\u0142 si\u0119 do niezrealizowanych obietnic rz\u0105du dotycz\u0105cych waloryzacji \u015bwiadcze\u0144. Nawi\u0105za\u0142 konkretnie do programu \u201e100 konkret\u00f3w\u201d przedstawionego przez premiera Donalda Tuska w kampanii parlamentarnej 2023 roku. Jednym z punkt\u00f3w programu mia\u0142a by\u0107 dwukrotna waloryzacja emerytur. Zdaniem prezydenta obietnica ta nie zosta\u0142a spe\u0142niona, co sk\u0142oni\u0142o go do dzia\u0142ania. Jego s\u0142owa by\u0142y ostre, ale jednoznaczne: \u201eja tak\u0105 waloryzacj\u0119 jako prezydent Polski z ch\u0119ci\u0105 bym podpisa\u0142, tylko ona nie przesz\u0142a, mimo \u017ce pad\u0142a taka obietnica. Ale nie zamierzam czeka\u0107 i dlatego dzi\u015b si\u0119 spotkali\u015bmy\u201d.<\/p>\n<p>Prezydent zaznaczy\u0142 tak\u017ce, \u017ce w jego ocenie pa\u0144stwo powinno by\u0107 stanowcze wobec zewn\u0119trznych nacisk\u00f3w i pr\u00f3b blokowania rozwoju Polski. Wskaza\u0142: \u201emusi by\u0107 silne wobec tych, kt\u00f3rzy nie chc\u0105 zaakceptowa\u0107 naszego wzrostu gospodarczego, nie chc\u0105 da\u0107 nam si\u0119 rozwija\u0107, kt\u00f3rzy nak\u0142adaj\u0105 kolejne blokady na nasz\u0105 ambicj\u0119 w zakresie wielkich inwestycji i wielkich projekt\u00f3w\u201d. Jednocze\u015bnie podkre\u015bli\u0142, \u017ce pa\u0144stwo musi dzia\u0142a\u0107 rozwa\u017cnie wobec przedsi\u0119biorc\u00f3w, kt\u00f3rzy tworz\u0105 nowe miejsca pracy i wzmacniaj\u0105 gospodark\u0119.<\/p>\n<p>Dalszy ci\u0105g materia\u0142u pod wideo<\/p>\n<p>W jego wypowiedzi przewija\u0142a si\u0119 r\u00f3wnie\u017c kwestia deregulacji. Podkre\u015bli\u0142, \u017ce podpisuje wi\u0119kszo\u015b\u0107 ustaw deregulacyjnych, by \u2013 jak to uj\u0105\u0142 \u2013 \u201eda\u0107 polskim przedsi\u0119biorcom mo\u017cliwo\u015b\u0107 nieskr\u0119powanego rozwijania si\u0119\u201d. Jednocze\u015bnie nie zapomnia\u0142 o grupach wymagaj\u0105cych szczeg\u00f3lnego wsparcia ze strony pa\u0144stwa. Stwierdzi\u0142: \u201epa\u0144stwo musi by\u0107 wra\u017cliwe wobec tych, kt\u00f3rzy potrzebuj\u0105 interwencji pa\u0144stwa i pomocy pa\u0144stwa polskiego\u201d.<\/p>\n<p>Szczeg\u00f3lnie mocno wybrzmia\u0142y jego s\u0142owa o minimalnych waloryzacjach, kt\u00f3re w przesz\u0142o\u015bci wynosi\u0142y \u201e3 czy 13 z\u0142\u201d. Jak zaznaczy\u0142, \u201eto nie jest powaga wobec senior\u00f3w\u201d. Podkre\u015bli\u0142, \u017ce emeryci oczekuj\u0105 uczciwego traktowania, a jego projekt \u2013 poprzez sta\u0142e waloryzacje \u2013 ma to zapewni\u0107.<\/p>\n<p>Pokolenie transformacji na pierwszym planie \u2013 d\u0142ugie przypomnienie zas\u0142ug dzisiejszych emeryt\u00f3w dla rozwoju Polski<\/p>\n<p><a id=\"856ee378-fb6b-48cb-bbf6-42011921946a\" class=\"Editor__anchor\">Karol Nawrocki<\/a> w swoim wyst\u0105pieniu du\u017cy nacisk po\u0142o\u017cy\u0142 na przypomnienie roli dzisiejszych emeryt\u00f3w w budowaniu polskiej gospodarki po roku 1989. Podkre\u015bli\u0142, \u017ce to osoby urodzone w latach sze\u015b\u0107dziesi\u0105tych, a tak\u017ce wcze\u015bniejsze roczniki, przyczyni\u0142y si\u0119 do rozwoju kraju. W jego s\u0142owach znalaz\u0142 si\u0119 wyra\u017any szacunek: \u201eTo dzi\u0119ki wam, dzi\u0119ki waszej pracy, dzi\u0119ki tym urodzonym w latach sze\u015b\u0107dziesi\u0105tych i wcze\u015bniej polska gospodarka po roku 1989 si\u0119 rozwija\u0142a i dzi\u015b jeste\u015bmy dwudziest\u0105 gospodark\u0105 na \u015bwiecie\u201d.<\/p>\n<p>Prezydent zauwa\u017cy\u0142 tak\u017ce, \u017ce to w\u0142a\u015bnie osoby urodzone w 1960 roku (m\u0119\u017cczy\u017ani) oraz w 1965 roku (kobiety) staj\u0105 si\u0119 dzi\u015b tzw. \u201em\u0142odymi emerytami\u201d. Podkre\u015bli\u0142, \u017ce to pokolenie nie mo\u017ce by\u0107 pozostawione samo sobie. Dlatego, jak powiedzia\u0142, potrzebne s\u0105 odwa\u017cne dzia\u0142ania legislacyjne maj\u0105ce na celu trwa\u0142\u0105 popraw\u0119 ich sytuacji materialnej.<\/p>\n<p>W tym kontek\u015bcie przypomnia\u0142 osi\u0105gni\u0119cia poprzedniego rz\u0105du \u2013 Zjednoczonej Prawicy. Wskaza\u0142, \u017ce mimo bardzo trudnych warunk\u00f3w gospodarczych i mi\u0119dzynarodowych po 2020 roku, uda\u0142o si\u0119 w\u00f3wczas zwi\u0119kszy\u0107 minimaln\u0105 emerytur\u0119 z 880 z\u0142 do 1780 z\u0142 w 2024 roku. Stwierdzi\u0142: \u201eI to jest droga, na kt\u00f3r\u0105 powinni\u015bmy wr\u00f3ci\u0107\u201d. Podkre\u015bli\u0142, \u017ce jego projekt ustawy przewiduje waloryzacj\u0119 minimalnej emerytury co roku o 150 z\u0142.<\/p>\n<p>Na spotkaniu w Sochaczewie te s\u0142owa by\u0142y przyj\u0119te jako forma docenienia wysi\u0142ku pokolenia, kt\u00f3re przez dekady budowa\u0142o kraj i przyczyni\u0142o si\u0119 do jego obecnej pozycji na arenie mi\u0119dzynarodowej. Podkre\u015blano, \u017ce seniorzy oczekuj\u0105 realnych i odczuwalnych zmian, a nie symbolicznych podwy\u017cek na poziomie kilku z\u0142otych.<\/p>\n<p>Szczeg\u00f3\u0142owe zasady waloryzacji i finansowy mechanizm projektu \u201eGodna emerytura\u201d \u2013 pe\u0142ne wyja\u015bnienie corocznych podwy\u017cek oraz roli wska\u017anika waloryzacji<\/p>\n<p>Wed\u0142ug szczeg\u00f3\u0142\u00f3w przedstawionych przez Kancelari\u0119 Prezydenta, projekt \u201eGodna emerytura\u201d zak\u0142ada, \u017ce minimalna emerytura w 2026 roku przekroczy pr\u00f3g 2000 z\u0142 i wyniesie oko\u0142o 2030 z\u0142. Projekt przewiduje mechanizm corocznej waloryzacji kwoty 150 z\u0142 wed\u0142ug wska\u017anika waloryzacji. Oznacza to, \u017ce kwota ta b\u0119dzie rosn\u0105\u0107 proporcjonalnie do sytuacji ekonomicznej, tak aby nie traci\u0142a realnej warto\u015bci wraz z rosn\u0105cymi kosztami \u017cycia. Najwa\u017cniejsze za\u0142o\u017cenia finansowe projektu to:<\/p>\n<ul style=\"list-style-type: disc;\">\n<li value=\"1\">coroczna waloryzacja kwoty minimalnej podwy\u017cki \u2013 w pierwszym roku 150 z\u0142,<\/li>\n<li value=\"2\">obowi\u0105zkowy przegl\u0105d wska\u017anika waloryzacji co trzy lata,<\/li>\n<li value=\"3\">utrzymanie waloryzacji 13. i 14. emerytury na poziomie wyj\u015bciowym powi\u0119kszonym o coroczne waloryzacje.<\/li>\n<\/ul>\n<p>Mechanizm waloryzacji odnosi si\u0119 do przepis\u00f3w, kt\u00f3re obowi\u0105zuj\u0105 w ZUS. Waloryzacja \u015bwiadcze\u0144 emerytalno-rentowych opiera si\u0119 na \u015bredniorocznym wska\u017aniku cen towar\u00f3w i us\u0142ug konsumpcyjnych oraz realnym wzro\u015bcie przeci\u0119tnego wynagrodzenia. W 2024 roku wska\u017anik cen wyni\u00f3s\u0142 103,6 proc., natomiast wzrost przeci\u0119tnego wynagrodzenia osi\u0105gn\u0105\u0142 9,5 proc.<\/p>\n<p>Obecnie minimalna emerytura w Polsce wynosi 1878,91 z\u0142 brutto, co oznacza, \u017ce podwy\u017cka do ponad 2000 z\u0142 stanowi znaczn\u0105 r\u00f3\u017cnic\u0119. Projekt zak\u0142ada, \u017ce coroczne waloryzacje zapewni\u0105 seniorom utrzymanie realnej warto\u015bci ich \u015bwiadcze\u0144 w d\u0142u\u017cszej perspektywie. Zgodnie z zasadami:<\/p>\n<ul style=\"list-style-type: disc;\">\n<li value=\"1\">waloryzacja obejmie tak\u017ce dodatkowe \u015bwiadczenia, czyli 13. i 14. emerytur\u0119;<\/li>\n<li value=\"2\">mechanizm b\u0119dzie powi\u0105zany ze zmianami w kosztach \u017cycia oraz cyklicznym przegl\u0105dem wska\u017anika.<\/li>\n<\/ul>\n<p>Spotkanie z seniorami w Sochaczewie \u2013 d\u0142ugie relacje, rozmowy po cz\u0119\u015bci oficjalnej i wpisanie projektu \u201eGodna emerytura\u201d w szerszy program legislacyjny prezydenta<\/p>\n<p>Spotkanie w Sochaczewie odby\u0142o si\u0119 w Bibliotece Miejskiej i mia\u0142o wyj\u0105tkowy charakter. Prezydent Nawrocki przypomnia\u0142, \u017ce to w\u0142a\u015bnie w tym mie\u015bcie odby\u0142o si\u0119 jedno z pierwszych jego spotka\u0144 w ramach kampanii przed wyborami prezydenckimi. Powiedzia\u0142: \u201ew\u0142a\u015bnie w tym mie\u015bcie odby\u0142o si\u0119 jedno z pierwszych moich spotka\u0144 w ramach kampanii przed tegorocznymi wyborami prezydenckimi\u201d. Po oficjalnej cz\u0119\u015bci wydarzenia prezydent d\u0142ugo rozmawia\u0142 z seniorami, indywidualnie odpowiadaj\u0105c na pytania oraz wys\u0142uchuj\u0105c ich problem\u00f3w i oczekiwa\u0144.<\/p>\n<p>Kancelaria Prezydenta podkre\u015bla, \u017ce projekt \u201eGodna emerytura\u201d jest jednym z wielu projekt\u00f3w legislacyjnych przygotowanych przez prezydenta Karola Nawrockiego. W\u015br\u00f3d nich znalaz\u0142y si\u0119 m.in.:<\/p>\n<p>Wszystkie te projekty maj\u0105 stanowi\u0107 sp\u00f3jny program dzia\u0142a\u0144 prezydenta, kt\u00f3ry \u2013 jak podkre\u015blono \u2013 k\u0142adzie nacisk na rozw\u00f3j gospodarczy, bezpiecze\u0144stwo oraz wsparcie spo\u0142eczne. W Sochaczewie prezydent wielokrotnie powraca\u0142 do w\u0105tku wra\u017cliwo\u015bci pa\u0144stwa wobec senior\u00f3w. Powiedzia\u0142: \u201epa\u0144stwo musi by\u0107 wra\u017cliwe wobec tych, kt\u00f3rzy potrzebuj\u0105 interwencji pa\u0144stwa i pomocy pa\u0144stwa polskiego\u201d. Zauwa\u017cy\u0142 te\u017c, \u017ce seniorzy oczekuj\u0105 powa\u017cnego traktowania i realnej pomocy. W jego ocenie projekt \u201eGodna emerytura\u201d jest odpowiedzi\u0105 na te oczekiwania, a nie jedynie symbolicznym gestem.<\/p>\n<p><img decoding=\"async\" src=\"https:\/\/www.europesays.com\/pl\/wp-content\/uploads\/2025\/11\/0b3BhZGEtMjAyNS1yLTM4OTM0OTg3LmpwZyJ9.jpg\"\/><\/p>\n<p class=\"psavimage-title\">Prezydent Karol Nawrocki, Sochaczew 3 listopada 2025 r.<\/p>\n<p class=\"psavimage-description\">Prezydent Karol Nawrocki, Sochaczew 3 listopada 2025 r.<\/p>\n<p class=\"psavimage-source\">Kancelaria Prezydenta RP<\/p>\n","protected":false},"excerpt":{"rendered":"Podpisanie projektu ustawy \u201eGodna emerytura\u201d w Sochaczewie \u2013 pe\u0142ny opis decyzji prezydenta, kt\u00f3ra ma zwi\u0119kszy\u0107 minimaln\u0105 emerytur\u0119 o&hellip;\n","protected":false},"author":2,"featured_media":109312,"comment_status":"","ping_status":"","sticky":false,"template":"","format":"standard","meta":{"footnotes":""},"categories":[16],"tags":[113,112,659,4287,22354,690,42,38,40,39,41,8435],"class_list":{"0":"post-109311","1":"post","2":"type-post","3":"status-publish","4":"format-standard","5":"has-post-thumbnail","7":"category-biznes","8":"tag-biznes","9":"tag-business","10":"tag-emerytura","11":"tag-emerytury","12":"tag-godna-emerytura","13":"tag-karol-nawrocki","14":"tag-pl","15":"tag-poland","16":"tag-polish","17":"tag-polska","18":"tag-polski","19":"tag-sochaczew"},"share_on_mastodon":{"url":"https:\/\/pubeurope.com\/@pl\/115578199695049729","error":""},"_links":{"self":[{"href":"https:\/\/www.europesays.com\/pl\/wp-json\/wp\/v2\/posts\/109311","targetHints":{"allow":["GET"]}}],"collection":[{"href":"https:\/\/www.europesays.com\/pl\/wp-json\/wp\/v2\/posts"}],"about":[{"href":"https:\/\/www.europesays.com\/pl\/wp-json\/wp\/v2\/types\/post"}],"author":[{"embeddable":true,"href":"https:\/\/www.europesays.com\/pl\/wp-json\/wp\/v2\/users\/2"}],"replies":[{"embeddable":true,"href":"https:\/\/www.europesays.com\/pl\/wp-json\/wp\/v2\/comments?post=109311"}],"version-history":[{"count":0,"href":"https:\/\/www.europesays.com\/pl\/wp-json\/wp\/v2\/posts\/109311\/revisions"}],"wp:featuredmedia":[{"embeddable":true,"href":"https:\/\/www.europesays.com\/pl\/wp-json\/wp\/v2\/media\/109312"}],"wp:attachment":[{"href":"https:\/\/www.europesays.com\/pl\/wp-json\/wp\/v2\/media?parent=109311"}],"wp:term":[{"taxonomy":"category","embeddable":true,"href":"https:\/\/www.europesays.com\/pl\/wp-json\/wp\/v2\/categories?post=109311"},{"taxonomy":"post_tag","embeddable":true,"href":"https:\/\/www.europesays.com\/pl\/wp-json\/wp\/v2\/tags?post=109311"}],"curies":[{"name":"wp","href":"https:\/\/api.w.org\/{rel}","templated":true}]}}