{"id":109321,"date":"2025-11-19T20:19:08","date_gmt":"2025-11-19T20:19:08","guid":{"rendered":"https:\/\/www.europesays.com\/pl\/109321\/"},"modified":"2025-11-19T20:19:08","modified_gmt":"2025-11-19T20:19:08","slug":"agnieszka-kaczorowska-i-marcin-rogacewicz-w-objeciach-tak-sie-prezentowali-na-premierze-plejada","status":"publish","type":"post","link":"https:\/\/www.europesays.com\/pl\/109321\/","title":{"rendered":"Agnieszka Kaczorowska i Marcin Rogacewicz w obj\u0119ciach. Tak si\u0119 prezentowali na premierze &#8211; Plejada"},"content":{"rendered":"<ol>\n<li><a href=\"https:\/\/news.google.com\/rss\/articles\/CBMirwFBVV95cUxQNDlGOTd5QmdmLThxYWN2NWNIaWE0RHg1S3ktZGdkODNVOXM2OXh6M2EyN2daTVhRQjJDT05LeWlIN0N5NHJQVDU5Um0wZ21STC02Y2ZhQ3BFbW96TUZCWUdJcm9YQWRkS0RaMWFIRWpuVXppQ2lrWHNWUkZONkROR0hVWGg0OVZQby02N0ZQTkx4dkQwMFBNd0tvek1CZVZMaFVpVktCNW5rZDJUeldz?oc=5\" target=\"_blank\" rel=\"nofollow noopener\">Agnieszka Kaczorowska i Marcin Rogacewicz w obj\u0119ciach. Tak si\u0119 prezentowali na premierze<\/a>&nbsp;&nbsp;Plejada<\/li>\n<li><a href=\"https:\/\/news.google.com\/rss\/articles\/CBMiuwFBVV95cUxPSUNubnNteW9pX2k2cDByZ2JVV21uNHVJQWhpaGVwUG12bmpTWVVlVG56WlBPNjhnbUNUeDZtRmZtVDVBaGFZXzVzbWdjQ3RHUmJ4NXhoOEdPd1lhYTJzYjNXUmlJN3pQZVk1NmxXVjdDVW1hN1R3cTFncElFZE56ZXB4ZjlPMW92U2NlWk1rY014RmRkMGFfY2IxcUJuS05xejBIanNoSlF3RjI3ZlNKaVpVY2lEX3BBSVBR?oc=5\" target=\"_blank\" rel=\"nofollow noopener\">Teatr Capitol wystawi &#8222;Genialny pomys\u0142&#8221;. Prapremiera spektaklu ju\u017c w \u015brod\u0119<\/a>&nbsp;&nbsp;Jedynka &#8211; Polskie Radio<\/li>\n<li><a href=\"https:\/\/news.google.com\/rss\/articles\/CBMivAFBVV95cUxNNVVuSWpVMGtzZ3RCTlZlWjRuZVFONGVvSnM2aTZRM2tWMHhrQkRlTW1zcC0yZEVOdjNMNTBZdFlQdHhHVEg3YXJtcGZfQWxlVTVfamlTeE5zR3N2bXFvUzhzR0ZURWt5YzRDV2Z2MHltdFB2dTJiS2V6MUQ4bjVNXzBJMlQ0X1d2d1ByVF9pcndHX1FibDVsV0NIU0pzQXdXUmJ1RXJPdmRwOXY1anFDa1VhbW1JZllzZDZ4ZA?oc=5\" target=\"_blank\" rel=\"nofollow noopener\">Premiera w Teatrze Capitol. Kaczorowska i Rogacewicz b\u0142yszczeli na \u015bciance<\/a>&nbsp;&nbsp;Plotek.pl<\/li>\n<li><a href=\"https:\/\/news.google.com\/rss\/articles\/CBMi4wFBVV95cUxOLXJqSzU0Ti11Y0xucmwzUlVOdktiV3NBcnFvVTRxOEluRk1RWkc3NU9TZkIxdGFsb3JFeC0yb1RuLVhXTFdrek1sNVJoY1djelNwdjVFS3NMckZlU05FNWlobzg2b1BkMGx1eWpUdWFqbThXcENoOUtaMmY1Wmk0Wm5HWEhRSUpTU245SzV1aFJoeWUzelhPdHBsSEFOc1hScUF3emt2MjZQekRIb1FJdDVnbXF4RDFNUVRFcjJ5N0YyMUFuU3djTkNsMFhEM1dRcmRraEVvT1ZXM1ptcElvWXQxaw?oc=5\" target=\"_blank\" rel=\"nofollow noopener\">Kaczorowska i Rogacewicz bryluj\u0105 pierwszy raz jako para na premierze w teatrze. Tancerka ju\u017c po\u017cegna\u0142a si\u0119 z &#8222;Ta\u0144cem z gwiazdami&#8221;<\/a>&nbsp;&nbsp;Z\u0142ota Scena<\/li>\n<li><a href=\"https:\/\/news.google.com\/rss\/articles\/CBMirwFBVV95cUxPbjcwclRRdHZVTU1uSktud0ViTVllVWRlU2NIZUlJbkJqcEs2eFd1b25DUWhpQnN3YV8zM0s1QnBHSXFpVGtMd2JTREhrYWxweG1QeFVsa25kZlI3T0ZHY2ZydEtETUVLWno3ejRCaUphbGYwMk5ELVdnN0E1Mi1ZRW9CYUpBZUs4b0tuRjFqZlVnVTA0QXM1SFR6M3pjNHl6enlGdkVIdS1raEZKRlpR?oc=5\" target=\"_blank\" rel=\"nofollow noopener\">Kaczorowska i Rogacewicz ol\u015bnili na salonach. Uwag\u0119 przykuwa\u0142a jej \u015bmia\u0142a kreacja<\/a>&nbsp;&nbsp;Fakt<\/li>\n<\/ol>\n","protected":false},"excerpt":{"rendered":"Agnieszka Kaczorowska i Marcin Rogacewicz w obj\u0119ciach. Tak si\u0119 prezentowali na premierze&nbsp;&nbsp;Plejada Teatr Capitol wystawi &#8222;Genialny pomys\u0142&#8221;. Prapremiera&hellip;\n","protected":false},"author":2,"featured_media":109322,"comment_status":"","ping_status":"","sticky":false,"template":"","format":"standard","meta":{"footnotes":""},"categories":[22],"tags":[172,15921,122,3462,48,125,46,42,38,40,39,41,123,47],"class_list":{"0":"post-109321","1":"post","2":"type-post","3":"status-publish","4":"format-standard","5":"has-post-thumbnail","7":"category-rozrywka","8":"tag-agnieszka_kaczorowska","9":"tag-barbara_kurdej_szatan","10":"tag-entertainment","11":"tag-marcin_rogacewicz","12":"tag-nat_styl","13":"tag-newsy","14":"tag-omp","15":"tag-pl","16":"tag-poland","17":"tag-polish","18":"tag-polska","19":"tag-polski","20":"tag-rozrywka","21":"tag-screening_general"},"share_on_mastodon":{"url":"https:\/\/pubeurope.com\/@pl\/115578219156815328","error":""},"_links":{"self":[{"href":"https:\/\/www.europesays.com\/pl\/wp-json\/wp\/v2\/posts\/109321","targetHints":{"allow":["GET"]}}],"collection":[{"href":"https:\/\/www.europesays.com\/pl\/wp-json\/wp\/v2\/posts"}],"about":[{"href":"https:\/\/www.europesays.com\/pl\/wp-json\/wp\/v2\/types\/post"}],"author":[{"embeddable":true,"href":"https:\/\/www.europesays.com\/pl\/wp-json\/wp\/v2\/users\/2"}],"replies":[{"embeddable":true,"href":"https:\/\/www.europesays.com\/pl\/wp-json\/wp\/v2\/comments?post=109321"}],"version-history":[{"count":0,"href":"https:\/\/www.europesays.com\/pl\/wp-json\/wp\/v2\/posts\/109321\/revisions"}],"wp:featuredmedia":[{"embeddable":true,"href":"https:\/\/www.europesays.com\/pl\/wp-json\/wp\/v2\/media\/109322"}],"wp:attachment":[{"href":"https:\/\/www.europesays.com\/pl\/wp-json\/wp\/v2\/media?parent=109321"}],"wp:term":[{"taxonomy":"category","embeddable":true,"href":"https:\/\/www.europesays.com\/pl\/wp-json\/wp\/v2\/categories?post=109321"},{"taxonomy":"post_tag","embeddable":true,"href":"https:\/\/www.europesays.com\/pl\/wp-json\/wp\/v2\/tags?post=109321"}],"curies":[{"name":"wp","href":"https:\/\/api.w.org\/{rel}","templated":true}]}}