{"id":109327,"date":"2025-11-19T20:23:07","date_gmt":"2025-11-19T20:23:07","guid":{"rendered":"https:\/\/www.europesays.com\/pl\/109327\/"},"modified":"2025-11-19T20:23:07","modified_gmt":"2025-11-19T20:23:07","slug":"szef-mon-o-dywersyjnych-dzialaniach-rosji-mowil-o-podwojnym-efekcie-relacja-na-zywo-onet-wiadomosci","status":"publish","type":"post","link":"https:\/\/www.europesays.com\/pl\/109327\/","title":{"rendered":"Szef MON o dywersyjnych dzia\u0142aniach Rosji. M\u00f3wi\u0142 o &quot;podw\u00f3jnym efekcie&quot; [RELACJA NA \u017bYWO] &#8211; Onet Wiadomo\u015bci"},"content":{"rendered":"<ol>\n<li><a href=\"https:\/\/news.google.com\/rss\/articles\/CBMiwAFBVV95cUxPSGpNcTdTSExxckZ6NHF1d0czdTNWMFc1TEJSeGhlbU5iY3lpRGF3WkxzVThGVFppTHhTLXVNV09lam85OHRWMW5UWUE4VVdjaWV4MmpBRllPanF4RkZJWGgyZ1lLN3VJazBRRk1JT3NqN3hCRWRaT2xGdG1mWWdMbTNlUDBPaGt6NnhMRk9iT0FmTkRYdEF5M005NHpneHc3TER2MHlxXzZSYl9fYW1DUUFkM1Zwc2lvOEdMOXFCN1Q?oc=5\" target=\"_blank\" rel=\"nofollow noopener\">Szef MON o dywersyjnych dzia\u0142aniach Rosji. M\u00f3wi\u0142 o &#8222;podw\u00f3jnym efekcie&#8221; [RELACJA NA \u017bYWO]<\/a>&nbsp;&nbsp;Onet Wiadomo\u015bci<\/li>\n<li><a href=\"https:\/\/news.google.com\/rss\/articles\/CBMivAFBVV95cUxQZ2o5OHN4dm50aDVLLXZ6eU1TM2pRZ0hIbkdNcVFfc3lqb3puYVEtVWZZME5QdUhRcWR1R3VnUVpkY1FyRDdpS1BVNHhxV2FKWVdvSkUtLTNlZTkyUjJ1TmJVdlRNVHpxMW9KdnJ0a3FKTTh4MThkZ1Vxa3VNR3IwcEJNRml3cjZ4SWR4Nl9kUEpfYjFreUdOM0RGOG5Ic3pJWjkxYlFKM1cwYkxYZWJGVjhnaGJwSDBFc1BTQw?oc=5\" target=\"_blank\" rel=\"nofollow noopener\">Akty dywersyjne w Polsce. Policja ujawnia, co dzia\u0142o si\u0119 w nocy. Kobieta us\u0142ysza\u0142a huk<\/a>&nbsp;&nbsp;Gazeta<\/li>\n<li><a href=\"https:\/\/news.google.com\/rss\/articles\/CBMiqwFBVV95cUxNenFkNkc1WnM1VmRlODB5NC1fN3dEb1M1M0FJWVhtSzhMbkNLUWpmSkEtdFJQN1RuWVJnYUVOTWkzWXJuUW1lVEY3VFE5YWwxcm85YXF0bFZQNDdPekVTa0hvSWNYZkVRSWRwaGxXTVdyRTFwVnZwWU5PZVhmclY3S1pyYk5oYTFBVkZnWjMzckFoY1EtbUVyalY3b25rdkpSa0hWU1hnZnp0QU0?oc=5\" target=\"_blank\" rel=\"nofollow noopener\">Wybuch na torach. Tak policja zareagowa\u0142a na zg\u0142oszenie mieszka\u0144c\u00f3w. Minuta po minucie<\/a>&nbsp;&nbsp;TVN24<\/li>\n<li><a href=\"https:\/\/news.google.com\/rss\/articles\/CBMimAFBVV95cUxQSFFRc0NTdnI3OGtmeVdqUWRBUW9FZXNfUndZZnQyT2VpaWU2RmFGejNlVmg5SjdFMG5MOVlackdDQm44amRVTkxyeURGXzBHT01CcGFxVDRVT3ozLUk0X1hLOE1ib2dERFNIcHpLQk52YnhMTklCejVoQnhEdWtQX3Q4bE95ZXVGN2lXWkpRQ084NnFHdFJrQg?oc=5\" target=\"_blank\" rel=\"nofollow noopener\">Dywersje na polskich kolejach. Trop prowadzi do GRU<\/a>&nbsp;&nbsp;WP Wiadomo\u015bci<\/li>\n<li><a href=\"https:\/\/news.google.com\/rss\/articles\/CBMivwFBVV95cUxPQ0NrS3dhSlRmQzBnSGJsWFlCRjFQbUJ5b3pvc1VLMllzSWZkUGhmZWlBNkJoWDNBcWlGSzViZFhDOXNhMHY3OG5SWmxYOFNZRGJFaFBhMXF4R2hYcGlxNVY2am42Wk1iOER0ZEpUSTQ0Vk1GZWNkWGtZbUFydDRsemZ4b3Y1cjliZGtNd2l6MkN0ODZtMnpZWXZfZ0pYZ09kX0JtendyZzd4czhQYVVva2dJQVhiX2hVMXU3cFJIOA?oc=5\" target=\"_blank\" rel=\"nofollow noopener\">Terytorialsi, drony, lokomotywy &#8222;zwiadowcze&#8221;. Tory pod specjaln\u0105 ochron\u0105<\/a>&nbsp;&nbsp;Money.pl<\/li>\n<\/ol>\n","protected":false},"excerpt":{"rendered":"Szef MON o dywersyjnych dzia\u0142aniach Rosji. M\u00f3wi\u0142 o &#8222;podw\u00f3jnym efekcie&#8221; [RELACJA NA \u017bYWO]&nbsp;&nbsp;Onet Wiadomo\u015bci Akty dywersyjne w Polsce.&hellip;\n","protected":false},"author":2,"featured_media":108803,"comment_status":"","ping_status":"","sticky":false,"template":"","format":"standard","meta":{"footnotes":""},"categories":[12],"tags":[32,33,212,36,37,27,49,34,35,1162,28,31,48,25,46,42,38,40,6571,39,41,1118,380,47,423,29,30,26],"class_list":{"0":"post-109327","1":"post","2":"type-post","3":"status-publish","4":"format-standard","5":"has-post-thumbnail","7":"category-polska","8":"tag-breaking-news","9":"tag-breakingnews","10":"tag-donald_tusk","11":"tag-featured-news","12":"tag-featurednews","13":"tag-headlines","14":"tag-kraj","15":"tag-latest-news","16":"tag-latestnews","17":"tag-msz","18":"tag-naglowki","19":"tag-najwazniejsze-artykuly","20":"tag-nat_styl","21":"tag-news","22":"tag-omp","23":"tag-pl","24":"tag-poland","25":"tag-polish","26":"tag-polityka_politycy","27":"tag-polska","28":"tag-polski","29":"tag-radoslaw_sikorski","30":"tag-rzad","31":"tag-screening_general","32":"tag-sejm","33":"tag-top-stories","34":"tag-topstories","35":"tag-wiadomosci"},"share_on_mastodon":{"url":"https:\/\/pubeurope.com\/@pl\/115578234750077398","error":""},"_links":{"self":[{"href":"https:\/\/www.europesays.com\/pl\/wp-json\/wp\/v2\/posts\/109327","targetHints":{"allow":["GET"]}}],"collection":[{"href":"https:\/\/www.europesays.com\/pl\/wp-json\/wp\/v2\/posts"}],"about":[{"href":"https:\/\/www.europesays.com\/pl\/wp-json\/wp\/v2\/types\/post"}],"author":[{"embeddable":true,"href":"https:\/\/www.europesays.com\/pl\/wp-json\/wp\/v2\/users\/2"}],"replies":[{"embeddable":true,"href":"https:\/\/www.europesays.com\/pl\/wp-json\/wp\/v2\/comments?post=109327"}],"version-history":[{"count":0,"href":"https:\/\/www.europesays.com\/pl\/wp-json\/wp\/v2\/posts\/109327\/revisions"}],"wp:featuredmedia":[{"embeddable":true,"href":"https:\/\/www.europesays.com\/pl\/wp-json\/wp\/v2\/media\/108803"}],"wp:attachment":[{"href":"https:\/\/www.europesays.com\/pl\/wp-json\/wp\/v2\/media?parent=109327"}],"wp:term":[{"taxonomy":"category","embeddable":true,"href":"https:\/\/www.europesays.com\/pl\/wp-json\/wp\/v2\/categories?post=109327"},{"taxonomy":"post_tag","embeddable":true,"href":"https:\/\/www.europesays.com\/pl\/wp-json\/wp\/v2\/tags?post=109327"}],"curies":[{"name":"wp","href":"https:\/\/api.w.org\/{rel}","templated":true}]}}