{"id":109368,"date":"2025-11-19T20:59:15","date_gmt":"2025-11-19T20:59:15","guid":{"rendered":"https:\/\/www.europesays.com\/pl\/109368\/"},"modified":"2025-11-19T20:59:15","modified_gmt":"2025-11-19T20:59:15","slug":"zmiany-w-rzadzie-jeszcze-w-listopadzie-do-gry-wchodzi-nowy-zawodniktytul","status":"publish","type":"post","link":"https:\/\/www.europesays.com\/pl\/109368\/","title":{"rendered":"Zmiany w rz\u0105dzie jeszcze w listopadzie? Do gry wchodzi nowy zawodnikTytu\u0142 *"},"content":{"rendered":"<p>\u2014 Pe\u0142czy\u0144ska-Na\u0142\u0119cz b\u0119dzie ku\u0107 \u017celazo, p\u00f3ki gor\u0105ce. Ona wie, \u017ce je\u015bli teraz nie dostanie tego wicepremiera, to by\u0107 mo\u017ce nigdy \u2014 s\u0142yszymy od jednego z pos\u0142\u00f3w Polski 2050 krytycznego wobec minister funduszy i polityki regionalnej.<\/p>\n<p class=\"ods-c-paragraph \">Polityczka we wrze\u015bniu zosta\u0142a <a href=\"https:\/\/wiadomosci.onet.pl\/kraj\/katarzyna-pelczynska-nalecz-kandydatka-polski-2050-na-wicepremiera\/fx19jph\" id=\"51363a43-a484-49b3-baa0-f0311082ec5d\" rel=\"nofollow noopener\" target=\"_blank\">zarekomendowana przez parti\u0119 na stanowisko wicepremiera. Wprawdzie umowa koalicyjna<\/a> nie przewidywa\u0142a takiego stanowiska dla Polski 2050, ale Pe\u0142czy\u0144ska-Na\u0142\u0119cz gdzie tylko mo\u017ce, przekonuje, \u017ce latem takie ustalenia zapad\u0142y w trakcie rekonstrukcji rz\u0105du.<\/p>\n<p class=\"ods-c-paragraph \">Mia\u0142aby to by\u0107 rekompensata za utrat\u0119 [zgodnie z umow\u0105 koalicyjn\u0105] stanowiska marsza\u0142ka Sejmu przez Szymona Ho\u0142owni\u0119. <a href=\"https:\/\/www.onet.pl\/informacje\/onetwiadomosci\/pelczynska-nalecz-o-kulisach-spotkania-ws-wicepremiera-czuje-sie-zazenowana\/fe6lbpv,79cfc278\" id=\"1b8357dc-9b17-40ae-9356-777c6230fb65\" rel=\"nofollow noopener\" target=\"_blank\">Do tej pory premier jednak nie potwierdzi\u0142, \u017ce takie ustalenia zapad\u0142y. Na dodatek ca\u0142kiem<\/a> niedawno sam Ho\u0142ownia og\u0142osi\u0142, \u017ce ust\u0105pi z funkcji drugiej osoby w pa\u0144stwie, je\u015bli najpierw jej kole\u017canka uzyska tek\u0119 wicepremiera.<\/p>\n<p>   <img decoding=\"async\" src=\"https:\/\/www.europesays.com\/pl\/wp-content\/uploads\/2025\/11\/Y2lk9lBaHR0cHM6Ly9vY2RuLmV1L3B1bHNjbXMvTURBXy8zYzEyNWVhZGY5OTg5OTE3NzJlMDNlOTA5NjEyYzdkZi5qcGeRlQLNB.jpeg\" height=\"627\" width=\"940\" alt=\"Szymon Ho\u0142ownia oraz Katarzyna Pe\u0142czy\u0144ska-Na\u0142\u0119cz\" loading=\"lazy\" class=\"ods-c-image__img ods-c-image__img--viewport-width\"\/><\/p>\n<p>Szymon Ho\u0142ownia oraz Katarzyna Pe\u0142czy\u0144ska-Na\u0142\u0119czMarcin Obara \/ PAP<\/p>\n<p class=\"ods-c-paragraph \">P\u00f3\u017aniej nie stawia\u0142 ju\u017c jednak tej sprawy na ostrzu no\u017ca, a sam szef rz\u0105du te\u017c zmieni\u0142 ton. Kluczowa jest wypowied\u017a Donalda Tuska z 17 pa\u017adziernika. <a href=\"https:\/\/wiadomosci.onet.pl\/kraj\/kandydatka-na-wicepremierke-moze-sie-zawiesc-premier-nie-bedzie-sie-spieszyl\/63wnyyk\" id=\"f2afa465-60e3-4015-8427-fdb6c7dfcf3a\" rel=\"nofollow noopener\" target=\"_blank\">Pytany, czy Polska 2050 dostanie wicepremiera i czy wyobra\u017ca sobie, \u017ce tek\u0119 obejmie<\/a> Pe\u0142czy\u0144ska-Na\u0142\u0119cz, odpowiedzia\u0142, \u017ce tak, ale dopiero po zmianie na fotelu marsza\u0142ka Sejmu i rozmowach koalicyjnych o &#8222;ewentualnych awansach czy zmianach w rz\u0105dzie&#8221;.<\/p>\n<p>Dalszy ci\u0105g artyku\u0142u pod materia\u0142em wideo<\/p>\n<p class=\"ods-c-paragraph \">W szerszym kontek\u015bcie warto pami\u0119ta\u0107, \u017ce jeszcze w <a href=\"https:\/\/wiadomosci.onet.pl\/tylko-w-onecie\/zaskoczenie-w-polsce-2050-po-slowach-premiera-tuska-nadal-chce-wspolpracowac\/8mdl8qb\" id=\"58e6e2b8-bc7f-44bc-a7fb-59228ed467cf\" rel=\"nofollow noopener\" target=\"_blank\">lipcu premier wprost wyklucza\u0142 stanowisko wicepremiera dla Polski 2050 w ramach<\/a> letniej rekonstrukcji rz\u0105du. Powtarza\u0142 wtedy, \u017ce taka teka nie jest przewidziana w letniej rekonstrukcji. S\u0142owo sta\u0142o si\u0119 cia\u0142em.<\/p>\n<p class=\"ods-c-paragraph \">Teraz warunki si\u0119 jednak zmieni\u0142y. <a href=\"https:\/\/wiadomosci.onet.pl\/tylko-w-onecie\/burza-po-wybraniu-marszalka-kulisy-rozgrywki-w-obozie-wladzy\/5pprcxb\" id=\"b594bdc6-83ef-4c17-a789-ad7a456ff883\" rel=\"nofollow noopener\" target=\"_blank\">Wczoraj w b\u00f3lach Polska 2050 [opr\u00f3cz tr\u00f3jki pos\u0142\u00f3w] popar\u0142a kandydatur\u0119 W\u0142odzimierza<\/a> Czarzastego na marsza\u0142ka Sejmu. Lider Nowej Lewicy przej\u0105\u0142 ju\u017c urz\u0105d, wprowadza w\u0142asne porz\u0105dku przy Wiejskiej. Umowa koalicyjna si\u0119 wype\u0142ni\u0142a.<\/p>\n<p class=\"ods-c-paragraph \">Ju\u017c kilka dni temu w Radiu Zet o konsekwencje tego wyboru by\u0142a pytana Katarzyna Pe\u0142czy\u0144ska-Na\u0142\u0119cz.<\/p>\n<p class=\"ods-c-paragraph \">\u2014 O mianowaniu wicepremiera decyduje premier. To jest &#8222;sprawdzam&#8221; dla ca\u0142ej naszej koalicji, na ile wobec siebie dotrzymujemy um\u00f3w. Niekt\u00f3rzy zg\u0142aszali w\u0105tpliwo\u015bci, czy PL2050 jest partnerem, kt\u00f3ry dotrzymuje um\u00f3w. Ot\u00f3\u017c jeste\u015bmy nim i dotrzymujemy um\u00f3w. Jeste\u015bmy wiarygodni i jak co\u015b m\u00f3wimy, to to robimy [\u2026]. Tego oczekujemy od pozosta\u0142ych koalicjant\u00f3w \u2014 m\u00f3wi\u0142a.<\/p>\n<p><img decoding=\"async\" src=\"https:\/\/www.europesays.com\/pl\/wp-content\/uploads\/2025\/11\/WJdk9lGaHR0cHM6Ly9vY2RuLmV1L3B1bHNjbXMvTURBXy80NGJhZGYyMS1iOTAyLTQzNmItYTliZC0yYjEwZjJkMTQ4NDIuanBlZ.jpeg\" height=\"627\" width=\"940\" alt=\"Nowy marsza\u0142ek Sejmu W\u0142odzimierz Czarzasty\" loading=\"lazy\" class=\"ods-c-image__img ods-c-image__img--viewport-width\"\/><\/p>\n<p>Nowy marsza\u0142ek Sejmu W\u0142odzimierz CzarzastyPAP\/Albert Zawada<\/p>\n<p class=\"ods-c-paragraph \">Na razie premier nie zadeklarowa\u0142, czy do takiej zmiany rzeczywi\u015bcie dojdzie. Z naszych rozm\u00f3w z lud\u017ami z otoczenia szefa rz\u0105du wynika\u0142o, \u017ce wola\u0142by raczej poczeka\u0107 na rozstrzygni\u0119cie wewn\u0119trznych wybor\u00f3w w Polsce 2050, kt\u00f3re odb\u0119d\u0105 si\u0119 w styczniu. <a href=\"https:\/\/wiadomosci.onet.pl\/kraj\/jest-decyzja-sejmu-szymon-holownia-nowym-wicemarszalkiem\/q0hhe3k\" id=\"d409e99e-4a46-4007-96be-b3f2ef4a7d47\" rel=\"nofollow noopener\" target=\"_blank\">Szymon Ho\u0142ownia, kt\u00f3ry wczoraj zosta\u0142 wybrany na wicemarsza\u0142ka Sejmu<\/a>, ale ubiega si\u0119 o stanowisko w ONZ, ju\u017c dawno og\u0142osi\u0142, \u017ce nie chce dalej by\u0107 szefem swojej partii.<\/p>\n<p class=\"ods-c-paragraph \">Faworytk\u0105 do zast\u0105pienia by\u0142ego marsza\u0142ka jest Katarzyna Pe\u0142czy\u0144ska-Na\u0142\u0119cz, kt\u00f3ra jednocze\u015bnie ma zosta\u0107 wicepremierem. Nasi rozm\u00f3wcy z Polski 2050 przekonuj\u0105, \u017ce stanie si\u0119 to szybko.<\/p>\n<p class=\"ods-c-paragraph \">\u2014 To rozstrzygnie si\u0119 jeszcze w listopadzie. Nasze wewn\u0119trzne wybory nie s\u0105 z t\u0105 spraw\u0105 powi\u0105zane \u2014 przekonuje mnie wa\u017cny polityk ugrupowania Ho\u0142owni.<\/p>\n<p class=\"ods-c-paragraph \">\u2014 W sprawie pani Pe\u0142czy\u0144skiej-Na\u0142\u0119cz nie ma \u017cadnego handlu. Decyzj\u0119 w tej sprawie ma podj\u0105\u0107 premier Donald Tusk, bo jest premierem i liderem rz\u0105du. Ja jako lider ugrupowania, kt\u00f3re reprezentuj\u0119, nic przeciwko temu, aby pani Pe\u0142czy\u0144ska-Na\u0142\u0119cz zosta\u0142a wicepremierem, nie mam \u2014 m\u00f3wi\u0142 wczoraj w Sejmie pytany przez Onet marsza\u0142ek W\u0142odzimierz Czarzasty.<\/p>\n<p class=\"ods-c-paragraph \">Co ciekawe, sama minister funduszy nie og\u0142osi\u0142a oficjalnie swojego startu w wewn\u0119trznych wyborach. Zrobi\u0142 to <a href=\"https:\/\/wiadomosci.onet.pl\/kraj\/ryszard-petru-rejestruje-swoja-kandydature-na-przewodniczacego-polski-2050\/zk4x5em\" id=\"89226a89-930a-47e4-9d33-2bdfb0dd1a50\" rel=\"nofollow noopener\" target=\"_blank\">Ryszard Petru, kt\u00f3ry deklaruje, \u017ce zebra\u0142 ju\u017c wystarczaj\u0105c\u0105 liczb\u0119<\/a> podpis\u00f3w. O szefostwo ugrupowania chce si\u0119 te\u017c ubiega\u0107 Joanna Mucha. Start rozwa\u017ca te\u017c szef klubu parlamentarnego tej partii Pawe\u0142 \u015aliz.<\/p>\n<p class=\"ods-c-paragraph \">Z informacji Onetu wynika jednak, \u017ce do gry mo\u017ce wej\u015b\u0107 jeszcze jeden zawodnik. Chodzi o Micha\u0142a Kobosk\u0119, kt\u00f3ry jest teraz europos\u0142em i w ostatnich dw\u00f3ch <a href=\"https:\/\/wiadomosci.onet.pl\/kraj\/michal-kobosko-o-decyzji-szymona-holowni-jestem-rozczarowany\/57xb794\" id=\"578e5f8f-9429-4fbc-80fe-8263eff25e45\" rel=\"nofollow noopener\" target=\"_blank\">latach odsun\u0105\u0142 si\u0119 w cie\u0144 i przeni\u00f3s\u0142 si\u0119 na sta\u0142e do Brukseli. A kiedy\u015b by\u0142 jednak<\/a> praw\u0105 r\u0119k\u0105 Szymona Ho\u0142owni, a nawet pierwszym szefem Polski 2050. Jest tajemnic\u0105 poliszynela, \u017ce jego wp\u0142ywy zosta\u0142y ograniczone w wyniku dzia\u0142a\u0144 Katarzyny Pe\u0142czy\u0144skiej-Na\u0142\u0119cz.<\/p>\n<p>&#8222;Ewentualne wej\u015bcie Micha\u0142a mo\u017ce zmieni\u0107 sporo&#8221; <\/p>\n<p class=\"ods-c-paragraph \">Swoj\u0105 decyzj\u0119 o ewentualnym starcie europose\u0142 ma og\u0142osi\u0107 w sobot\u0119 w Sky Hall w Warszawie. Zaproszenia na to wydarzenie zosta\u0142y rozes\u0142ane ju\u017c wczoraj.<\/p>\n<p class=\"ods-c-paragraph \">\u2014 Na tle Muchy, Petru, czy nawet \u015aliza Pe\u0142czy\u0144ska-Na\u0142\u0119cz jawi si\u0119 jako faworytka. G\u0142osy oddane na jej przeciwnik\u00f3w si\u0119 podziel\u0105, a ona jednak stawia\u0142a t\u0119 parti\u0119, zna ludzi, ma argumenty. Jednak ewentualne wej\u015bcie Micha\u0142a mo\u017ce zmieni\u0107 sporo \u2014 s\u0142yszymy od osoby znaj\u0105cej kulisy wewn\u0119trznych rozgrywek w Polsce 2050.<\/p>\n<p>   <img decoding=\"async\" src=\"https:\/\/www.europesays.com\/pl\/wp-content\/uploads\/2025\/11\/qKzk9lBaHR0cHM6Ly9vY2RuLmV1L3B1bHNjbXMvTURBXy8yNjgxZmUwZTk0NTRhNjQxMjZmODE5ZDY4NDkzOGU5YS5qcGeRlQLNB.jpeg\" height=\"627\" width=\"940\" alt=\"Micha\u0142 Kobosko\" loading=\"lazy\" class=\"ods-c-image__img ods-c-image__img--viewport-width\"\/><\/p>\n<p>Micha\u0142 KoboskoRadek Pietruszka \/ PAP<\/p>\n<p class=\"ods-c-paragraph \">Nie jest jasne, co stanie si\u0119, je\u015bli teraz premier powo\u0142a minister funduszy na wicepremiera, a styczniowe wybory w partii wygra kto\u015b inny.<\/p>\n<p class=\"ods-c-paragraph \">Wa\u017cny polityk PSL: \u2014 Dla Tuska danie jej tego awansu to jest \u017caden problem. Natomiast je\u015bli ona przegra, to przecie\u017c partia mo\u017ce cofn\u0105\u0107 jej rekomendacj\u0119 i premier nie b\u0119dzie czeka\u0142. Pe\u0142czy\u0144ska jednak wie, co robi. Ona chce tym wycepremierostwem zwi\u0119kszy\u0107 swoje szanse na kierowanie parti\u0105.<\/p>\n","protected":false},"excerpt":{"rendered":"\u2014 Pe\u0142czy\u0144ska-Na\u0142\u0119cz b\u0119dzie ku\u0107 \u017celazo, p\u00f3ki gor\u0105ce. Ona wie, \u017ce je\u015bli teraz nie dostanie tego wicepremiera, to by\u0107&hellip;\n","protected":false},"author":2,"featured_media":109369,"comment_status":"","ping_status":"","sticky":false,"template":"","format":"standard","meta":{"footnotes":""},"categories":[5],"tags":[56,32,33,36,37,27,1163,1657,34,35,8397,28,31,48,25,46,42,38,40,39,202,41,6024,47,204,29,30,341,26],"class_list":{"0":"post-109368","1":"post","2":"type-post","3":"status-publish","4":"format-standard","5":"has-post-thumbnail","7":"category-naglowki","8":"tag-article_premium","9":"tag-breaking-news","10":"tag-breakingnews","11":"tag-featured-news","12":"tag-featurednews","13":"tag-headlines","14":"tag-joanna_mucha","15":"tag-katarzyna_pelczynska_nalecz","16":"tag-latest-news","17":"tag-latestnews","18":"tag-michal_kobosko","19":"tag-naglowki","20":"tag-najwazniejsze-artykuly","21":"tag-nat_styl","22":"tag-news","23":"tag-omp","24":"tag-pl","25":"tag-poland","26":"tag-polish","27":"tag-polska","28":"tag-polska_2050","29":"tag-polski","30":"tag-ryszard_petru","31":"tag-screening_general","32":"tag-szymon_holownia","33":"tag-top-stories","34":"tag-topstories","35":"tag-tylko_w_onecie","36":"tag-wiadomosci"},"share_on_mastodon":{"url":"https:\/\/pubeurope.com\/@pl\/115578376606733759","error":""},"_links":{"self":[{"href":"https:\/\/www.europesays.com\/pl\/wp-json\/wp\/v2\/posts\/109368","targetHints":{"allow":["GET"]}}],"collection":[{"href":"https:\/\/www.europesays.com\/pl\/wp-json\/wp\/v2\/posts"}],"about":[{"href":"https:\/\/www.europesays.com\/pl\/wp-json\/wp\/v2\/types\/post"}],"author":[{"embeddable":true,"href":"https:\/\/www.europesays.com\/pl\/wp-json\/wp\/v2\/users\/2"}],"replies":[{"embeddable":true,"href":"https:\/\/www.europesays.com\/pl\/wp-json\/wp\/v2\/comments?post=109368"}],"version-history":[{"count":0,"href":"https:\/\/www.europesays.com\/pl\/wp-json\/wp\/v2\/posts\/109368\/revisions"}],"wp:featuredmedia":[{"embeddable":true,"href":"https:\/\/www.europesays.com\/pl\/wp-json\/wp\/v2\/media\/109369"}],"wp:attachment":[{"href":"https:\/\/www.europesays.com\/pl\/wp-json\/wp\/v2\/media?parent=109368"}],"wp:term":[{"taxonomy":"category","embeddable":true,"href":"https:\/\/www.europesays.com\/pl\/wp-json\/wp\/v2\/categories?post=109368"},{"taxonomy":"post_tag","embeddable":true,"href":"https:\/\/www.europesays.com\/pl\/wp-json\/wp\/v2\/tags?post=109368"}],"curies":[{"name":"wp","href":"https:\/\/api.w.org\/{rel}","templated":true}]}}