{"id":109400,"date":"2025-11-19T21:40:10","date_gmt":"2025-11-19T21:40:10","guid":{"rendered":"https:\/\/www.europesays.com\/pl\/109400\/"},"modified":"2025-11-19T21:40:10","modified_gmt":"2025-11-19T21:40:10","slug":"plock-zabojstwo-dostawcy-pizzy-sad-najwyzszy-wydal-ostateczny-wyrok","status":"publish","type":"post","link":"https:\/\/www.europesays.com\/pl\/109400\/","title":{"rendered":"P\u0142ock. Zab\u00f3jstwo dostawcy pizzy. S\u0105d Najwy\u017cszy wyda\u0142 ostateczny wyrok"},"content":{"rendered":"<ul class=\"typography ids-typeset-body ids-typeset-body--preset-large list ids-list ids-list--unordered ids-list--size-large \" datatype=\"disc\">\n<li class=\"ids-list-item\">\n<p>S\u0105d Najwy\u017cszy oddali\u0142 kasacje obro\u0144c\u00f3w trzech m\u0119\u017cczyzn skazanych za brutalne zab\u00f3jstwo dostawcy pizzy z P\u0142ocka.<\/p>\n<\/li>\n<li class=\"ids-list-item\">\n<p>Dw\u00f3ch sprawc\u00f3w otrzyma\u0142o kary do\u017cywotniego pozbawienia wolno\u015bci, a trzeci zosta\u0142 skazany na 25 lat wi\u0119zienia.<\/p>\n<\/li>\n<li class=\"ids-list-item\">\n<p>Motywem zbrodni by\u0142a zemsta, a dzia\u0142ania sprawc\u00f3w mia\u0142y charakter szczeg\u00f3lnego okrucie\u0144stwa.<\/p>\n<\/li>\n<li class=\"ids-list-item\">Wi\u0119cej wa\u017cnych informacji znajdziesz na <a class=\"ids-undecorated-link link ids-link link\" href=\"https:\/\/www.interia.pl\/#utm_source=wydarzenia&amp;utm_medium=bullet&amp;utm_campaign=powrot_z_wew&amp;iwa_source=bullet\" target=\"_blank\" rel=\"nofollow noopener\">stronie g\u0142\u00f3wnej Interii<\/a><\/li>\n<\/ul>\n<p class=\"typography ids-typeset-body ids-typeset-body--preset-large link paragraph ids-paragraph ids-paragraph--default\">Dwie kary do\u017cywocia i jedna 25 lat wi\u0119zienia s\u0105 ju\u017c ostateczne dla trzech sprawc\u00f3w zab\u00f3jstwa w styczniu 2020 r. 20-letniego dostawcy pizzy z P\u0142ocka Rafa\u0142a C. Zab\u00f3jcy uwa\u017cali, \u017ce zeznania C. mog\u0142y im zaszkodzi\u0107 w innej sprawie. W \u015brod\u0119 <a href=\"https:\/\/wydarzenia.interia.pl\/tematy-sad-najwyzszy,gsbi,28\" rel=\"nofollow noopener\" target=\"_blank\">S\u0105d Najwy\u017cszy<\/a> oddali\u0142 kasacje obro\u0144c\u00f3w skazanych.<\/p>\n<p class=\"typography ids-typeset-body ids-typeset-body--preset-large link paragraph ids-paragraph ids-paragraph--default\">&#8211; Zabili cz\u0142owieka ze szczeg\u00f3lnym okrucie\u0144stwem, z motywacji zas\u0142uguj\u0105cej na szczeg\u00f3lne pot\u0119pienie, pozbawili go \u017cycia i zmarnowali swoje \u017cycia &#8211; podsumowa\u0142 oddalenie kasacji s\u0119dzia SN Waldemar P\u0142\u00f3ciennik.<\/p>\n<p>Zab\u00f3jstwo dostawcy pizzy w P\u0142ocku. Motywem zbrodni by\u0142a ch\u0119\u0107 zemsty<\/p>\n<p class=\"typography ids-typeset-body ids-typeset-body--preset-large link paragraph ids-paragraph ids-paragraph--default\">Do zab\u00f3jstwa Rafa\u0142a C. dosz\u0142o w nocy z 27 na 28 stycznia 2020 roku. W trakcie \u015bledztwa ustalono m.in., \u017ce trzej sprawcy &#8211; maj\u0105cy wtedy od 19 do 24 lat: Konrad M., \u0141ukasz R. oraz Kamil W. &#8211; zwabili 20-letniego Rafa\u0142a C., kt\u00f3ry pracowa\u0142 jako dostawca pizzy, do jednego z mieszka\u0144 w P\u0142ocku.<\/p>\n<p class=\"typography ids-typeset-body ids-typeset-body--preset-large link paragraph ids-paragraph ids-paragraph--default\">Nast\u0119pnie uprowadzili go, wywo\u017c\u0105c w baga\u017cniku samochodu do lasu w okolicy Rypina (woj. kujawsko-pomorskie).<\/p>\n<p class=\"typography ids-typeset-body ids-typeset-body--preset-large link paragraph ids-paragraph ids-paragraph--default\">Rafa\u0142 C. by\u0142 tam podduszany, wielokrotnie raniony no\u017cem, a nast\u0119pnie zosta\u0142 wrzucony do wykopanego wcze\u015bniej do\u0142u i zasypany wapnem. Sekcja zw\u0142ok wykaza\u0142a, \u017ce ofiara zbrodni jeszcze wtedy \u017cy\u0142a i zmar\u0142a na skutek przysypania ziemi\u0105.<\/p>\n<p class=\"typography ids-typeset-body ids-typeset-body--preset-large link paragraph ids-paragraph ids-paragraph--default\">Jak ustalono w toku \u015bledztwa i potwierdzono w post\u0119powaniu s\u0105dowym, motywem zbrodni by\u0142a zemsta, kt\u00f3ra mia\u0142a wynika\u0107 z podejrzenia oskar\u017conych, \u017ce zeznania Rafa\u0142a C. w innej sprawie mog\u0142y zaszkodzi\u0107 sprawcom.<\/p>\n<p>S\u0105d Okr\u0119gowy wymierzy\u0142 sprawcom trzy kary do\u017cywocia<\/p>\n<p class=\"typography ids-typeset-body ids-typeset-body--preset-large link paragraph ids-paragraph ids-paragraph--default\">S\u0105d Okr\u0119gowy w P\u0142ocku w kwietniu 2022 r. wymierzy\u0142 w tej sprawie\u00a0trzy kary do\u017cywocia. Wskaza\u0142, \u017ce oskar\u017ceni dzia\u0142ali wsp\u00f3lnie, metodycznie, z zamiarem bezpo\u015brednim pozbawienia \u017cycia, a ich post\u0119powanie wobec ofiary cechowa\u0142o szczeg\u00f3lne udr\u0119czenie, przy czym motywy czynu\u00a0zas\u0142uguj\u0105 na szczeg\u00f3lne pot\u0119pienie.<\/p>\n<p class=\"typography ids-typeset-body ids-typeset-body--preset-large link paragraph ids-paragraph ids-paragraph--default\">Istotny w rozpoznaniu sprawy by\u0142 zgromadzony materia\u0142 dowodowy, np. nagranie z monitoringu w jednym z market\u00f3w budowlanych w P\u0142ocku, gdzie oskar\u017ceni dokonali zakup\u00f3w, w tym m\u0142otka, sznurka oraz r\u0119kawiczek i testowali te artyku\u0142y.<\/p>\n<p class=\"typography ids-typeset-body ids-typeset-body--preset-large link paragraph ids-paragraph ids-paragraph--default\">Wed\u0142ug S\u0105du Okr\u0119gowego nagranie to \u015bwiadczy\u0142o o tym, i\u017c oskar\u017ceni podj\u0119li decyzj\u0119, \u017ce zabij\u0105 Rafa\u0142a C. du\u017co wcze\u015bniej &#8211; przed spotkaniem z nim i uprowadzeniem, a nie dopiero w lesie, gdzie wywie\u017ali ofiar\u0119.<\/p>\n<p class=\"typography ids-typeset-body ids-typeset-body--preset-large link paragraph ids-paragraph ids-paragraph--default\">S\u0105d Okr\u0119gowy wskazywa\u0142 te\u017c, \u017ce\u00a0nie ma w\u0105tpliwo\u015bci co do poczytalno\u015bci oskar\u017conych w chwili pope\u0142nienia przez nich czyn\u00f3w. Podkre\u015bla\u0142 r\u00f3wnie\u017c, i\u017c nie znalaz\u0142 w post\u0119powaniu oskar\u017conych \u017cadnych zachowa\u0144, kt\u00f3re mog\u0142yby wp\u0142yn\u0105\u0107 na \u0142agodniejszy wymiar kary.<\/p>\n<p>S\u0105d Apelacyjny z\u0142agodzi\u0142 wymiar kary jednego ze sprawc\u00f3w<\/p>\n<p class=\"typography ids-typeset-body ids-typeset-body--preset-large link paragraph ids-paragraph ids-paragraph--default\">W pa\u017adzierniku 2023 r. w sprawie orzek\u0142 w II instancji S\u0105d Apelacyjny w <a href=\"https:\/\/wydarzenia.interia.pl\/tematy-lodz,gsbi,4119\" rel=\"nofollow noopener\" target=\"_blank\">\u0141odzi<\/a>. Zasadniczo utrzyma\u0142 on ustalenia I instancji, natomiast z do\u017cywocia do 25 lat wi\u0119zienia z\u0142agodzi\u0142 wymiar kary wobec \u0141ukasza R.<\/p>\n<p class=\"typography ids-typeset-body ids-typeset-body--preset-large link paragraph ids-paragraph ids-paragraph--default\">Jak informowano, wynika\u0142o to z faktu, \u017ce ten sprawca\u00a0wsp\u00f3\u0142pracowa\u0142 ze \u015bledczymi po zatrzymaniu, wskaza\u0142 te\u017c miejsce, gdzie zosta\u0142o zakopane cia\u0142o ofiary.<\/p>\n<p class=\"typography ids-typeset-body ids-typeset-body--preset-large link paragraph ids-paragraph ids-paragraph--default\">Jednym z zarzut\u00f3w kasacji by\u0142a kwestia obsady s\u0105d\u00f3w orzekaj\u0105cych w tej sprawie i udzia\u0142u w sk\u0142adach s\u0119dzi\u00f3w awansowanych po 2017 r. &#8211; Nie ulega w\u0105tpliwo\u015bci, \u017ce z r\u00f3\u017cnych powod\u00f3w wymiar sprawiedliwo\u015bci znajduje si\u0119 w sytuacji trudnej, \u017ceby nie powiedzie\u0107 krytycznej &#8211; powiedzia\u0142 s\u0119dzia P\u0142\u00f3ciennik.<\/p>\n<p>S\u0119dziowie rozpoznaj\u0105cy spraw\u0119 nie byli kwestionowani<\/p>\n<p class=\"typography ids-typeset-body ids-typeset-body--preset-large link paragraph ids-paragraph ids-paragraph--default\">Waldemar P\u0142\u00f3ciennik podkre\u015bli\u0142 jednak, \u017ce na wcze\u015bniejszych etapach post\u0119powania s\u0119dziowie rozpoznaj\u0105cy spraw\u0119\u00a0nie byli kwestionowani, nie wnoszono o ich wy\u0142\u0105czenie, nie formu\u0142owano zarzut\u00f3w co do ich bezstronno\u015bci. &#8211; Ta kwestia pojawi\u0142a si\u0119 dopiero w kasacji i w istocie rzeczy ma charakter instrumentalny &#8211; oceni\u0142 s\u0119dzia P\u0142\u00f3ciennik.<\/p>\n<p class=\"typography ids-typeset-body ids-typeset-body--preset-large link paragraph ids-paragraph ids-paragraph--default\">&#8211; Oni tam byli wsp\u00f3lnie, wsp\u00f3lnie tam pojechali, podejmowali wsp\u00f3lnie poszczeg\u00f3lne dzia\u0142ania i nie ma wi\u0119kszego znaczenia, kto konkretne dzia\u0142ania podejmowa\u0142 &#8211; doda\u0142 s\u0119dzia SN, m\u00f3wi\u0105c o sprawcach.<\/p>\n<p>Jak dywersant zdo\u0142a\u0142 wjecha\u0107 do Polski? &#8222;Stra\u017c Graniczna nie dysponowa\u0142a zdj\u0119ciem&#8221;Polsat NewsPolsat News<\/p>\n<p><a class=\"ids-undecorated-link source ids-page-info--source__link\" href=\"https:\/\/p.iplsc.com\/-\/000L0SCEGA4O3ESS.pdf\" rel=\"nofollow noopener\" target=\"_blank\"><img decoding=\"async\" class=\"ids-image-holder__img\" loading=\"lazy\" alt=\"\" title=\"\" height=\"24px\" src=\"https:\/\/www.europesays.com\/pl\/wp-content\/uploads\/2025\/11\/1763506629_520_0009A6098CYXTC6T-C202-F4.webp.webp\"\/><\/a><\/p>\n<p>Masz sugestie, uwagi albo widzisz b\u0142\u0105d? Napisz do nas<\/p>\n","protected":false},"excerpt":{"rendered":"S\u0105d Najwy\u017cszy oddali\u0142 kasacje obro\u0144c\u00f3w trzech m\u0119\u017cczyzn skazanych za brutalne zab\u00f3jstwo dostawcy pizzy z P\u0142ocka. Dw\u00f3ch sprawc\u00f3w otrzyma\u0142o&hellip;\n","protected":false},"author":2,"featured_media":109401,"comment_status":"","ping_status":"","sticky":false,"template":"","format":"standard","meta":{"footnotes":""},"categories":[12],"tags":[32,33,36,37,27,34,35,28,31,25,42,38,40,39,41,29,30,26],"class_list":{"0":"post-109400","1":"post","2":"type-post","3":"status-publish","4":"format-standard","5":"has-post-thumbnail","7":"category-polska","8":"tag-breaking-news","9":"tag-breakingnews","10":"tag-featured-news","11":"tag-featurednews","12":"tag-headlines","13":"tag-latest-news","14":"tag-latestnews","15":"tag-naglowki","16":"tag-najwazniejsze-artykuly","17":"tag-news","18":"tag-pl","19":"tag-poland","20":"tag-polish","21":"tag-polska","22":"tag-polski","23":"tag-top-stories","24":"tag-topstories","25":"tag-wiadomosci"},"share_on_mastodon":{"url":"https:\/\/pubeurope.com\/@pl\/115578537528457420","error":""},"_links":{"self":[{"href":"https:\/\/www.europesays.com\/pl\/wp-json\/wp\/v2\/posts\/109400","targetHints":{"allow":["GET"]}}],"collection":[{"href":"https:\/\/www.europesays.com\/pl\/wp-json\/wp\/v2\/posts"}],"about":[{"href":"https:\/\/www.europesays.com\/pl\/wp-json\/wp\/v2\/types\/post"}],"author":[{"embeddable":true,"href":"https:\/\/www.europesays.com\/pl\/wp-json\/wp\/v2\/users\/2"}],"replies":[{"embeddable":true,"href":"https:\/\/www.europesays.com\/pl\/wp-json\/wp\/v2\/comments?post=109400"}],"version-history":[{"count":0,"href":"https:\/\/www.europesays.com\/pl\/wp-json\/wp\/v2\/posts\/109400\/revisions"}],"wp:featuredmedia":[{"embeddable":true,"href":"https:\/\/www.europesays.com\/pl\/wp-json\/wp\/v2\/media\/109401"}],"wp:attachment":[{"href":"https:\/\/www.europesays.com\/pl\/wp-json\/wp\/v2\/media?parent=109400"}],"wp:term":[{"taxonomy":"category","embeddable":true,"href":"https:\/\/www.europesays.com\/pl\/wp-json\/wp\/v2\/categories?post=109400"},{"taxonomy":"post_tag","embeddable":true,"href":"https:\/\/www.europesays.com\/pl\/wp-json\/wp\/v2\/tags?post=109400"}],"curies":[{"name":"wp","href":"https:\/\/api.w.org\/{rel}","templated":true}]}}