{"id":109468,"date":"2025-11-19T22:32:14","date_gmt":"2025-11-19T22:32:14","guid":{"rendered":"https:\/\/www.europesays.com\/pl\/109468\/"},"modified":"2025-11-19T22:32:14","modified_gmt":"2025-11-19T22:32:14","slug":"zaskakujacy-lot-anny-lewandowskiej-pomogla-kobiecie-z-dzieckiem-2","status":"publish","type":"post","link":"https:\/\/www.europesays.com\/pl\/109468\/","title":{"rendered":"Zaskakuj\u0105cy lot Anny Lewandowskiej. Pomog\u0142a kobiecie z dzieckiem"},"content":{"rendered":"<p class=\"ods-c-paragraph \">Anna Lewandowska na co dzie\u0144 mieszka w Barcelonie, jednak jej zawodowe obowi\u0105zki sprawiaj\u0105, \u017ce niemal bez przerwy jest w podr\u00f3\u017cy. Regularnie lata nie tylko do Warszawy, gdzie prowadzi w\u0142asn\u0105 firm\u0119, lecz tak\u017ce do wielu innych miejsc, w kt\u00f3rych organizuje eventy oraz obozy sportowe. Ostatnie dni up\u0142yn\u0119\u0142y jej w Stanach Zjednoczonych.<\/p>\n<p>Dalszy ci\u0105g artyku\u0142u pod materia\u0142em wideo<\/p>\n<p> Co si\u0119 wydarzy\u0142o podczas lotu Anny Lewandowskiej? <\/p>\n<p> Jak Anna Lewandowska pomog\u0142a dziecku w samolocie? <\/p>\n<p> Gdzie Anna Lewandowska podr\u00f3\u017cowa\u0142a przed powrotem do Barcelony? <\/p>\n<p> Jakie wydarzenie organizowa\u0142a Anna Lewandowska w USA? <\/p>\n<p>  Anna Lewandowska o przygodzie w samolocie<\/p>\n<p class=\"ods-c-paragraph \">Najpierw trenerka wybra\u0142a si\u0119 z <a href=\"https:\/\/plejada.pl\/robert-lewandowski\" id=\"472c9a02-7cdd-4f53-9e51-9f3ad2285fcb\" rel=\"nofollow noopener\" target=\"_blank\">Robertem Lewandowskim<\/a> do Nowego Jorku, <a href=\"https:\/\/www.onet.pl\/styl-zycia\/plejada\/robert-lewandowski-rozswietlil-nowy-jork-wszystko-z-okazji-swieta-niepodleglosci\/l0hwzc7,0898b825\" id=\"0232645e-7178-4cb3-a1c3-0bc2e4be8d3e\" rel=\"nofollow noopener\" target=\"_blank\">gdzie pi\u0142karz uhonorowa\u0142 polskie \u015awi\u0119to Niepodleg\u0142o\u015bci, pod\u015bwietlaj\u0105c Empire State Building na bia\u0142o-czerwono.<\/a> Nast\u0119pnie \u017cona sportowca uda\u0142a si\u0119 do Chicago i New Jersey, gdzie zorganizowa\u0142a Healthy Day, czyli wydarzenie sportowo-motywacyjne.<\/p>\n<p class=\"ods-c-paragraph \">Po kilku dniach w podr\u00f3\u017cy mog\u0142a w ko\u0144cu wr\u00f3ci\u0107 do domu, co jak zdradzi\u0142a na InstaStories, bardzo j\u0105 cieszy, bo w ko\u0144cu mog\u0142a zobaczy\u0107 si\u0119 z c\u00f3rkami, za kt\u00f3rymi t\u0119skni\u0142a. Zanim jednak dolecia\u0142a do domu, podzieli\u0142a si\u0119 histori\u0105, jaka spotka\u0142a j\u0105 w samolocie.<\/p>\n<p><img decoding=\"async\" src=\"https:\/\/www.europesays.com\/pl\/wp-content\/uploads\/2025\/11\/ccPk9lBaHR0cHM6Ly9vY2RuLmV1L3B1bHNjbXMvTURBXy8zYmU4NjZlNDZiMDQ0ZjA1NTJkNWMzMzEzNGY5MjFiNi5wbmeRlQLNA.jpeg\" height=\"529\" width=\"940\" alt=\"Anna Lewandowska o przygodzie w samolocie\" loading=\"lazy\" class=\"ods-c-image__img ods-c-image__img--vertical\"\/><\/p>\n<p>Anna Lewandowska o przygodzie w samolocieinstagram.com\/annalewandowska \/ Matria\u0142y &#8222;Na prawach cytatu&#8221;<\/p>\n<p class=\"ods-c-paragraph \">Jak si\u0119 okazuje, uwag\u0119 Anny Lewandowskiej zwr\u00f3ci\u0142a siedz\u0105ca obok niej matka, kt\u00f3rej dziecko \u017ale si\u0119 czu\u0142o. Trenerka zaoferowa\u0142a pomoc i wzi\u0119\u0142a dziecko na r\u0119ce, by uko\u0142ysa\u0107 je do snu, co okaza\u0142o si\u0119 skuteczne.<\/p>\n<blockquote class=\"ods-o-quota\">\n<p class=\"ods-o-quota__paragraph\">Okaza\u0142o si\u0119, \u017ce siedz\u0119 obok mamy z uroczym dzieckiem, kt\u00f3re \u017ale si\u0119 czuje i wymiotuje. Zapyta\u0142am, czy potrzebuje pomocy, a dziecko zasn\u0119\u0142o mi na r\u0119kach. W\u0142a\u015bnie przypomnia\u0142am sobie, jak trudno jest podr\u00f3\u017cowa\u0107 z takimi maluchami<\/p>\n<\/blockquote>\n<p class=\"ods-c-paragraph \">\u2014 przyzna\u0142a. <\/p>\n<p class=\"ods-c-paragraph \"><a href=\"https:\/\/plejada.pl\/anna-lewandowska\" id=\"0abdd1b8-7019-4a02-8264-0689ef782bf9\" rel=\"nofollow noopener\" target=\"_blank\">Anna Lewandowska<\/a> odwiedzi\u0142a USA tak\u017ce w pa\u017adzierniku. W\u00f3wczas wybra\u0142a si\u0119 na pokaz marki bieli\u017anianej Victoria\u2019s Secret, a jej pojawienie si\u0119 na wydarzeniu wywo\u0142a\u0142a wiele emocji w mediach. Jej obecno\u015b\u0107 nie by\u0142a niezauwa\u017cona tak\u017ce na lotnisku. <a href=\"https:\/\/plejada.pl\/newsy\/anna-lewandowska-dala-popis-na-lotnisku-pracownik-patrzyl-zaskoczony\/2c3bvg0\" id=\"2640be6e-8b1a-40a0-80f9-a3d5c26da929\" rel=\"nofollow noopener\" target=\"_blank\">Trenerka, pokazuj\u0105c swoj\u0105 ekscytacj\u0119 po pokazie, natychmiast przyci\u0105gn\u0119\u0142a wzrok jednego z pracownik\u00f3w.<\/a><\/p>\n<p>   <img decoding=\"async\" src=\"https:\/\/www.europesays.com\/pl\/wp-content\/uploads\/2025\/11\/YWok9lBaHR0cHM6Ly9vY2RuLmV1L3B1bHNjbXMvTURBXy9hOTU3NDllYzU2MWRjZTdlYWVkNTY1ZjU0MGFkZjU5Zi5qcGeRlQLNA.jpeg\" height=\"529\" width=\"940\" alt=\"Anna i Robert Lewandowscy (2023)\" loading=\"lazy\" class=\"ods-c-image__img ods-c-image__img--vertical\"\/><\/p>\n<p>Anna i Robert Lewandowscy (2023)Andras Szilagyi \/ MW Media<\/p>\n<p class=\"ods-c-paragraph \">Dzi\u0119kujemy, \u017ce przeczyta\u0142a\u015b\/e\u015b nasz artyku\u0142 do ko\u0144ca. W serwisie Plejada.pl ka\u017cdego dnia piszemy o najwa\u017cniejszych wydarzeniach show-biznesowych. B\u0105d\u017a na bie\u017c\u0105co! <a rel=\"nofollow noopener\" href=\"https:\/\/news.google.com\/publications\/CAAiEF0PeAlb7W1llpV_mwV2rL4qFAgKIhBdD3gJW-1tZZaVf5sFdqy-?hl=pl&amp;gl=PL&amp;ceid=PL%3Apl\" id=\"63cb16a6-d735-4d8c-9aca-7caeedca0e52\" target=\"_blank\">Obserwuj<\/a> Plejad\u0119 w Wiadomo\u015bciach Google. Odwied\u017a nas tak\u017ce na <a rel=\"nofollow noopener\" href=\"https:\/\/www.facebook.com\/plejadapl\" id=\"03a85254-eaa0-4c20-b75d-c4ec16a946d9\" target=\"_blank\">Facebooku<\/a>, <a rel=\"nofollow noopener\" href=\"https:\/\/www.instagram.com\/plejadapl\/\" id=\"08074db6-d7c2-49a1-ac3e-8c818033a7c2\" target=\"_blank\">Instagramie<\/a>, <a rel=\"nofollow noopener\" href=\"https:\/\/www.youtube.com\/c\/plejada\" id=\"a0819ac9-4a6e-4c9b-936b-779ad974e906\" target=\"_blank\">YouTubie<\/a> oraz <a rel=\"nofollow noopener\" href=\"https:\/\/www.tiktok.com\/@plejada_pl\" id=\"090c14c2-3227-4800-92bf-e9aa4390cc80\" target=\"_blank\">TikToku<\/a>.<\/p>\n<p class=\"ods-c-paragraph \">Chcesz podzieli\u0107 si\u0119 ciekawym newsem lub zaproponowa\u0107 temat? Skontaktuj si\u0119 z nami, pisz\u0105c e-maila na adres: <a rel=\"nofollow noopener\" href=\"https:\/\/plejada.pl\/newsy\/zaskakujacy-lot-anny-lewandowskiej-pomogla-kobiecie-z-dzieckiem\/mailto:plejada@redakcjaonet.pl\" id=\"661b99e1-db82-4913-9b37-971ccf6146bd\" target=\"_blank\">plejada@redakcjaonet.pl<\/a>.<\/p>\n<p><script async src=\"\/\/www.instagram.com\/embed.js\"><\/script><script async src=\"\/\/www.tiktok.com\/embed.js\"><\/script><\/p>\n","protected":false},"excerpt":{"rendered":"Anna Lewandowska na co dzie\u0144 mieszka w Barcelonie, jednak jej zawodowe obowi\u0105zki sprawiaj\u0105, \u017ce niemal bez przerwy jest&hellip;\n","protected":false},"author":2,"featured_media":109469,"comment_status":"","ping_status":"","sticky":false,"template":"","format":"standard","meta":{"footnotes":""},"categories":[22],"tags":[2576,122,48,125,46,42,38,40,39,41,123,47],"class_list":{"0":"post-109468","1":"post","2":"type-post","3":"status-publish","4":"format-standard","5":"has-post-thumbnail","7":"category-rozrywka","8":"tag-anna_lewandowska","9":"tag-entertainment","10":"tag-nat_styl","11":"tag-newsy","12":"tag-omp","13":"tag-pl","14":"tag-poland","15":"tag-polish","16":"tag-polska","17":"tag-polski","18":"tag-rozrywka","19":"tag-screening_general"},"share_on_mastodon":{"url":"https:\/\/pubeurope.com\/@pl\/115578742484638429","error":""},"_links":{"self":[{"href":"https:\/\/www.europesays.com\/pl\/wp-json\/wp\/v2\/posts\/109468","targetHints":{"allow":["GET"]}}],"collection":[{"href":"https:\/\/www.europesays.com\/pl\/wp-json\/wp\/v2\/posts"}],"about":[{"href":"https:\/\/www.europesays.com\/pl\/wp-json\/wp\/v2\/types\/post"}],"author":[{"embeddable":true,"href":"https:\/\/www.europesays.com\/pl\/wp-json\/wp\/v2\/users\/2"}],"replies":[{"embeddable":true,"href":"https:\/\/www.europesays.com\/pl\/wp-json\/wp\/v2\/comments?post=109468"}],"version-history":[{"count":0,"href":"https:\/\/www.europesays.com\/pl\/wp-json\/wp\/v2\/posts\/109468\/revisions"}],"wp:featuredmedia":[{"embeddable":true,"href":"https:\/\/www.europesays.com\/pl\/wp-json\/wp\/v2\/media\/109469"}],"wp:attachment":[{"href":"https:\/\/www.europesays.com\/pl\/wp-json\/wp\/v2\/media?parent=109468"}],"wp:term":[{"taxonomy":"category","embeddable":true,"href":"https:\/\/www.europesays.com\/pl\/wp-json\/wp\/v2\/categories?post=109468"},{"taxonomy":"post_tag","embeddable":true,"href":"https:\/\/www.europesays.com\/pl\/wp-json\/wp\/v2\/tags?post=109468"}],"curies":[{"name":"wp","href":"https:\/\/api.w.org\/{rel}","templated":true}]}}