{"id":109492,"date":"2025-11-19T22:52:18","date_gmt":"2025-11-19T22:52:18","guid":{"rendered":"https:\/\/www.europesays.com\/pl\/109492\/"},"modified":"2025-11-19T22:52:18","modified_gmt":"2025-11-19T22:52:18","slug":"likwidacja-ksiazeczek-mieszkaniowych-rzad-policzyl-ile-to-bedzie-kosztowac","status":"publish","type":"post","link":"https:\/\/www.europesays.com\/pl\/109492\/","title":{"rendered":"Likwidacja ksi\u0105\u017ceczek mieszkaniowych. Rz\u0105d policzy\u0142, ile to b\u0119dzie kosztowa\u0107"},"content":{"rendered":"<p data-section=\"detail-body\">&#8222;W dniu 20 lutego 1981 r. wp\u0142aci\u0142em pe\u0142ny wymagany wk\u0142ad na M3 w wysoko\u015bci 34 200 z\u0142 (trzydzie\u015bci cztery tysi\u0105ce dwie\u015bcie z\u0142otych). By\u0142 to pe\u0142ny wk\u0142ad (tzw. zawinkulowany), kt\u00f3ry uprawnia\u0142 do bycia pe\u0142noprawnym cz\u0142onkiem, aby otrzyma\u0107 mieszkanie&#8221; \u2014 tak brzmi petycja, kt\u00f3r\u0105 skierowa\u0142 do Sejmu chc\u0105cy zachowa\u0107 anonimowo\u015b\u0107 obywatel. &#8222;Aktualnie, w moim przypadku, Bank PKO wyliczy\u0142 mi premi\u0119 gwarancyjn\u0105 w wysoko\u015bci 15000 z\u0142 oczywi\u015bcie po spe\u0142nieniu odpowiednich wymog\u00f3w, kt\u00f3rych nie jestem w stanie spe\u0142ni\u0107&#8221; \u2014 pisze autor petycji. Jak wskazuje, w podobnej sytuacji jest ok. miliona os\u00f3b, kt\u00f3re przed laty zaufa\u0142y pa\u0144stwu i wp\u0142aca\u0142y pieni\u0105dze z nadziej\u0105 na to, \u017ce w przysz\u0142o\u015bci b\u0119d\u0105 mog\u0142y liczy\u0107 na mieszkanie. Zwr\u00f3ci\u0142 si\u0119 z wnioskiem o rozpatrzenie sprawy ksi\u0105\u017ceczek mieszkaniowych i zmian\u0119 prawa oraz zado\u015b\u0107uczynienie tj. wyp\u0142acenie adekwatnej kwoty pieni\u0119dzy do zdeponowanych na ksi\u0105\u017ceczkach PKO, bez stawiania jakichkolwiek wymog\u00f3w. G\u0142os w tej sprawie zabiera resort rozwoju, kt\u00f3ry nie m\u00f3wi &#8222;nie&#8221; rozwi\u0105zaniu problemu w\u0142a\u015bcicieli ksi\u0105\u017ceczek. Wskazuje uwag\u0119 tylko na jeden problem.<\/p>\n<p>        Pa\u0144stwo wydaje miliony na premie za ksi\u0105\u017ceczki<\/p>\n<p class=\"article-p\" data-section=\"detail-body\">Ksi\u0105\u017ceczki mieszkaniowe wprowadzono w latach 50 XX. w. Mia\u0142y zach\u0119ci\u0107 Polak\u00f3w do oszcz\u0119dzania pieni\u0119dzy na mieszkania. By\u0142y wystawiane do 23 pa\u017adziernika 1990 r. Przez ostatnie 30 lat Polacy likwiduj\u0105 ksi\u0105\u017ceczki, jednak pieni\u0105dze nie s\u0105 waloryzowane. Do oszcz\u0119dno\u015bci pa\u0144stwo dorzuca premi\u0119 gwarancyjn\u0105 \u2014 co roku to ok. 140 mln z\u0142.<\/p>\n<p class=\"article-p\" data-section=\"detail-body\">\u2014 Z za\u0142o\u017cenia mia\u0142a ona rekompensowa\u0107 skutki inflacji, kt\u00f3ra w latach 80-tych i cz\u0119\u015bciowo te\u017c 90-tych spowodowa\u0142a, \u017ce si\u0142a nabywcza oszcz\u0119dno\u015bci wyparowa\u0142a. Problem w tym, \u017ce nawet wspomniana premia gwarancyjna, to kwota skromna na tle cen dom\u00f3w i mieszka\u0144. Przeci\u0119tnie wystarczy ona bowiem na oko\u0142o 1-2 m kw. lokalu. To niewiele, bo przecie\u017c za PRL-u wiele os\u00f3b mia\u0142o nadziej\u0119, \u017ce ksi\u0105\u017ceczk\u0119 mieszkaniow\u0105 zamieni\u0105 na prawo do ca\u0142ego mieszkania sp\u00f3\u0142dzielczego \u2014 m\u00f3wi &#8222;Faktowi&#8221; Bartosz Turek ekspert rynku nieruchomo\u015bci.<\/p>\n<p class=\"article-p\" data-section=\"detail-body\">Premia nie jest wysoka, w dodatku wiele os\u00f3b nie mo\u017ce po ni\u0105 si\u0119gn\u0105\u0107. Bo to nie jest tak, \u017ce mo\u017cna przyj\u015b\u0107 do banku i dosta\u0107 premi\u0119 z powrotem. Trzeba udowodni\u0107, \u017ce <a href=\"https:\/\/businessinsider.com.pl\/gielda\/wiadomosci\/tak-10-tys-zl-zamienia-sie-w-927-tys-zl-w-niespelna-rok-mozesz-sprobowac-powtorzyc\/tsbb390\" id=\"78a78a32-36ae-46ab-b116-8dd3227e2d7c\" rel=\"nofollow noopener\" target=\"_blank\">pieni\u0105dze<\/a> b\u0119d\u0105 przeznaczone na cele mieszkaniowe. Ministerstwo nie ma w planach waloryzacji wk\u0142ad\u00f3w mieszkaniowych. Przy okazji dyskusji nad petycj\u0105 ujawniono, jakie pieni\u0105dze pa\u0144stwo winne jest obywatelom.<\/p>\n<p class=\"article-p\" data-section=\"detail-body\"><a href=\"https:\/\/www.fakt.pl\/pieniadze\/tyle-placa-za-likwidacje-ksiazeczki-mieszkaniowej-wystarczy-na-dwa-metry\/gb9f7fd\" id=\"fe7d8f0f-ef0a-4dd1-8567-885f0c6e91d8\" rel=\"nofollow noopener\" target=\"_blank\">Masz w domu tak\u0105 ksi\u0105\u017ceczk\u0119? Mo\u017cesz liczy\u0107 na spor\u0105 got\u00f3wk\u0119<\/a><\/p>\n<p>        Wiceminister ujawnia koszt likwidacji ksi\u0105\u017ceczek mieszkaniowych<\/p>\n<p class=\"article-p\" data-section=\"detail-body\">W 2021 r. kiedy wprowadzano przepisy wspieraj\u0105ce rozw\u00f3j mieszkalnictwa, zatwierdzono obowi\u0105zek rejestracji ksi\u0105\u017ceczek mieszkaniowych. Zrobiono to m.in. po to, by oszacowa\u0107 warto\u015b\u0107 tych zobowi\u0105za\u0144. Z danych ministerstwa rozwoju wynika, \u017ce do ko\u0144ca 2022 r. zosta\u0142o zarejestrowanych 20 270 ksi\u0105\u017ceczek. \u2014 To nieco ponad 2 proc. wszystkich ksi\u0105\u017ceczek, o kt\u00f3rych wiemy, a kt\u00f3rych na koniec 2022 r. by\u0142o 982 221 \u2014 m\u00f3wi\u0142 w Sejmie 6 listopada Tomasz Lewandowski wiceminister gospodarki i finans\u00f3w. Jak podkre\u015bli\u0142, na tej podstawie wyliczono, \u017ce ca\u0142kowite zobowi\u0105zania pa\u0144stwa z tego tytu\u0142u opiewaj\u0105 na 16 mld z\u0142. \u2014 Gdyby wi\u0119c pojawi\u0142 si\u0119 jaki\u015b pomys\u0142 jednorazowej wyp\u0142aty tych kwot, to na dobr\u0105 spraw\u0119 z tak\u0105 kwot\u0105 trzeba by\u0142oby si\u0119 liczy\u0107 \u2014 przyzna\u0142 wiceminister Lewandowski. Okazuje si\u0119 jednak, \u017ce w resorcie nie m\u00f3wi\u0105 &#8222;nie&#8221; za\u0142atwieniu sprawy ksi\u0105\u017ceczek.<\/p>\n<p class=\"article-p\" data-section=\"detail-body\"><a href=\"https:\/\/www.fakt.pl\/pieniadze\/nabici-w-ksiazeczki-milion-polakow-nie-moze-odzyskac-oszczednosci-zycia\/rh1yv9j\" id=\"398281e8-2b4d-42ed-8382-6de05ef608e6\" rel=\"nofollow noopener\" target=\"_blank\">Nabici w ksi\u0105\u017ceczki. Milion Polak\u00f3w nie mo\u017ce odzyska\u0107 oszcz\u0119dno\u015bci \u017cycia<\/a><\/p>\n<p>        Resort rozwoju m\u00f3wi o analizach w sprawie ksi\u0105\u017ceczek mieszkaniowych<\/p>\n<p class=\"article-p\" data-section=\"detail-body\">Nie ma jednak mowy o tym, by wyp\u0142aci\u0107 jednorazowo tak\u0105 kwot\u0119 za wszystkie obecnie istniej\u0105ce ksi\u0105\u017ceczki mieszkaniowe. \u2014 W resorcie rozwoju i technologii jednak przygl\u0105dano si\u0119, jak problem niezrealizowanych ksi\u0105\u017ceczek rozwi\u0105za\u0107. Chodzi\u0142o o rozszerzenie listy wydatk\u00f3w, na kt\u00f3re mo\u017cna by przeznacza\u0107 pieni\u0105dze zgromadzone na ksi\u0105\u017ceczkach wraz z premi\u0105 gwarancyjn\u0105. Obecnie mo\u017cna je spieni\u0119\u017cy\u0107, o ile premia zostanie przeznaczona na jeden z 14 wydatk\u00f3w. \u2014 Mamy \u015bwiadomo\u015b\u0107, \u017ce s\u0105 oczekiwania, by katalog rozszerza\u0107 \u2014 m\u00f3wi Monika Tarkowska-Martyniak z departamentu mieszkalnictwa resortu rozwoju. \u2014 Robimy wewn\u0119trzne analizy, jeste\u015bmy jednak w wyj\u0105tkowej sytuacji, zostali\u015bmy obj\u0119ci procedur\u0105 nadmiernego deficytu i musimy trzyma\u0107 si\u0119 wydatk\u00f3w bud\u017cetowych. Kiedy b\u0119dzie taka mo\u017cliwo\u015b\u0107, podejmiemy prace \u2014 zapewnia Monika Tarkowska-Martyniak.<\/p>\n","protected":false},"excerpt":{"rendered":"&#8222;W dniu 20 lutego 1981 r. wp\u0142aci\u0142em pe\u0142ny wymagany wk\u0142ad na M3 w wysoko\u015bci 34 200 z\u0142 (trzydzie\u015bci&hellip;\n","protected":false},"author":2,"featured_media":109493,"comment_status":"","ping_status":"","sticky":false,"template":"","format":"standard","meta":{"footnotes":""},"categories":[5],"tags":[32,33,36,37,27,34,35,28,31,25,42,38,40,39,41,29,30,26],"class_list":{"0":"post-109492","1":"post","2":"type-post","3":"status-publish","4":"format-standard","5":"has-post-thumbnail","7":"category-naglowki","8":"tag-breaking-news","9":"tag-breakingnews","10":"tag-featured-news","11":"tag-featurednews","12":"tag-headlines","13":"tag-latest-news","14":"tag-latestnews","15":"tag-naglowki","16":"tag-najwazniejsze-artykuly","17":"tag-news","18":"tag-pl","19":"tag-poland","20":"tag-polish","21":"tag-polska","22":"tag-polski","23":"tag-top-stories","24":"tag-topstories","25":"tag-wiadomosci"},"share_on_mastodon":{"url":"https:\/\/pubeurope.com\/@pl\/115578820552637486","error":""},"_links":{"self":[{"href":"https:\/\/www.europesays.com\/pl\/wp-json\/wp\/v2\/posts\/109492","targetHints":{"allow":["GET"]}}],"collection":[{"href":"https:\/\/www.europesays.com\/pl\/wp-json\/wp\/v2\/posts"}],"about":[{"href":"https:\/\/www.europesays.com\/pl\/wp-json\/wp\/v2\/types\/post"}],"author":[{"embeddable":true,"href":"https:\/\/www.europesays.com\/pl\/wp-json\/wp\/v2\/users\/2"}],"replies":[{"embeddable":true,"href":"https:\/\/www.europesays.com\/pl\/wp-json\/wp\/v2\/comments?post=109492"}],"version-history":[{"count":0,"href":"https:\/\/www.europesays.com\/pl\/wp-json\/wp\/v2\/posts\/109492\/revisions"}],"wp:featuredmedia":[{"embeddable":true,"href":"https:\/\/www.europesays.com\/pl\/wp-json\/wp\/v2\/media\/109493"}],"wp:attachment":[{"href":"https:\/\/www.europesays.com\/pl\/wp-json\/wp\/v2\/media?parent=109492"}],"wp:term":[{"taxonomy":"category","embeddable":true,"href":"https:\/\/www.europesays.com\/pl\/wp-json\/wp\/v2\/categories?post=109492"},{"taxonomy":"post_tag","embeddable":true,"href":"https:\/\/www.europesays.com\/pl\/wp-json\/wp\/v2\/tags?post=109492"}],"curies":[{"name":"wp","href":"https:\/\/api.w.org\/{rel}","templated":true}]}}