{"id":109521,"date":"2025-11-19T23:15:11","date_gmt":"2025-11-19T23:15:11","guid":{"rendered":"https:\/\/www.europesays.com\/pl\/109521\/"},"modified":"2025-11-19T23:15:11","modified_gmt":"2025-11-19T23:15:11","slug":"posiedzenie-w-sprawie-ziobry-dopiero-w-grudniu-korneluk-nie-dziwi-mnie-to-2","status":"publish","type":"post","link":"https:\/\/www.europesays.com\/pl\/109521\/","title":{"rendered":"Posiedzenie w sprawie Ziobry dopiero w grudniu. Korneluk: nie dziwi mnie to"},"content":{"rendered":"<p class=\"ods-c-paragraph \">W \u015brod\u0119 w programie TVN 24 Korneluka zapytano, czy by\u0142 &#8222;zaskoczony tak odleg\u0142\u0105 dat\u0105 posiedzenia aresztowego w sprawie Zbigniewa Ziobry zwo\u0142anego przez s\u0105d na 22 grudnia&#8221;. \u2014 Zdawa\u0142em sobie spraw\u0119, \u017ce na pewno nie nast\u0105pi to szybko. Mamy do czynienia z 26 bardzo powa\u017cnymi zarzutami \u2014 odpowiedzia\u0142.<\/p>\n<p class=\"ods-c-paragraph \">Jak argumentowa\u0142, s\u0105d prawdopodobnie potrzebuje &#8222;tak du\u017co czasu&#8221;, by w pe\u0142ni zapozna\u0107 si\u0119 z materia\u0142em dowodowym i wnioskiem, przez co \u2014 jak doda\u0142 \u2014 nie by\u0142 zdziwiony decyzj\u0105 s\u0105du o ustanowieniu takiej daty. \u2014 Materia\u0142 dowodowy to jest 5,8 tys. tom\u00f3w akt spraw. Jeden tom to 200 kart. Prosz\u0119 sobie przeliczy\u0107 \u2014 tak\u0105 analiz\u0119 s\u0105d musi dokona\u0107 przed podj\u0119ciem decyzji o zastosowaniu \u015brodka zapobiegawczego w postaci tymczasowego aresztowania \u2014 podkre\u015bli\u0142.<\/p>\n<p>Dalszy ci\u0105g artyku\u0142u pod materia\u0142em wideo<\/p>\n<p> Kiedy odb\u0119dzie si\u0119 posiedzenie aresztowe w sprawie Zbigniewa Ziobry? <\/p>\n<p> Ile zarzut\u00f3w postawiono Zbigniewowi Ziobrze? <\/p>\n<p> Co jest powodem uniewa\u017cnienia paszportu dyplomatycznego Ziobry? <\/p>\n<p> Jakie przest\u0119pstwa mia\u0142y by\u0107 zwi\u0105zane z Funduszem Sprawiedliwo\u015bci? <\/p>\n<p>  Kulisy sprawy<\/p>\n<p class=\"ods-c-paragraph \">W zesz\u0142ym tygodniu do S\u0105du Rejonowego dla Warszawy-Mokot\u00f3w skierowano wniosek prokuratury o aresztowanie na trzy miesi\u0105ce Zbigniewa Ziobry. Chodzi o sformu\u0142owane przez Prokuratur\u0119 Krajow\u0105 26 zarzut\u00f3w dotycz\u0105cych nadu\u017cycia w zwi\u0105zku z badaniem sprawy Funduszu Sprawiedliwo\u015bci. Tydzie\u0144 temu Ziobro przekazywa\u0142, \u017ce przebywa w Budapeszcie. Nie zadeklarowa\u0142 jednoznacznie, ani \u017ce wyst\u0105pi o azyl polityczny na W\u0119grzech, ani \u017ce wr\u00f3ci do Polski.<\/p>\n<p class=\"ods-c-paragraph \">Posiedzenie aresztowe s\u0105du w tej sprawie, na kt\u00f3rym podj\u0119ta zostanie decyzja o ewentualnej zgodzie na areszt, wed\u0142ug doniesie\u0144 medialnych, ma odby\u0107 si\u0119 22 grudnia.<\/p>\n<p class=\"ods-c-paragraph \">Jak wcze\u015bniej t\u0142umaczy\u0142 rzecznik PK prok. Przemys\u0142aw Nowak, po ewentualnej zgodzie s\u0105du na areszt prokurator m\u00f3g\u0142by wszcz\u0105\u0107 poszukiwanie Ziobry listem go\u0144czym. Z kolei do ewentualnego wydania Europejskiego Nakazu Aresztowania wobec Ziobry potrzebna jest kolejna zgoda s\u0105du. Jak zaznacza\u0142 rzecznik PK, teoretycznie wniosek prokuratora o ENA by\u0142by mo\u017cliwy nawet w dniu zgody na areszt.<\/p>\n<p class=\"ods-c-paragraph \">We wtorek wicepremier, szef MSZ Rados\u0142aw Sikorski poinformowa\u0142, \u017ce na wniosek prokuratury zosta\u0142 uniewa\u017cniony paszport dyplomatyczny Ziobry, kt\u00f3ry przebywa na W\u0119grzech.<\/p>\n<p class=\"ods-c-paragraph \">Sejm uchyli\u0142 immunitet Ziobrze i wyrazi\u0142 zgod\u0119 na jego zatrzymanie oraz ewentualne aresztowanie 7 listopada br. Tego samego dnia, kilka godzin p\u00f3\u017aniej, prokurator wyda\u0142 postanowienie o przedstawieniu Ziobrze 26 zarzut\u00f3w oraz o zatrzymaniu go i przymusowym doprowadzeniu przez ABW.<\/p>\n<p class=\"ods-c-paragraph \">Zarzuty, kt\u00f3re prokuratura chce przedstawi\u0107 Ziobrze, dotycz\u0105 m.in. za\u0142o\u017cenia i kierowania &#8222;zorganizowan\u0105 grup\u0105 przest\u0119pcz\u0105, jak r\u00f3wnie\u017c ustawiania i r\u0119cznego sterowania konkursami na dotacje z Funduszu Sprawiedliwo\u015bci i przyw\u0142aszczania pieni\u0119dzy uzyskiwanych w tej drodze&#8221;. Jak m\u00f3wi\u0142 rzecznik PK, \u0142\u0105cznie zarzuty wobec Ziobry, w tym dotycz\u0105ce wsp\u00f3\u0142dzia\u0142ania przy udzielaniu dotacji podmiotom nieuprawnionym, obejmuj\u0105 kwot\u0119 ponad 143 mln z\u0142.<\/p>\n","protected":false},"excerpt":{"rendered":"W \u015brod\u0119 w programie TVN 24 Korneluka zapytano, czy by\u0142 &#8222;zaskoczony tak odleg\u0142\u0105 dat\u0105 posiedzenia aresztowego w sprawie&hellip;\n","protected":false},"author":2,"featured_media":109522,"comment_status":"","ping_status":"","sticky":false,"template":"","format":"standard","meta":{"footnotes":""},"categories":[5],"tags":[32,33,10229,36,37,5168,27,49,34,35,28,31,48,25,46,42,38,40,39,41,412,1627,47,29,30,26,2037],"class_list":{"0":"post-109521","1":"post","2":"type-post","3":"status-publish","4":"format-standard","5":"has-post-thumbnail","7":"category-naglowki","8":"tag-breaking-news","9":"tag-breakingnews","10":"tag-dariusz_korneluk","11":"tag-featured-news","12":"tag-featurednews","13":"tag-fundusz_sprawiedliwosci","14":"tag-headlines","15":"tag-kraj","16":"tag-latest-news","17":"tag-latestnews","18":"tag-naglowki","19":"tag-najwazniejsze-artykuly","20":"tag-nat_styl","21":"tag-news","22":"tag-omp","23":"tag-pl","24":"tag-poland","25":"tag-polish","26":"tag-polska","27":"tag-polski","28":"tag-prawo_sady_prawnicy","29":"tag-prokuratura","30":"tag-screening_general","31":"tag-top-stories","32":"tag-topstories","33":"tag-wiadomosci","34":"tag-zbigniew_ziobro"},"share_on_mastodon":{"url":"https:\/\/pubeurope.com\/@pl\/115578911093729047","error":""},"_links":{"self":[{"href":"https:\/\/www.europesays.com\/pl\/wp-json\/wp\/v2\/posts\/109521","targetHints":{"allow":["GET"]}}],"collection":[{"href":"https:\/\/www.europesays.com\/pl\/wp-json\/wp\/v2\/posts"}],"about":[{"href":"https:\/\/www.europesays.com\/pl\/wp-json\/wp\/v2\/types\/post"}],"author":[{"embeddable":true,"href":"https:\/\/www.europesays.com\/pl\/wp-json\/wp\/v2\/users\/2"}],"replies":[{"embeddable":true,"href":"https:\/\/www.europesays.com\/pl\/wp-json\/wp\/v2\/comments?post=109521"}],"version-history":[{"count":0,"href":"https:\/\/www.europesays.com\/pl\/wp-json\/wp\/v2\/posts\/109521\/revisions"}],"wp:featuredmedia":[{"embeddable":true,"href":"https:\/\/www.europesays.com\/pl\/wp-json\/wp\/v2\/media\/109522"}],"wp:attachment":[{"href":"https:\/\/www.europesays.com\/pl\/wp-json\/wp\/v2\/media?parent=109521"}],"wp:term":[{"taxonomy":"category","embeddable":true,"href":"https:\/\/www.europesays.com\/pl\/wp-json\/wp\/v2\/categories?post=109521"},{"taxonomy":"post_tag","embeddable":true,"href":"https:\/\/www.europesays.com\/pl\/wp-json\/wp\/v2\/tags?post=109521"}],"curies":[{"name":"wp","href":"https:\/\/api.w.org\/{rel}","templated":true}]}}