{"id":109584,"date":"2025-11-20T00:39:19","date_gmt":"2025-11-20T00:39:19","guid":{"rendered":"https:\/\/www.europesays.com\/pl\/109584\/"},"modified":"2025-11-20T00:39:19","modified_gmt":"2025-11-20T00:39:19","slug":"lidl-przeceni-wielki-hit-o-900-zl-najtaniej-w-historii-rmf-fm","status":"publish","type":"post","link":"https:\/\/www.europesays.com\/pl\/109584\/","title":{"rendered":"Lidl przeceni wielki hit o 900 z\u0142. \u201eNajtaniej w historii\u201d :: RMF FM"},"content":{"rendered":"<p>W Lidlu zaczynaj\u0105 si\u0119 wielkie promocje. W czwartek 20 listopada sie\u0107 ruszy z nowymi okazjami m.in. na dziale spo\u017cywczym, ale prawdziwe szale\u0144stwo zacznie si\u0119 w poniedzia\u0142ek 24 listopada. Lidl przeceni wtedy sw\u00f3j najwi\u0119kszy hit o blisko tysi\u0105c z\u0142otych. Tak tanio jeszcze nie by\u0142o.<\/p>\n<p><img decoding=\"async\" alt=\"\" src=\"https:\/\/www.europesays.com\/pl\/wp-content\/uploads\/2025\/11\/07b77e730b9a03d072ed49800b7ad753.jpg\" class=\"w-100\"\/><\/p>\n<p>Nowe promocje w Lidlu, fot. Shutterstock<\/p>\n<p>&#13;<br \/>\n\tW najbli\u017cszych dniach w Lidlu b\u0119dzie si\u0119 dzia\u0142o. W oczekiwaniu na promocje, jakie sie\u0107 zamierza wprowadzi\u0107 na tzw. Black Week, klienci b\u0119d\u0105 mogli skorzysta\u0107 z ofert z nowej gazetki, kt\u00f3ra startuje 20 listopada. Od czwartku w sklepach maj\u0105 czeka\u0107 liczne akcje promocyjne, m.in. spod szyldu \u201e2+1 za grosz\u201d. Wszyscy bez wyj\u0105tku zaoszcz\u0119dz\u0105 dzi\u0119ki nim na czekoladach Milka w tabliczkach do 100 g oraz ca\u0142ych markach Cif i Domestos. Jedyne, o czym nale\u017cy pami\u0119ta\u0107, to limity na paragon.<\/p>\n<p>&#13;<br \/>\n\tUczestnicy programu lojalno\u015bciowego Lidla z aplikacj\u0105 skorzystaj\u0105 te\u017c z licznych \u201e1+1 gratis\u201d. Tylko w pi\u0105tek 21 listopada takimi promocjami maj\u0105 by\u0107 obj\u0119te olej rzepakowy Wy\u015bmienity marki VitaD\u2019or oraz kie\u0142basa \u017cywiecka Pikok Premium. W obu przypadkach limit wyniesie do dw\u00f3ch opakowa\u0144 w gratisie na kupon. Od czwartku do soboty nadal obowi\u0105zywa\u0107 b\u0119d\u0105 tak\u017ce wprowadzone ju\u017c wcze\u015bniej \u201e1+1 gratis\u201d na awokado zielone oraz owoce kaki.<\/p>\n<p>\t<a href=\"https:\/\/www.rmf.fm\/magazyn\/news,85488,od-dzisiaj-w-dino-64-gratis-mozna-oblowic-sie-bez-limitow.html\" rel=\"nofollow noopener\" target=\"_blank\"><img decoding=\"async\" src=\"https:\/\/www.europesays.com\/pl\/wp-content\/uploads\/2025\/11\/be01be5d53ca7f5d9aa40b571a7203f3.jpg\" width=\"290\"\/><\/a><a href=\"https:\/\/www.rmf.fm\/magazyn\/news,85488,od-dzisiaj-w-dino-64-gratis-mozna-oblowic-sie-bez-limitow.html\" rel=\"nofollow noopener\" target=\"_blank\">Od dzisiaj w Dino \u201e6+4 gratis\u201d. Mo\u017cna ob\u0142owi\u0107 si\u0119 bez limit\u00f3w<\/a><\/p>\n<p>19 listopada w Dino startuj\u0105 nowe okazje. Od rana na klient\u00f3w czekaj\u0105 ju\u017c akcje z gratisami jak lubiane \u201e1+1 gratis\u201d czy nawet \u201e6+4 gratis\u201d. Ze wszystkich mo\u017cna korzysta\u0107 bez limit\u00f3w. Poza tym sie\u0107 wprowadzi\u0142a si\u0119gaj\u0105ce nawet 90%&#8230;<\/p>\n<p>\n&#13;<br \/>\n\tLidl \u2013 od 24 listopada Black Week<\/p>\n<p>&#13;<br \/>\n\tPrawdziwe szale\u0144stwo w sklepach rozpocznie si\u0119 w poniedzia\u0142ek 24 listopada, bowiem wtedy w Lidlu zaczynaj\u0105 si\u0119 wielkie obni\u017cki przed przypadaj\u0105cym w tym roku na 28 listopada Black Friday, czyli dorocznym \u015bwi\u0119tem wyprzeda\u017cy. W ramach promocji na Black Week sie\u0107 przeceni m.in. swoje sztandarowe urz\u0105dzenie \u2013 termorobot MC Smart z Wi-Fi, 1200 W, czyli popularny <a href=\"https:\/\/www.rmf.fm\/magazyn\/tag,Lidlomix.html\" rel=\"nofollow noopener\" target=\"_blank\">Lidlomix<\/a>.<\/p>\n<p><a href=\"https:\/\/www.rmf.fm\/magazyn\/news,85516,w-action-sie-zaczelo-mozna-brac-juz-za-379-zl.html\" rel=\"nofollow noopener\" target=\"_blank\"><img decoding=\"async\" src=\"https:\/\/www.europesays.com\/pl\/wp-content\/uploads\/2025\/11\/ac76c0255919cb1572d9d61ae4167eb1.jpg\" width=\"290\"\/><\/a><a href=\"https:\/\/www.rmf.fm\/magazyn\/news,85516,w-action-sie-zaczelo-mozna-brac-juz-za-379-zl.html\" rel=\"nofollow noopener\" target=\"_blank\">W Action si\u0119 zacz\u0119\u0142o. Mo\u017cna bra\u0107 ju\u017c za 3,79 z\u0142<\/a><\/p>\n<p>19 listopada sie\u0107 sklep\u00f3w Action ruszy\u0142a z nowymi promocjami, przeceniaj\u0105c wiele produkt\u00f3w, kt\u00f3re b\u0119d\u0105 hitami nadchodz\u0105cego sezonu. Warto ju\u017c teraz kupi\u0107 przed \u015bwi\u0119tami, bo ceny zaczynaj\u0105 si\u0119 od 3,79 z\u0142.<\/p>\n<p>&#13;<br \/>\n\tStandardowa cena to 2499 z\u0142, od 24 listopada a\u017c do 1 grudnia dzi\u0119ki kuponowi z aplikacji b\u0119dzie mo\u017cna liczy\u0107 na a\u017c 900 z\u0142 upustu i specjaln\u0105 cen\u0119 1599 z\u0142. To \u201enajtaniej w historii Lidla\u201d \u2013 podkre\u015bla sie\u0107.<\/p>\n<p>&#13;<br \/>\n\tInne oferty pozwol\u0105 na uzyskanie nawet 70-procentowych rabat\u00f3w. O tyle Lidl od poniedzia\u0142ku przeceni m.in. lampki sto\u0142owe LED Livarno Home (z 39,99 z\u0142 do 11,99 z\u0142), zestawy do zamiatania W5 (34,99 z\u0142 do 10,49 z\u0142) czy organizery szafkowe Livarno Home (z 29,99 z\u0142 na 8,99 z\u0142), a od czwartku np. elektryczne wyciskarki do cytrus\u00f3w Gourmetmaxx (z 99,99 z\u0142 na 29,99 z\u0142).<\/p>\n<p><a href=\"https:\/\/www.rmf.fm\/magazyn\/news,85450,hit-w-biedronce-telewizory-za-1-zl-jeszcze-przed-black-friday.html\" rel=\"nofollow noopener\" target=\"_blank\"><img decoding=\"async\" src=\"https:\/\/www.europesays.com\/pl\/wp-content\/uploads\/2025\/11\/1763530585_3d08c521533143868e9ad038771ee5f3.jpg\" width=\"290\"\/><\/a><a href=\"https:\/\/www.rmf.fm\/magazyn\/news,85450,hit-w-biedronce-telewizory-za-1-zl-jeszcze-przed-black-friday.html\" rel=\"nofollow noopener\" target=\"_blank\">Hit w Biedronce. Telewizory za 1 z\u0142 jeszcze przed Black Friday<\/a><\/p>\n<p>Biedronka szaleje z promocjami przed Black Friday. Sie\u0107 ju\u017c ruszy\u0142a z wielkimi wyprzeda\u017cami, oferuj\u0105c klientom m.in. si\u0119gaj\u0105ce -60% obni\u017cki cen najpopularniejszych produkt\u00f3w. Prawdziwy hit to akcja z telewizorami po 1 z\u0142. Normalnie ten&#8230;<\/p>\n<p><\/p>\n","protected":false},"excerpt":{"rendered":"W Lidlu zaczynaj\u0105 si\u0119 wielkie promocje. W czwartek 20 listopada sie\u0107 ruszy z nowymi okazjami m.in. na dziale&hellip;\n","protected":false},"author":2,"featured_media":109585,"comment_status":"","ping_status":"","sticky":false,"template":"","format":"standard","meta":{"footnotes":""},"categories":[16],"tags":[113,112,3343,24136,24137,24135,6879,3442,3443,24138,42,38,40,39,41,863,862],"class_list":{"0":"post-109584","1":"post","2":"type-post","3":"status-publish","4":"format-standard","5":"has-post-thumbnail","7":"category-biznes","8":"tag-biznes","9":"tag-business","10":"tag-lidl","11":"tag-lidl-20-listopada","12":"tag-lidl-24-listopada","13":"tag-lidl-od-czwartku","14":"tag-lidl-od-poniedzialku","15":"tag-lidl-promocja","16":"tag-lidl-promocje","17":"tag-lidlomix","18":"tag-pl","19":"tag-poland","20":"tag-polish","21":"tag-polska","22":"tag-polski","23":"tag-promocja","24":"tag-promocje"},"share_on_mastodon":{"url":"https:\/\/pubeurope.com\/@pl\/115579241584059004","error":""},"_links":{"self":[{"href":"https:\/\/www.europesays.com\/pl\/wp-json\/wp\/v2\/posts\/109584","targetHints":{"allow":["GET"]}}],"collection":[{"href":"https:\/\/www.europesays.com\/pl\/wp-json\/wp\/v2\/posts"}],"about":[{"href":"https:\/\/www.europesays.com\/pl\/wp-json\/wp\/v2\/types\/post"}],"author":[{"embeddable":true,"href":"https:\/\/www.europesays.com\/pl\/wp-json\/wp\/v2\/users\/2"}],"replies":[{"embeddable":true,"href":"https:\/\/www.europesays.com\/pl\/wp-json\/wp\/v2\/comments?post=109584"}],"version-history":[{"count":0,"href":"https:\/\/www.europesays.com\/pl\/wp-json\/wp\/v2\/posts\/109584\/revisions"}],"wp:featuredmedia":[{"embeddable":true,"href":"https:\/\/www.europesays.com\/pl\/wp-json\/wp\/v2\/media\/109585"}],"wp:attachment":[{"href":"https:\/\/www.europesays.com\/pl\/wp-json\/wp\/v2\/media?parent=109584"}],"wp:term":[{"taxonomy":"category","embeddable":true,"href":"https:\/\/www.europesays.com\/pl\/wp-json\/wp\/v2\/categories?post=109584"},{"taxonomy":"post_tag","embeddable":true,"href":"https:\/\/www.europesays.com\/pl\/wp-json\/wp\/v2\/tags?post=109584"}],"curies":[{"name":"wp","href":"https:\/\/api.w.org\/{rel}","templated":true}]}}