{"id":109594,"date":"2025-11-20T02:25:08","date_gmt":"2025-11-20T02:25:08","guid":{"rendered":"https:\/\/www.europesays.com\/pl\/109594\/"},"modified":"2025-11-20T02:25:08","modified_gmt":"2025-11-20T02:25:08","slug":"doniesienia-o-planie-konca-wojny-w-ukrainie-sekretarz-stanu-usa-zabral-glos","status":"publish","type":"post","link":"https:\/\/www.europesays.com\/pl\/109594\/","title":{"rendered":"Doniesienia o planie ko\u0144ca wojny w Ukrainie. Sekretarz stanu USA zabra\u0142 g\u0142os"},"content":{"rendered":"<ul class=\"UnorderedList_container__nmfSl\">\n<li class=\"UnorderedList_listElement__Py7xi\" data-id=\"ai-summary-link\">Du\u017co czytania, a ma\u0142o czasu? Sprawd\u017a\u00a0skr\u00f3t\u00a0artyku\u0142u<\/li>\n<\/ul>\n<p class=\"Paragraph_desktopParagraph__U31Gm\">&#8222;Zako\u0144czenie z\u0142o\u017conej i \u015bmierciono\u015bnej wojny, jak ta w Ukrainie, wymaga kompleksowej wymiany powa\u017cnych i realistycznych pomys\u0142\u00f3w&#8221; \u2014 napisa\u0142 Marco Rubio w serwisie X. <\/p>\n<p class=\"Paragraph_desktopParagraph__U31Gm\">Doda\u0142, \u017ce &#8222;osi\u0105gni\u0119cie trwa\u0142ego pokoju b\u0119dzie wymaga\u0142o od dw\u00f3ch stron zgodzenia si\u0119 na trudne, lecz konieczne ust\u0119pstwa&#8221;.<\/p>\n<p class=\"VideoPlayerText_videoPlayerText__iDwyz\">Dalszy ci\u0105g materia\u0142u pod wideo<\/p>\n<p class=\"Paragraph_desktopParagraph__U31Gm\">&#8222;Dlatego opracowujemy i b\u0119dziemy dalej opracowywa\u0107 list\u0119 potencjalnych pomys\u0142\u00f3w zako\u0144czenia tej wojny w oparciu o wk\u0142ad obu stron tego konfliktu&#8221; \u2014 podkre\u015bli\u0142.<\/p>\n<ul class=\"OchatFollowUps_wrapper__1ry7X\">\n<li class=\"OchatFollowUps_item__Dhyly OchatFollowUps_itemDesktop__R6aBv\">Czy istnieje nowy plan pokojowy dla Ukrainy?<\/li>\n<li class=\"OchatFollowUps_item__Dhyly OchatFollowUps_itemDesktop__R6aBv\">Jakie wymagania stawia sekretarz stanu USA w kontek\u015bcie ust\u0119pstw?<\/li>\n<li class=\"OchatFollowUps_item__Dhyly OchatFollowUps_itemDesktop__R6aBv\">Co zawiera 28-punktowy plan pokojowy?<\/li>\n<li class=\"OchatFollowUps_item__Dhyly OchatFollowUps_itemDesktop__R6aBv\">Jakie dzia\u0142ania planuj\u0105 USA w zwi\u0105zku z wsparciem Ukrainy?<\/li>\n<\/ul>\n<p>USA i Rosja wymy\u015bli\u0142y plan, kt\u00f3ry ma zaakceptowa\u0107 Ukraina <\/p>\n<p class=\"Paragraph_desktopParagraph__U31Gm\">W \u015brod\u0119 media, m.in. Axios i &#8222;Financial Times&#8221;, poinformowa\u0142y o wynegocjowanym z Rosj\u0105 planie pokojowym, kt\u00f3rego akceptacj\u0119 USA chc\u0105 wymusi\u0107 na Ukrainie. Plan ten ma zak\u0142ada\u0107 m.in. oddanie Rosji reszty nieokupowanego Donbasu, cz\u0119\u015bciowe rozbrojenie i radykalne zmniejszenie liczebno\u015bci ukrai\u0144skiej armii, a wed\u0142ug serwisu Axios tak\u017ce uznanie rosyjskiej aneksji Krymu i Donbasu przez Waszyngton.<\/p>\n<p class=\"Paragraph_desktopParagraph__U31Gm\">Jak napisa\u0142 portal The Hill, przychylni Ukrainie cz\u0142onkowie Kongresu byli zaskoczeni doniesieniami o planie, kt\u00f3ry ma sk\u0142ada\u0107 si\u0119 z 28 punkt\u00f3w.<\/p>\n<p class=\"Paragraph_desktopParagraph__U31Gm\">\u2014 Nie wiem, czym jest ten 28-punktowy plan. Ciesz\u0119 si\u0119, \u017ce opracowujemy plan \u2014 powiedzia\u0142 wp\u0142ywowy senator Republikan\u00f3w Lindsey Graham w \u015brod\u0119 rano. Doda\u0142, \u017ce plan musi by\u0107 oparty o silne zobowi\u0105zania militarne Stan\u00f3w Zjednoczonych wobec Ukrainy i \u015brodki wymierzone w zdolno\u015b\u0107 W\u0142adimira Putina do finansowania wojny.<\/p>\n<p class=\"Paragraph_desktopParagraph__U31Gm\">Graham liczy na to, \u017ce plan pokojowy nada rozp\u0119du jego staraniom w sprawie uchwalenia sankcji wobec kraj\u00f3w prowadz\u0105cych interesy z Rosj\u0105.<\/p>\n<p class=\"Paragraph_desktopParagraph__U31Gm\">\u2014 \u017baden plan nie zadzia\u0142a, dop\u00f3ki Putin i jego sojusznicy nie uwierz\u0105, \u017ce powa\u017cnie podchodzimy do wi\u0119kszego wsparcia militarnego, wi\u0119kszych zdolno\u015bci Ukrainy do militarnego uderzania w Rosj\u0119 i wi\u0119kszych gospodarczych zniszcze\u0144 dla tych, kt\u00f3rzy wspieraj\u0105 rosyjsk\u0105 machin\u0119 wojenn\u0105 \u2014 doda\u0142 senator. \u2014 Gdy uwierz\u0105 w to, ten 28-punktowy plan zadzia\u0142a \u2014 wyrazi\u0142 przekonanie Republikanin.<\/p>\n","protected":false},"excerpt":{"rendered":"Du\u017co czytania, a ma\u0142o czasu? Sprawd\u017a\u00a0skr\u00f3t\u00a0artyku\u0142u &#8222;Zako\u0144czenie z\u0142o\u017conej i \u015bmierciono\u015bnej wojny, jak ta w Ukrainie, wymaga kompleksowej wymiany&hellip;\n","protected":false},"author":2,"featured_media":109595,"comment_status":"","ping_status":"","sticky":false,"template":"","format":"standard","meta":{"footnotes":""},"categories":[14],"tags":[32,33,27,67,34,35,14227,12940,28,31,53,25,52,68,51,5027,55,40,41,62,47,80,29,30,390,65,50,26,418,309,82,83,84],"class_list":{"0":"post-109594","1":"post","2":"type-post","3":"status-publish","4":"format-standard","5":"has-post-thumbnail","7":"category-swiat","8":"tag-breaking-news","9":"tag-breakingnews","10":"tag-headlines","11":"tag-intextvideo_splayer","12":"tag-latest-news","13":"tag-latestnews","14":"tag-lindsey_graham_amerykanski_polityk","15":"tag-marco_rubio_amerykanski_polityk","16":"tag-naglowki","17":"tag-najwazniejsze-artykuly","18":"tag-new_header","19":"tag-news","20":"tag-onet3","21":"tag-onet3d","22":"tag-onet3d_2i","23":"tag-partia_republikanska","24":"tag-phx","25":"tag-polish","26":"tag-polski","27":"tag-rosja_kraj_rosjanin_rosjanie_rosjanka_rosjanki","28":"tag-screening_general","29":"tag-swiat","30":"tag-top-stories","31":"tag-topstories","32":"tag-ukraina_ukrainiec_ukrainka_ukraincy_ukrainki","33":"tag-update_me","34":"tag-v2021","35":"tag-wiadomosci","36":"tag-wladimir_putin_rosyjski_prezydent","37":"tag-wolodymyr_zelenski","38":"tag-world","39":"tag-world-news","40":"tag-worldnews"},"share_on_mastodon":{"url":"","error":"Validation failed: Text character limit of 500 exceeded"},"_links":{"self":[{"href":"https:\/\/www.europesays.com\/pl\/wp-json\/wp\/v2\/posts\/109594","targetHints":{"allow":["GET"]}}],"collection":[{"href":"https:\/\/www.europesays.com\/pl\/wp-json\/wp\/v2\/posts"}],"about":[{"href":"https:\/\/www.europesays.com\/pl\/wp-json\/wp\/v2\/types\/post"}],"author":[{"embeddable":true,"href":"https:\/\/www.europesays.com\/pl\/wp-json\/wp\/v2\/users\/2"}],"replies":[{"embeddable":true,"href":"https:\/\/www.europesays.com\/pl\/wp-json\/wp\/v2\/comments?post=109594"}],"version-history":[{"count":0,"href":"https:\/\/www.europesays.com\/pl\/wp-json\/wp\/v2\/posts\/109594\/revisions"}],"wp:featuredmedia":[{"embeddable":true,"href":"https:\/\/www.europesays.com\/pl\/wp-json\/wp\/v2\/media\/109595"}],"wp:attachment":[{"href":"https:\/\/www.europesays.com\/pl\/wp-json\/wp\/v2\/media?parent=109594"}],"wp:term":[{"taxonomy":"category","embeddable":true,"href":"https:\/\/www.europesays.com\/pl\/wp-json\/wp\/v2\/categories?post=109594"},{"taxonomy":"post_tag","embeddable":true,"href":"https:\/\/www.europesays.com\/pl\/wp-json\/wp\/v2\/tags?post=109594"}],"curies":[{"name":"wp","href":"https:\/\/api.w.org\/{rel}","templated":true}]}}