{"id":109651,"date":"2025-11-20T04:45:07","date_gmt":"2025-11-20T04:45:07","guid":{"rendered":"https:\/\/www.europesays.com\/pl\/109651\/"},"modified":"2025-11-20T04:45:07","modified_gmt":"2025-11-20T04:45:07","slug":"wegierski-rzad-straszy-wojna-rozeslal-do-mieszkancow-prowincji-pisma-onet","status":"publish","type":"post","link":"https:\/\/www.europesays.com\/pl\/109651\/","title":{"rendered":"W\u0119gierski rz\u0105d straszy wojn\u0105. Rozes\u0142a\u0142 do mieszka\u0144c\u00f3w prowincji pisma &#8211; Onet"},"content":{"rendered":"<ol>\n<li><a href=\"https:\/\/news.google.com\/rss\/articles\/CBMi0gFBVV95cUxPRjRVT0RDZHpXbk41LTB6M0Q2UFl5SlloSDlXWV85V2NmcDA4dGlDTmhqYnZQbi11RG1xcGxlLU1LYnJxSEtfcm84S004VGZ6dVRyOHFRS1NxNHlzMFNBVVFzNmF3dVRVMjM3NWRHTzVxd29ZbHFqbmt1alUzQ2hvOTNlNDhPRmJ6MVoyYV9FNThkLTBMQlhKQVUybnYteXZ2aThjQ2tuYk84TVlYcXdraWYxX21Bb3VIeWpkVzNiMDBwTi1rN0gxNUdQYk5kaTkySHc?oc=5\" target=\"_blank\" rel=\"nofollow noopener\">W\u0119gierski rz\u0105d straszy wojn\u0105. Rozes\u0142a\u0142 do mieszka\u0144c\u00f3w prowincji pisma<\/a>&nbsp;&nbsp;Onet<\/li>\n<li><a href=\"https:\/\/news.google.com\/rss\/articles\/CBMisAFBVV95cUxPdHNnel9LOVduMDF4TFNNTEEwbFhMNThHXzZDcW1hbkxadGczU25hTExCM2VzNXl6Z0p2LWtPbER3ZE1kQmdVOWVCaWpKSFdRdHM4Rkh4QWY2LVpFN1Z2TElrTkdEUWQ3LXhCdDIxbWVoNHZBRy0ySmRxRFJLZ3V4NFQ1aUxSczdMbHZOSTU5djhGS0dqOE9adXJEVUduRm9FX1dhRmpTaE5TbmFwbDc0cg?oc=5\" target=\"_blank\" rel=\"nofollow noopener\">&#8222;Po prostu szale\u0144stwo&#8221;. Orban krytycznie o polityce Unii Europejskiej<\/a>&nbsp;&nbsp;PolsatNews.pl<\/li>\n<li><a href=\"https:\/\/news.google.com\/rss\/articles\/CBMiugFBVV95cUxQb2NWcDFuNzlmU1lZREw2RUx5ekxxZDNiS2NpVHF4eU53WGFYNkhONlpzc3dwYmxVWGhDNHF5RmluWmFud0hqUnl3V3A1U3hFU1ZPMW1uU2RWM0JPNlF5UHV5OVZWb3Fib3NZZXBqOFpyUkxCRVhaa3lfS1kwXzJXTVNJQ0dLZE5ud2pmQkJNTDdwT3p2SGsyTHZCa1FMZExzMUE4bzNraFhQZ0VQcDlha0tzNk5KSDJaaWc?oc=5\" target=\"_blank\" rel=\"nofollow noopener\">Mocne s\u0142owa Orbana o Ukrainie: Nie ma szans na wygranie wojny. 'Pomaganie jej jest szalone&#8217;<\/a>&nbsp;&nbsp;Gazeta<\/li>\n<li><a href=\"https:\/\/news.google.com\/rss\/articles\/CBMipgFBVV95cUxQNGpKNXMtd0czM3B1OFpCSWVkLTZsdjFZNFN2RXJtai1qQmNqbS1kUkJ2SThzVVRIVmpXRlplNnBIMXA5X0dVdjh0THVNMlVna2VFc2o4UE1jOXY1QUpGSEkxb2FqSFYyUG5sVG1RMlRFTzVVa3k1QTF6YngyUmxhNFFGWHBUbHhYc2U4cDRtRnhUWlVZSnBYODk3anNtQ19ITDdielR30gGiAUFVX3lxTE11X2JMSmZfdmNCWE1RTW5HQV9BUm40bm02MnVTdTNQcHpnczZwdzNBTXlsa3cwcnlCV0JpYjNPTUxaN3hqWk9Kd2F1cXNFa3RNTHJhYXVLNGdyUGJDZUNYTHBHVExXTXltWmtyUlhZUkJJRnBVWHBkcWJ0UmZiODVBa3Y0Nmt2WXY0X0ZMaTdwMTFMVGtBUE9oMHhXQ21MaEVYdw?oc=5\" target=\"_blank\" rel=\"nofollow noopener\">Liban zamiast Ukrainy. W\u0119gry odcinaj\u0105 Kij\u00f3w od unijnych pieni\u0119dzy<\/a>&nbsp;&nbsp;Do Rzeczy<\/li>\n<li><a href=\"https:\/\/news.google.com\/rss\/articles\/CBMixAFBVV95cUxNX0RJMExYODdzREZXS0czM0FuUkdYQlg3cG5JbmhWU2tDNDhBR1Rjc3RzQWRaNS1lNW15WmR3Z0I4RGlMdnhHTTUwMHNtYVlnQmppY0hzZU1VRlF2QXFaQzNvUDR2RDROTG9mQTlNcjVmS3N3QjBWeGdUamI5OGlQZkhZc3c5QUNka0hITExtZUFidkg1X1dHX0NIMGo4MVczNVFzOWItR1J6Wm1KT2JtUHdkSXh3V0FIQU00bVNWYndnYUVJ?oc=5\" target=\"_blank\" rel=\"nofollow noopener\">Orb\u00e1n o \u017c\u0105daniu szefowej KE: \u201ePr\u00f3ba pomocy alkoholikowi poprzez wys\u0142anie mu kolejnej skrzynki w\u00f3dki\u201d<\/a>&nbsp;&nbsp;Tysol.pl<\/li>\n<\/ol>\n","protected":false},"excerpt":{"rendered":"W\u0119gierski rz\u0105d straszy wojn\u0105. Rozes\u0142a\u0142 do mieszka\u0144c\u00f3w prowincji pisma&nbsp;&nbsp;Onet &#8222;Po prostu szale\u0144stwo&#8221;. Orban krytycznie o polityce Unii Europejskiej&nbsp;&nbsp;PolsatNews.pl&hellip;\n","protected":false},"author":2,"featured_media":109652,"comment_status":"","ping_status":"","sticky":false,"template":"","format":"standard","meta":{"footnotes":""},"categories":[14],"tags":[32,33,27,67,34,35,28,31,53,25,52,68,51,55,40,41,47,80,29,30,65,50,1233,1234,26,912,82,83,84],"class_list":{"0":"post-109651","1":"post","2":"type-post","3":"status-publish","4":"format-standard","5":"has-post-thumbnail","7":"category-swiat","8":"tag-breaking-news","9":"tag-breakingnews","10":"tag-headlines","11":"tag-intextvideo_splayer","12":"tag-latest-news","13":"tag-latestnews","14":"tag-naglowki","15":"tag-najwazniejsze-artykuly","16":"tag-new_header","17":"tag-news","18":"tag-onet3","19":"tag-onet3d","20":"tag-onet3d_2i","21":"tag-phx","22":"tag-polish","23":"tag-polski","24":"tag-screening_general","25":"tag-swiat","26":"tag-top-stories","27":"tag-topstories","28":"tag-update_me","29":"tag-v2021","30":"tag-viktor_orban_wegierski_polityk","31":"tag-wegry_wegier_wegierka_wegrzy","32":"tag-wiadomosci","33":"tag-wojna_wojny_konflikt_zbrojny_konflikty_zbrojne","34":"tag-world","35":"tag-world-news","36":"tag-worldnews"},"share_on_mastodon":{"url":"","error":"Validation failed: Text character limit of 500 exceeded"},"_links":{"self":[{"href":"https:\/\/www.europesays.com\/pl\/wp-json\/wp\/v2\/posts\/109651","targetHints":{"allow":["GET"]}}],"collection":[{"href":"https:\/\/www.europesays.com\/pl\/wp-json\/wp\/v2\/posts"}],"about":[{"href":"https:\/\/www.europesays.com\/pl\/wp-json\/wp\/v2\/types\/post"}],"author":[{"embeddable":true,"href":"https:\/\/www.europesays.com\/pl\/wp-json\/wp\/v2\/users\/2"}],"replies":[{"embeddable":true,"href":"https:\/\/www.europesays.com\/pl\/wp-json\/wp\/v2\/comments?post=109651"}],"version-history":[{"count":0,"href":"https:\/\/www.europesays.com\/pl\/wp-json\/wp\/v2\/posts\/109651\/revisions"}],"wp:featuredmedia":[{"embeddable":true,"href":"https:\/\/www.europesays.com\/pl\/wp-json\/wp\/v2\/media\/109652"}],"wp:attachment":[{"href":"https:\/\/www.europesays.com\/pl\/wp-json\/wp\/v2\/media?parent=109651"}],"wp:term":[{"taxonomy":"category","embeddable":true,"href":"https:\/\/www.europesays.com\/pl\/wp-json\/wp\/v2\/categories?post=109651"},{"taxonomy":"post_tag","embeddable":true,"href":"https:\/\/www.europesays.com\/pl\/wp-json\/wp\/v2\/tags?post=109651"}],"curies":[{"name":"wp","href":"https:\/\/api.w.org\/{rel}","templated":true}]}}