{"id":109681,"date":"2025-11-20T05:38:11","date_gmt":"2025-11-20T05:38:11","guid":{"rendered":"https:\/\/www.europesays.com\/pl\/109681\/"},"modified":"2025-11-20T05:38:11","modified_gmt":"2025-11-20T05:38:11","slug":"burza-po-emisji-odcinka-m-jak-milosc-z-roznerskim-widzowie-bez-litosci-dla-scenarzystow-rmf-fm","status":"publish","type":"post","link":"https:\/\/www.europesays.com\/pl\/109681\/","title":{"rendered":"Burza po emisji odcinka \u201eM jak mi\u0142o\u015b\u0107\u201d z Roznerskim. Widzowie bez lito\u015bci dla scenarzyst\u00f3w :: RMF FM"},"content":{"rendered":"<p>W nowym odcinku widzowie \u201eM jak mi\u0142o\u015b\u0107\u201d byli \u015bwiadkami \u015blubu Marcina (Miko\u0142aj Roznerski) i Kamy (Michalina Sosna). Podczas gdy jedni odbiorcy pisali o wzruszaj\u0105cych momentach, inni mieli na ten temat zupe\u0142nie inne zdanie. Co dok\u0142adnie im si\u0119 nie spodoba\u0142o? <\/p>\n<p><img decoding=\"async\" alt=\"\" src=\"https:\/\/www.europesays.com\/pl\/wp-content\/uploads\/2025\/11\/37ac139471088340ace6c1f33e761785.jpg\" class=\"w-100\"\/><\/p>\n<p>Michalina Sosna i Miko\u0142aj Roznerski. Fot. AKPA<\/p>\n<p>&#13;<br \/>\n\tNowy odcinek \u201eM jak mi\u0142o\u015b\u0107\u201d. \u015alub Kamy i Marcina pod lup\u0105 widz\u00f3w<\/p>\n<p>&#13;<br \/>\n\t\u201eM jak mi\u0142o\u015b\u0107\u201d bawi i wzrusza widz\u00f3w ju\u017c od 25 lat. Z okazji jubileuszu tw\u00f3rcy przygotowali dla widz\u00f3w odcinek specjalny. To nie koniec niespodzianek! W minionym epizodzie fani \u201eEmki\u201d byli \u015bwiadkami \u015blubu Kamy i Marcina (<a href=\"https:\/\/www.rmf.fm\/magazyn\/tag,Michalina%20Sosna.html\" rel=\"nofollow noopener\" target=\"_blank\">Michalina Sosna<\/a> i <a href=\"https:\/\/www.rmf.fm\/magazyn\/tag,Miko%C5%82aj%20Roznerski.html\" rel=\"nofollow noopener\" target=\"_blank\">Miko\u0142aj Roznerski<\/a>). Co ciekawe, to ju\u017c drugie takie wydarzenie w \u017cyciu Chodakowskiego. Wcze\u015bniej detektyw \u015blubowa\u0142 mi\u0142o\u015b\u0107 i wierno\u015b\u0107 Izie (Adriana Kalska), ale z powodu zdrady dziennikarki ma\u0142\u017ce\u0144stwo to przesz\u0142o do historii. Teraz Marcin zalegalizowa\u0142 sw\u00f3j zwi\u0105zek z tancerk\u0105, a w tej wa\u017cnej chwili towarzyszyli mu bliscy oraz przyjaciele.<\/p>\n<blockquote class=\"instagram-media\" data-instgrm-captioned=\"\" data-instgrm-permalink=\"https:\/\/www.instagram.com\/p\/DRMImCWCFv_\/?utm_source=ig_embed&amp;utm_campaign=loading\" data-instgrm-version=\"14\" style=\" background:#FFF; border:0; border-radius:3px; box-shadow:0 0 1px 0 rgba(0,0,0,0.5),0 1px 10px 0 rgba(0,0,0,0.15); margin: 1px; max-width:540px; min-width:326px; padding:0; width:99.375%; width:-webkit-calc(100% - 2px); width:calc(100% - 2px);\"\/>\n<p>&#13;<br \/>\n\tWydawa\u0107 by si\u0119 mog\u0142o, \u017ce Kama i Marcin ciesz\u0105 si\u0119 spor\u0105 sympati\u0105 widz\u00f3w. Z komentarzy pozostawianych w sieci wynika jednak, \u017ce niekt\u00f3rym odbiorcom wczorajszy epizod nie do ko\u0144ca przypad\u0142 do gustu\u2026<\/p>\n<p>&#13;<br \/>\n\tCo w nowych odcinkach \u201eM jak mi\u0142o\u015b\u0107\u201d?<\/p>\n<p>&#13;<br \/>\n\tKama i Marcin z \u201eM jak mi\u0142o\u015b\u0107\u201d wzi\u0119li \u015blub w 1890. odcinku serialu. Tu\u017c po jego emisji w sekcji komentarzy wywi\u0105za\u0142a si\u0119 dyskusja na temat decyzji scenarzyst\u00f3w. Okaza\u0142o si\u0119 w\u00f3wczas, \u017ce niekt\u00f3rzy widzowie czuj\u0105 lekki zaw\u00f3d po tym, co zobaczyli:<\/p>\n<p>&#13;<br \/>\n\t\u201eNie ma sza\u0142u ju\u017c w \u2018M jak mi\u0142o\u015b\u0107\u2019 (\u2026). Wola\u0142em odcinki sprzed lat.\u201d<\/p>\n<p>&#13;<br \/>\n\t\u201eOj to zdecydowanie nie jest to; jak mo\u017cna tak zepsu\u0107 w\u0105tek Marcina. Swoj\u0105 drog\u0105 za czas\u00f3w Izy m\u00f3j ulubiony, a teraz wszystko to takie wymuszone, zw\u0142aszcza ta ich mi\u0142o\u015b\u0107 (\u2026).\u201d<\/p>\n<p>&#13;<br \/>\n\t\u201eZ tym omdleniem seniorki to niezbyt powa\u017cne, troch\u0119 jak z czeskiej komedii sprzed lat.\u201d<\/p>\n<p>&#13;<br \/>\n\t\u201eNiby fajny, ale taki ma\u0142o realny; \u015bpi\u0105ca panna m\u0142oda na swoim weselu\u2026\u201d<\/p>\n<p>&#13;<br \/>\n\t\u201eSk\u0105d oni bior\u0105 te scenariusze? Nawet 50 lat temu by\u0142y butki telefonicznie i mo\u017cna by\u0142o zadzwoni\u0107 do urz\u0119du. Teraz telefon ma ka\u017cdy, a w \u2018M jak mi\u0142o\u015b\u0107\u2019 sp\u00f3\u017aniaj\u0105 si\u0119 40 minut na w\u0142asny \u015blub i nikt nie wie, czemu. No g\u0142upie to, a\u017c szkoda s\u0142\u00f3w.\u201d<\/p>\n<p>&#13;<br \/>\n\t\u201eScenarzysta ma coraz s\u0142absze pomys\u0142y. Niby co\u015b si\u0119 dzieje, a oderwane coraz bardziej od rzeczywisto\u015bci. Gadka Olka w urz\u0119dzie beznadziejna, omdlenie babci Basi tak wiarygodne jak wyl\u0105dowanie kosmit\u00f3w.\u201d<\/p>\n<p>&#13;<br \/>\n\tA wy, co s\u0105dzicie o nowych odcinkach \u201eM jak mi\u0142o\u015b\u0107\u201d?<\/p>\n<blockquote class=\"instagram-media\" data-instgrm-captioned=\"\" data-instgrm-permalink=\"https:\/\/www.instagram.com\/p\/DRPTGhNjJYx\/?utm_source=ig_embed&amp;utm_campaign=loading\" data-instgrm-version=\"14\" style=\" background:#FFF; border:0; border-radius:3px; box-shadow:0 0 1px 0 rgba(0,0,0,0.5),0 1px 10px 0 rgba(0,0,0,0.15); margin: 1px; max-width:540px; min-width:326px; padding:0; width:99.375%; width:-webkit-calc(100% - 2px); width:calc(100% - 2px);\"\/>\n<p>\t\t\t\t\t\t<script async src=\"\/\/www.instagram.com\/embed.js\"><\/script><\/p>\n","protected":false},"excerpt":{"rendered":"W nowym odcinku widzowie \u201eM jak mi\u0142o\u015b\u0107\u201d byli \u015bwiadkami \u015blubu Marcina (Miko\u0142aj Roznerski) i Kamy (Michalina Sosna). Podczas&hellip;\n","protected":false},"author":2,"featured_media":109682,"comment_status":"","ping_status":"","sticky":false,"template":"","format":"standard","meta":{"footnotes":""},"categories":[22],"tags":[122,23808,24154,24155,24157,24158,24156,42,38,40,39,41,123,506],"class_list":{"0":"post-109681","1":"post","2":"type-post","3":"status-publish","4":"format-standard","5":"has-post-thumbnail","7":"category-rozrywka","8":"tag-entertainment","9":"tag-m-jak-milosc","10":"tag-m-jak-milosc-nowe-odcinki","11":"tag-m-jak-milosc-nowy-odcinek","12":"tag-michalina-sosna","13":"tag-mikolaj-roznerski","14":"tag-mjm","15":"tag-pl","16":"tag-poland","17":"tag-polish","18":"tag-polska","19":"tag-polski","20":"tag-rozrywka","21":"tag-tvp"},"share_on_mastodon":{"url":"https:\/\/pubeurope.com\/@pl\/115580417578576699","error":""},"_links":{"self":[{"href":"https:\/\/www.europesays.com\/pl\/wp-json\/wp\/v2\/posts\/109681","targetHints":{"allow":["GET"]}}],"collection":[{"href":"https:\/\/www.europesays.com\/pl\/wp-json\/wp\/v2\/posts"}],"about":[{"href":"https:\/\/www.europesays.com\/pl\/wp-json\/wp\/v2\/types\/post"}],"author":[{"embeddable":true,"href":"https:\/\/www.europesays.com\/pl\/wp-json\/wp\/v2\/users\/2"}],"replies":[{"embeddable":true,"href":"https:\/\/www.europesays.com\/pl\/wp-json\/wp\/v2\/comments?post=109681"}],"version-history":[{"count":0,"href":"https:\/\/www.europesays.com\/pl\/wp-json\/wp\/v2\/posts\/109681\/revisions"}],"wp:featuredmedia":[{"embeddable":true,"href":"https:\/\/www.europesays.com\/pl\/wp-json\/wp\/v2\/media\/109682"}],"wp:attachment":[{"href":"https:\/\/www.europesays.com\/pl\/wp-json\/wp\/v2\/media?parent=109681"}],"wp:term":[{"taxonomy":"category","embeddable":true,"href":"https:\/\/www.europesays.com\/pl\/wp-json\/wp\/v2\/categories?post=109681"},{"taxonomy":"post_tag","embeddable":true,"href":"https:\/\/www.europesays.com\/pl\/wp-json\/wp\/v2\/tags?post=109681"}],"curies":[{"name":"wp","href":"https:\/\/api.w.org\/{rel}","templated":true}]}}