{"id":109777,"date":"2025-11-20T07:05:09","date_gmt":"2025-11-20T07:05:09","guid":{"rendered":"https:\/\/www.europesays.com\/pl\/109777\/"},"modified":"2025-11-20T07:05:09","modified_gmt":"2025-11-20T07:05:09","slug":"dzieci-pobite-w-ekskluzywnej-dzielnicy-berlina-gang-imigrantow","status":"publish","type":"post","link":"https:\/\/www.europesays.com\/pl\/109777\/","title":{"rendered":"Dzieci pobite w ekskluzywnej dzielnicy Berlina. Gang imigrant\u00f3w"},"content":{"rendered":"\n<p>&#13;<br \/>\nBrutalne pobicie trojga dzieci na\u00a0berli\u0144skim placu zabaw trafi\u0142o w\u00a0tym tygodniu na\u00a0pierwsze strony gazet. Mieszka\u0144cy twierdz\u0105, \u017ce\u00a0czynu tego dopu\u015bci\u0142 si\u0119 &#8222;m\u0142odzie\u017cowy gang&#8221; imigrant\u00f3w pochodzenia arabskiego, kt\u00f3ry od\u00a0wielu miesi\u0119cy powoduje problemy w\u00a0Pankow. &#13;\n<\/p>\n<p>&#13;<br \/>\nMieszka\u0144cy opisali grup\u0119, kt\u00f3ra zacz\u0119\u0142a sprawia\u0107 problemy latem tego roku. Grupa sk\u0142adaj\u0105ca si\u0119 z\u00a0od sze\u015bciu do\u00a0o\u015bmiu m\u0142odych os\u00f3b pochodzenia arabskiego grasowa\u0142a w\u00a0Paule Park i\u00a0zachowywa\u0142a si\u0119 agresywnie wobec przypadkowych ludzi. &#13;\n<\/p>\n<p>Berlin. Arabscy imigranci pobili dzieci <\/p>\n<p>&#13;<br \/>\nW sobot\u0119 wieczorem &#8222;m\u0142odzie\u017cowy gang&#8221; zaatakowa\u0142 tr\u00f3jk\u0119 dzieci na\u00a0placu zabaw, w\u00a0rezultacie czego dwie 13-letnie ofiary dozna\u0142y powa\u017cnych obra\u017ce\u0144 cia\u0142a. Z\u00a0ustale\u0144 medi\u00f3w wynika, \u017ce\u00a0pi\u0119ciu m\u0142odych m\u0119\u017cczyzn z\u00a0zaskoczenia. Trzynastolatkowie zostali pobici, a\u00a0jedenastolatek, kt\u00f3remu uda\u0142o si\u0119 uciec, uciek\u0142 i\u00a0wezwa\u0142 pomoc. Kiedy na\u00a0miejsce napa\u015bci przybieg\u0142y dwie doros\u0142e osoby, agresorzy zbiegli. &#13;\n<\/p>\n<p>&#13;<br \/>\n13-latkowie trafili do\u00a0szpitala. Jeden ze\u00a0z\u0142amanym nosem. Druga ofiara mia\u0142a powa\u017cne z\u0142amania twarzy i\u00a0z\u0142aman\u0105 r\u0119k\u0119. Sprawcy ukradli mu telefon kom\u00f3rkowy i\u00a0kart\u0119 debetow\u0105. &#13;\n<\/p>\n<p>&#13;<br \/>\nMieszka\u0144cy uwa\u017caj\u0105, \u017ce\u00a0podejrzani byli Arabami, prawdopodobnie Afga\u0144czykami, jednak policja twierdzi, \u017ce\u00a0nie zidentyfikowa\u0142a sprawc\u00f3w i\u00a0na razie wszyscy pozostaj\u0105 w\u00a0ukryciu. Co\u00a0ciekawe, policja nie\u00a0opublikowa\u0142a r\u00f3wnie\u017c rysopisu podejrzanych. &#13;\n<\/p>\n<p>&#13;<br \/>\nW Niemczech ilo\u015b\u0107 <a href=\"https:\/\/dorzeczy.pl\/swiat\/800016\/imigrant-z-afganistanu-zadzgal-2-letnie-dziecko-nie-trafi-do-wiezienia.html\" rel=\"nofollow noopener\" target=\"_blank\">imigrant\u00f3w \u015bci\u0105gni\u0119tych z\u00a0Afganistanu<\/a> wci\u0105\u017c pozostaje bardzo du\u017ca. Wielu z\u00a0nich skupia si\u0119 w\u00a0du\u017cych o\u015brodkach miejskich. Jak podkre\u015bla Remix News, ataki na\u00a0m\u0142odzie\u017c w\u00a0dzielnicy Pankow ze\u00a0strony imigrant\u00f3w s\u0105 problemem trwaj\u0105cym od\u00a0kilku lat. Portal opisuje liczne przypadki. &#13;\n<\/p>\n<p>&#13;<br \/>\nCzytaj te\u017c:<br \/><a href=\"https:\/\/dorzeczy.pl\/swiat\/793929\/kobiety-codziennie-nekane-w-niemieckiej-szkole-brak-chust.html\" rel=\"follow nofollow noopener\" data-schema=\"DORZECZY\" data-image=\"https:\/\/img.dorzeczy.pl\/_thumb\/48\/b3\/408dec4b330dcce1357fdb61c1c6.jpeg\" target=\"_blank\">Kobiety &#8222;codziennie n\u0119kane&#8221; w\u00a0niemieckiej szkole. Nie\u00a0nosz\u0105 chust<\/a>Czytaj te\u017c:<br \/><a href=\"https:\/\/dorzeczy.pl\/swiat\/807453\/wladze-europejskiego-panstwa-finansuja-masowa-migracje.html\" rel=\"follow nofollow noopener\" data-schema=\"DORZECZY\" data-image=\"https:\/\/img.dorzeczy.pl\/_thumb\/84\/09\/6df997d22ce9c10d922b8038283a.jpeg\" target=\"_blank\">W\u0142adze europejskiego pa\u0144stwa finansuj\u0105 masow\u0105 migracj\u0119. &#8222;Ich pobyt jest legalizowany&#8221;<\/a>Czytaj te\u017c:<br \/><a href=\"https:\/\/dorzeczy.pl\/unia-europejska\/798588\/ke-szantazowala-szefa-frontexu-rola-strazy-granicznej-to-witac-migrantow.html\" rel=\"follow nofollow noopener\" data-schema=\"DORZECZY\" data-image=\"https:\/\/img.dorzeczy.pl\/_thumb\/79\/e2\/20c280968xxfee2418ee55566ec4.jpeg\" target=\"_blank\">KE szanta\u017cowa\u0142a szefa Frontexu. &#8222;Twoim zadaniem jest wita\u0107 migrant\u00f3w&#8221;<\/a>&#13;<\/p>\n","protected":false},"excerpt":{"rendered":"&#13; Brutalne pobicie trojga dzieci na\u00a0berli\u0144skim placu zabaw trafi\u0142o w\u00a0tym tygodniu na\u00a0pierwsze strony gazet. Mieszka\u0144cy twierdz\u0105, \u017ce\u00a0czynu tego&hellip;\n","protected":false},"author":2,"featured_media":109778,"comment_status":"","ping_status":"","sticky":false,"template":"","format":"standard","meta":{"footnotes":""},"categories":[14],"tags":[24227,2762,32,33,98,1264,111,27,9776,34,35,28,31,25,295,103,24229,24228,40,41,80,29,30,26,82,83,84],"class_list":{"0":"post-109777","1":"post","2":"type-post","3":"status-publish","4":"format-standard","5":"has-post-thumbnail","7":"category-swiat","8":"tag-arabscy","9":"tag-berlin","10":"tag-breaking-news","11":"tag-breakingnews","12":"tag-dorzeczy","13":"tag-dzieci","14":"tag-grzegorz-grzymowicz","15":"tag-headlines","16":"tag-imigranci","17":"tag-latest-news","18":"tag-latestnews","19":"tag-naglowki","20":"tag-najwazniejsze-artykuly","21":"tag-news","22":"tag-niemcy","23":"tag-obserwator-mediow","24":"tag-pankow","25":"tag-pobili","26":"tag-polish","27":"tag-polski","28":"tag-swiat","29":"tag-top-stories","30":"tag-topstories","31":"tag-wiadomosci","32":"tag-world","33":"tag-world-news","34":"tag-worldnews"},"share_on_mastodon":{"url":"https:\/\/pubeurope.com\/@pl\/115580759121810554","error":""},"_links":{"self":[{"href":"https:\/\/www.europesays.com\/pl\/wp-json\/wp\/v2\/posts\/109777","targetHints":{"allow":["GET"]}}],"collection":[{"href":"https:\/\/www.europesays.com\/pl\/wp-json\/wp\/v2\/posts"}],"about":[{"href":"https:\/\/www.europesays.com\/pl\/wp-json\/wp\/v2\/types\/post"}],"author":[{"embeddable":true,"href":"https:\/\/www.europesays.com\/pl\/wp-json\/wp\/v2\/users\/2"}],"replies":[{"embeddable":true,"href":"https:\/\/www.europesays.com\/pl\/wp-json\/wp\/v2\/comments?post=109777"}],"version-history":[{"count":0,"href":"https:\/\/www.europesays.com\/pl\/wp-json\/wp\/v2\/posts\/109777\/revisions"}],"wp:featuredmedia":[{"embeddable":true,"href":"https:\/\/www.europesays.com\/pl\/wp-json\/wp\/v2\/media\/109778"}],"wp:attachment":[{"href":"https:\/\/www.europesays.com\/pl\/wp-json\/wp\/v2\/media?parent=109777"}],"wp:term":[{"taxonomy":"category","embeddable":true,"href":"https:\/\/www.europesays.com\/pl\/wp-json\/wp\/v2\/categories?post=109777"},{"taxonomy":"post_tag","embeddable":true,"href":"https:\/\/www.europesays.com\/pl\/wp-json\/wp\/v2\/tags?post=109777"}],"curies":[{"name":"wp","href":"https:\/\/api.w.org\/{rel}","templated":true}]}}