{"id":109791,"date":"2025-11-20T07:17:12","date_gmt":"2025-11-20T07:17:12","guid":{"rendered":"https:\/\/www.europesays.com\/pl\/109791\/"},"modified":"2025-11-20T07:17:12","modified_gmt":"2025-11-20T07:17:12","slug":"popularny-sprzet-w-action-kupisz-za-7495-zl-musze-cie-jednak-ostrzec","status":"publish","type":"post","link":"https:\/\/www.europesays.com\/pl\/109791\/","title":{"rendered":"Popularny sprz\u0119t w Action kupisz za 74,95 z\u0142, musz\u0119 Ci\u0119 jednak ostrzec"},"content":{"rendered":"<p>Porz\u0105dna \u0142adowarka to podstawa w dzisiejszych czasach. Coraz wi\u0119cej sprz\u0119t\u00f3w wspiera wysokie standardy, po co wi\u0119c si\u0119 ogranicza\u0107? Tu do gry wchodzi \u0142adowarka z Action o mocy 100 W, kt\u00f3ra oferuje dwa porty USB-C, z kt\u00f3rych ka\u017cdy ma oferowa\u0107 po 100 W przy pojedynczym pod\u0142\u0105czeniu, oraz port USB-A o mocy do 22,5 W. A to wszystko za 74,95 z\u0142. S\u0119k w tym, \u017ce w moim przypadku to tylko teoria.<\/p>\n<p>    Dalsza cz\u0119\u015b\u0107 tekstu pod wideo<\/p>\n<p>\n                                \u0141adowarka 100 W z Action\n            <\/p>\n<p>Jestem w trakcie test\u00f3w tej \u0142adowarki i ju\u017c teraz mog\u0119 Wam powiedzie\u0107, \u017ce mam z ni\u0105 du\u017cy problem. Nie wiem, czy to wina mojego egzemplarza \u2014 produkt kupi\u0142em sam \u2014 czy te\u017c co\u015b na szersz\u0105 skal\u0119. Ot\u00f3\u017c zgodnie z deklaracj\u0105 wszystkie porty wspieraj\u0105 Power Delivery. Problem w tym, \u017ce tylko ten \u015brodkowy USB-C daje pe\u0142n\u0105 moc. A raczej wi\u0119cej, ni\u017c pe\u0142na deklarowana moc, bo 102 W, co rzecz jasna mie\u015bci si\u0119 w granicy b\u0142\u0119du. USB-A r\u00f3wnie\u017c bez problemu doci\u0105ga deklarowan\u0105 warto\u015b\u0107. Problem zaczyna si\u0119 przy pierwszym USB-C. Port ten oferuje 18 W, zamiast 100 W. I to niezale\u017cnie czy jest jedynym, obci\u0105\u017conym portem, czy te\u017c pozosta\u0142e dwa maj\u0105 maksymalne obci\u0105\u017cenie: mamy tu sztywne 18 W.<\/p>\n<p>        <img loading=\"lazy\" decoding=\"async\" src=\"https:\/\/www.europesays.com\/pl\/wp-content\/uploads\/2025\/11\/1763225233_593_B32963402.414688363;dc_trk_aid=607216972;dc_trk_cid=228291445;ord=[timestamp];dc_lat=;dc_rdid=;tag_f.gif\" attributionsrc=\"\" border=\"0\" height=\"1\" width=\"1\" alt=\"Advertisement\"\/><\/p>\n<p>Tu podkre\u015blam, \u017ce nie jest to recenzja urz\u0105dzenia. Na t\u0119 przyjdzie jeszcze czas. Jest to informacja o promocji i ostrze\u017cenie o tym, \u017ce ten produkt mo\u017ce nie dowie\u015b\u0107, a raczej w moim przypadku nie dowi\u00f3z\u0142. Je\u015bli jednak 1 szybki port USB Ci wystarczy, a nie masz problemu, z tym \u017ce pozosta\u0142e dwa b\u0119d\u0105 wolniejsze, to \u0142adowarka ta wci\u0105\u017c si\u0119 dobrze spisuje i wygl\u0105da do\u015b\u0107 atrakcyjnie jak na 74,95 z\u0142. Pami\u0119taj r\u00f3wnie\u017c, \u017ce to ja mog\u0142em mie\u0107 gigantycznego pecha i wszystkie inne \u0142adowarki tego modelu dzia\u0142aj\u0105 tak, jak dzia\u0142a\u0107 powinny.<\/p>\n","protected":false},"excerpt":{"rendered":"Porz\u0105dna \u0142adowarka to podstawa w dzisiejszych czasach. Coraz wi\u0119cej sprz\u0119t\u00f3w wspiera wysokie standardy, po co wi\u0119c si\u0119 ogranicza\u0107?&hellip;\n","protected":false},"author":2,"featured_media":109792,"comment_status":"","ping_status":"","sticky":false,"template":"","format":"standard","meta":{"footnotes":""},"categories":[20],"tags":[11969,24231,120,118,119,42,38,40,39,41,24230,116,114,115,629,121,117],"class_list":{"0":"post-109791","1":"post","2":"type-post","3":"status-publish","4":"format-standard","5":"has-post-thumbnail","7":"category-nauka-i-technika","8":"tag-ladowarka","9":"tag-ladowarka-100-w-z-action","10":"tag-nauka","11":"tag-nauka-i-technika","12":"tag-naukatechnika","13":"tag-pl","14":"tag-poland","15":"tag-polish","16":"tag-polska","17":"tag-polski","18":"tag-promocja-action","19":"tag-science","20":"tag-science-and-technology","21":"tag-sciencetechnology","22":"tag-sprzet","23":"tag-technika","24":"tag-technology"},"share_on_mastodon":{"url":"https:\/\/pubeurope.com\/@pl\/115580806558348315","error":""},"_links":{"self":[{"href":"https:\/\/www.europesays.com\/pl\/wp-json\/wp\/v2\/posts\/109791","targetHints":{"allow":["GET"]}}],"collection":[{"href":"https:\/\/www.europesays.com\/pl\/wp-json\/wp\/v2\/posts"}],"about":[{"href":"https:\/\/www.europesays.com\/pl\/wp-json\/wp\/v2\/types\/post"}],"author":[{"embeddable":true,"href":"https:\/\/www.europesays.com\/pl\/wp-json\/wp\/v2\/users\/2"}],"replies":[{"embeddable":true,"href":"https:\/\/www.europesays.com\/pl\/wp-json\/wp\/v2\/comments?post=109791"}],"version-history":[{"count":0,"href":"https:\/\/www.europesays.com\/pl\/wp-json\/wp\/v2\/posts\/109791\/revisions"}],"wp:featuredmedia":[{"embeddable":true,"href":"https:\/\/www.europesays.com\/pl\/wp-json\/wp\/v2\/media\/109792"}],"wp:attachment":[{"href":"https:\/\/www.europesays.com\/pl\/wp-json\/wp\/v2\/media?parent=109791"}],"wp:term":[{"taxonomy":"category","embeddable":true,"href":"https:\/\/www.europesays.com\/pl\/wp-json\/wp\/v2\/categories?post=109791"},{"taxonomy":"post_tag","embeddable":true,"href":"https:\/\/www.europesays.com\/pl\/wp-json\/wp\/v2\/tags?post=109791"}],"curies":[{"name":"wp","href":"https:\/\/api.w.org\/{rel}","templated":true}]}}