{"id":109854,"date":"2025-11-20T08:01:14","date_gmt":"2025-11-20T08:01:14","guid":{"rendered":"https:\/\/www.europesays.com\/pl\/109854\/"},"modified":"2025-11-20T08:01:14","modified_gmt":"2025-11-20T08:01:14","slug":"donald-trump-chce-isc-na-wojne-z-niepokornymi-stanami-w-tle-obawy-o-ai","status":"publish","type":"post","link":"https:\/\/www.europesays.com\/pl\/109854\/","title":{"rendered":"Donald Trump chce i\u015b\u0107 na wojn\u0119 z niepokornymi stanami. W tle obawy o AI"},"content":{"rendered":"<p class=\"ods-c-paragraph \">Jak wynika z dokument\u00f3w, do kt\u00f3rych dotar\u0142 &#8222;The Washington Post&#8221;, propozycja pojawi\u0142a si\u0119 po tym, jak Republikanie w Senacie nie zdo\u0142ali uchwali\u0107 w lipcu popieranego przez Bia\u0142y Dom zakazu wszelkich regulacji dotycz\u0105cych sztucznej inteligencji. Inicjatywa upad\u0142a z powodu dwupartyjnych obaw o ochron\u0119 Amerykan\u00f3w przed potencjalnymi szkodami zwi\u0105zanymi z AI.<\/p>\n<p>Dalszy ci\u0105g artyku\u0142u pod materia\u0142em wideo<\/p>\n<p> Jakie rozporz\u0105dzenie planuje Donald Trump? <\/p>\n<p> Dlaczego Republikanie w Senacie nie uchwalili zakazu regulacji AI? <\/p>\n<p> Jakie obawy zwi\u0105zane z AI dotycz\u0105 Amerykan\u00f3w? <\/p>\n<p> Co s\u0105dz\u0105 eksperci prawni o proponowanym rozporz\u0105dzeniu? <\/p>\n<p class=\"ods-c-paragraph \">Rozporz\u0105dzenie mia\u0142oby zakwestionowa\u0107 stanowe przepisy, poniewa\u017c zak\u0142\u00f3caj\u0105 one handel mi\u0119dzystanowy. Eksperci prawni kwestionuj\u0105 zgodno\u015b\u0107 tego projektu z konstytucj\u0105.<\/p>\n<p class=\"ods-c-paragraph \">\u2014 To kwestia le\u017c\u0105ca w gestii Kongresu, kt\u00f3r\u0105 rozpatrywa\u0142 i odrzuci\u0142, i powinien nadal odrzuca\u0107. Ta propozycja jest szokuj\u0105ca ze wzgl\u0119du na lekcewa\u017cenie demokratycznych proces\u00f3w w\u0142adz stanowych w ich dzia\u0142aniach na rzecz rozwi\u0105zania rzeczywistych i udokumentowanych szk\u00f3d wynikaj\u0105cych ze stosowania narz\u0119dzi sztucznej inteligencji \u2014 o\u015bwiadczy\u0142 Travis Hall z Centrum Demokracji i Technologii, waszyngto\u0144skiej organizacji zajmuj\u0105cej si\u0119 ochron\u0105 praw obywatelskich w erze cyfrowej.<\/p>\n<p class=\"ods-c-paragraph \">Rozporz\u0105dzenie powo\u0142a\u0142oby federaln\u0105 grup\u0119 zadaniow\u0105, kt\u00f3ra dokona\u0142aby przegl\u0105du obowi\u0105zuj\u0105cych stanowych przepis\u00f3w dotycz\u0105cych sztucznej inteligencji i oceni\u0142a, czy naruszaj\u0105 one wolno\u015b\u0107 s\u0142owa, a sekretarz handlu by\u0142by uprawniony do wstrzymania federalnego finansowania szerokopasmowego dla stan\u00f3w, w kt\u00f3rych obowi\u0105zuj\u0105 takie regulacje.<\/p>\n<p class=\"ods-c-paragraph \">Obawy zwi\u0105zane z AI staj\u0105 si\u0119 wa\u017cnymi tematami politycznymi w r\u00f3\u017cnych partiach. Pojawiaj\u0105 si\u0119 obawy o utrat\u0119 pracy, potencjalne szkody dla dzieci i rosn\u0105ce koszty energii elektrycznej z centr\u00f3w danych.<\/p>\n<p>Amerykanie boj\u0105 si\u0119 sztucznej inteligencji. Donald Trump nieprzejednany<\/p>\n<p class=\"ods-c-paragraph \">Badanie Pew Research Center z czerwca wykaza\u0142o, \u017ce 50 proc. Amerykan\u00f3w jest bardziej zaniepokojonych ni\u017c podekscytowanych rosn\u0105cym wykorzystaniem sztucznej inteligencji w \u017cyciu codziennym.<\/p>\n<p class=\"ods-c-paragraph \">Trump wci\u0105\u017c jednak naciska na federalne standardy dotycz\u0105ce sztucznej inteligencji.<\/p>\n<p class=\"ods-c-paragraph \">&#8222;MUSIMY mie\u0107 jeden standard federalny zamiast mozaiki 50 stanowych system\u00f3w regulacyjnych. Je\u015bli tego nie zrobimy, Chiny z \u0142atwo\u015bci\u0105 nas dogoni\u0105 w wy\u015bcigu o sztuczn\u0105 inteligencj\u0119&#8221; \u2014 pisa\u0142 prezydent na platformie Truth Social.<\/p>\n<p class=\"ods-c-paragraph \">Niekt\u00f3rzy republika\u0144scy gubernatorzy, w tym Ron DeSantis z Florydy i Spencer Cox z Utah, sprzeciwiaj\u0105 si\u0119 federalnym dzia\u0142aniom wyprzedzaj\u0105cym.<\/p>\n<p class=\"ods-c-paragraph \">&#8222;Przemycenie tego do ustawy o obronno\u015bci to obraza dla wyborc\u00f3w&#8221; \u2014 oceni\u0142 DeSantis na platformie X.<\/p>\n","protected":false},"excerpt":{"rendered":"Jak wynika z dokument\u00f3w, do kt\u00f3rych dotar\u0142 &#8222;The Washington Post&#8221;, propozycja pojawi\u0142a si\u0119 po tym, jak Republikanie w&hellip;\n","protected":false},"author":2,"featured_media":109855,"comment_status":"","ping_status":"","sticky":false,"template":"","format":"standard","meta":{"footnotes":""},"categories":[14],"tags":[32,33,44,27,34,35,28,31,48,25,46,40,41,47,80,10441,29,30,71,26,82,83,84],"class_list":{"0":"post-109854","1":"post","2":"type-post","3":"status-publish","4":"format-standard","5":"has-post-thumbnail","7":"category-swiat","8":"tag-breaking-news","9":"tag-breakingnews","10":"tag-donald_trump","11":"tag-headlines","12":"tag-latest-news","13":"tag-latestnews","14":"tag-naglowki","15":"tag-najwazniejsze-artykuly","16":"tag-nat_styl","17":"tag-news","18":"tag-omp","19":"tag-polish","20":"tag-polski","21":"tag-screening_general","22":"tag-swiat","23":"tag-sztuczna_inteligencja","24":"tag-top-stories","25":"tag-topstories","26":"tag-usa","27":"tag-wiadomosci","28":"tag-world","29":"tag-world-news","30":"tag-worldnews"},"share_on_mastodon":{"url":"https:\/\/pubeurope.com\/@pl\/115580979309656849","error":""},"_links":{"self":[{"href":"https:\/\/www.europesays.com\/pl\/wp-json\/wp\/v2\/posts\/109854","targetHints":{"allow":["GET"]}}],"collection":[{"href":"https:\/\/www.europesays.com\/pl\/wp-json\/wp\/v2\/posts"}],"about":[{"href":"https:\/\/www.europesays.com\/pl\/wp-json\/wp\/v2\/types\/post"}],"author":[{"embeddable":true,"href":"https:\/\/www.europesays.com\/pl\/wp-json\/wp\/v2\/users\/2"}],"replies":[{"embeddable":true,"href":"https:\/\/www.europesays.com\/pl\/wp-json\/wp\/v2\/comments?post=109854"}],"version-history":[{"count":0,"href":"https:\/\/www.europesays.com\/pl\/wp-json\/wp\/v2\/posts\/109854\/revisions"}],"wp:featuredmedia":[{"embeddable":true,"href":"https:\/\/www.europesays.com\/pl\/wp-json\/wp\/v2\/media\/109855"}],"wp:attachment":[{"href":"https:\/\/www.europesays.com\/pl\/wp-json\/wp\/v2\/media?parent=109854"}],"wp:term":[{"taxonomy":"category","embeddable":true,"href":"https:\/\/www.europesays.com\/pl\/wp-json\/wp\/v2\/categories?post=109854"},{"taxonomy":"post_tag","embeddable":true,"href":"https:\/\/www.europesays.com\/pl\/wp-json\/wp\/v2\/tags?post=109854"}],"curies":[{"name":"wp","href":"https:\/\/api.w.org\/{rel}","templated":true}]}}