{"id":110006,"date":"2025-11-20T09:41:13","date_gmt":"2025-11-20T09:41:13","guid":{"rendered":"https:\/\/www.europesays.com\/pl\/110006\/"},"modified":"2025-11-20T09:41:13","modified_gmt":"2025-11-20T09:41:13","slug":"przemyslaw-babiarz-stracil-ukochana-zone-zmienila-jego-zycie-2","status":"publish","type":"post","link":"https:\/\/www.europesays.com\/pl\/110006\/","title":{"rendered":"Przemys\u0142aw Babiarz straci\u0142 ukochan\u0105 \u017con\u0119. Zmieni\u0142a jego \u017cycie"},"content":{"rendered":"<p class=\"ods-c-paragraph \">Zanim Przemys\u0142aw Babiarz rozpocz\u0105\u0142 karier\u0119 w telewizji, mieszka\u0142 w Gda\u0144sku, gdzie pracowa\u0142 w Teatrze Wybrze\u017ce. Z wykszta\u0142cenia jest bowiem aktorem. W tamtym czasie prowadzi\u0142 pouk\u0142adane \u017cycie rodzinne z \u017con\u0105 i synem. Jednak rozpad ma\u0142\u017ce\u0144stwa zmusi\u0142 go do szukania nowej drogi. W rozmowie z &#8222;Rewi\u0105&#8221; przyzna\u0142, \u017ce decyzja o rozstaniu nie by\u0142a jego wyborem.<\/p>\n<p>Dalszy ci\u0105g artyku\u0142u pod materia\u0142em wideo<\/p>\n<p> Kiedy mia\u0142y miejsce uroczysto\u015bci pogrzebowe Marzeny? <\/p>\n<p> Gdzie odby\u0142 si\u0119 \u015blub Przemys\u0142awa Babiarza i Marzeny? <\/p>\n<p> Ile lat Przemys\u0142aw Babiarz by\u0142 zwi\u0105zany z Marzen\u0105? <\/p>\n<p> Jakie do\u015bwiadczenie pomog\u0142o Przemys\u0142awowi Babiarzowi w karierze sportowej? <\/p>\n<p class=\"ods-c-paragraph \">Po rozwodzie zdecydowa\u0142 si\u0119 spr\u00f3bowa\u0107 swoich si\u0142 jako komentator sportowy. Zg\u0142osi\u0142 si\u0119 na casting w telewizyjnej redakcji sportowej, co otworzy\u0142o przed nim nowe mo\u017cliwo\u015bci. W 1992 r. zadebiutowa\u0142 jako prowadz\u0105cy studio olimpijskie podczas igrzysk w Barcelonie. W rozmowie z &#8222;Super Expressem&#8221; podkre\u015bla\u0142, \u017ce do\u015bwiadczenie aktorskie, obycie z mikrofonem i brak tremy przed kamer\u0105 pomog\u0142y mu w nowej roli. Nied\u0142ugo p\u00f3\u017aniej zacz\u0105\u0142 prowadzi\u0107 program &#8222;Sportowa sobota&#8221; i zosta\u0142 zatrudniony na sta\u0142e.<\/p>\n<p>    Mi\u0142o\u015b\u0107 na targach spo\u017cywczych<\/p>\n<p class=\"ods-c-paragraph \">W trakcie rozwijania kariery zawodowej Babiarz pozna\u0142 drug\u0105 \u017con\u0119 Marzen\u0119. Spotkali si\u0119 na targach spo\u017cywczych, gdzie prowadzi\u0142 konferansjerk\u0119.<\/p>\n<blockquote class=\"ods-o-quota\">\n<p class=\"ods-o-quota__paragraph\">Jej stoisko znajdowa\u0142o si\u0119 niedaleko mojego. I tak to si\u0119 zacz\u0119\u0142o. \u015alub wzi\u0119li\u015bmy po roku znajomo\u015bci<\/p>\n<\/blockquote>\n<p class=\"ods-c-paragraph \">\u2014 wspomina\u0142 w jednym z wywiad\u00f3w.<\/p>\n<p>&#8222;Kobieta na ca\u0142e \u017cycie&#8221;<\/p>\n<p class=\"ods-c-paragraph \">Babiarzowie stworzyli szcz\u0119\u015bliw\u0105 rodzin\u0119. Doczekali si\u0119 c\u00f3rki Luizy. \u2014 Ma\u0142\u017conkowie mog\u0105 mie\u0107 r\u00f3\u017cne charaktery, typy osobowo\u015bci, zainteresowania, temperamenty, ale to mo\u017cna pogodzi\u0107, je\u015bli jest wsp\u00f3lna p\u0142aszczyzna warto\u015bci. Ja i moja \u017cona nie tylko bardzo si\u0119 kochamy, ale mamy tak\u017ce ten sam system warto\u015bci \u2014 stwierdzi\u0142 na \u0142amach gazety &#8222;Ludzie i wiara&#8221;.<\/p>\n<p class=\"ods-c-paragraph \">W innym wywiadzie zapewnia\u0142, \u017ce Marzena by\u0142a kobiet\u0105 na ca\u0142e \u017cycie. \u2014 Gdyby jej kiedy\u015b zabrak\u0142o, nie szuka\u0142bym \u017cadnej innej. Wierz\u0119 zreszt\u0105, \u017ce i po tamtej stronie b\u0119dzie nam dane by\u0107 nadal razem \u2014 zwierza\u0142 si\u0119.<\/p>\n<p class=\"ods-c-paragraph \">Jak dowiadujemy si\u0119 z nekrologu przes\u0142anego Onetowi przez Dom Pogrzebowy Hades, Babiarz zmar\u0142a 15 listopada w Warszawie. Uroczysto\u015bci pogrzebowe odb\u0119d\u0105 si\u0119 22 listopada w Przemy\u015blu. \u017bona komentatora zostanie pochowana na Cmentarzu G\u0142\u00f3wnym.<\/p>\n<p> Galeria zdj\u0119\u0107    Przemys\u0142aw Babiarz z \u017con\u0105 Marzen\u0105    <img src=\"https:\/\/www.europesays.com\/pl\/wp-content\/uploads\/2025\/11\/3z7k9lBaHR0cHM6Ly9vY2RuLmV1L3B1bHNjbXMvTURBXy80NjAyZjg2MDFhMWEwZGQ3YjUwNjZkMmEyN2I3MmViNi5qcGeRlQLNB.jpeg\" height=\"637\" width=\"940\" alt=\"Przemys\u0142aw Babiarz z \u017con\u0105 Marzen\u0105\" loading=\"lazy\" decoding=\"async\" class=\"ods-c-image__img ods-c-image__img--placeholder\"\/>     1\/4   <\/p>\n<p>Niemiec \/ AKPA<\/p>\n<p>        Przemys\u0142aw Babiarz z \u017con\u0105 Marzen\u0105    <img src=\"https:\/\/www.europesays.com\/pl\/wp-content\/uploads\/2025\/11\/HSIk9lBaHR0cHM6Ly9vY2RuLmV1L3B1bHNjbXMvTURBXy8zNzMzZWZkZjYxYWYwNzUwNzRmNjBjNmFmNmY2MGE5OS5qcGeRlQLNA.jpeg\" height=\"529\" width=\"940\" alt=\"Przemys\u0142aw Babiarz z \u017con\u0105 Marzen\u0105\" loading=\"lazy\" decoding=\"async\" class=\"ods-c-image__img ods-c-image__img--placeholder\"\/>     2\/4   <\/p>\n<p>Pawel Kibitlewski\/REPORTER \/ East News<\/p>\n<p>           Przemys\u0142aw Babiarz z \u017con\u0105 Marzen\u0105    <img src=\"https:\/\/www.europesays.com\/pl\/wp-content\/uploads\/2025\/11\/TI8k9lBaHR0cHM6Ly9vY2RuLmV1L3B1bHNjbXMvTURBXy83ZjA0ZTg1ODA5N2VkODZhNzg0NjYwODVjZDc5ZGM1ZC5qcGeRlQLNB.jpeg\" height=\"666\" width=\"940\" alt=\"Przemys\u0142aw Babiarz z \u017con\u0105 Marzen\u0105\" loading=\"lazy\" decoding=\"async\" class=\"ods-c-image__img ods-c-image__img--placeholder\"\/>     3\/4   <\/p>\n<p>Pawel Kibitlewski\/REPORTER \/ East News<\/p>\n<p>        Przemys\u0142aw Babiarz z \u017con\u0105 Marzen\u0105    <img src=\"https:\/\/www.europesays.com\/pl\/wp-content\/uploads\/2025\/11\/N4hk9lBaHR0cHM6Ly9vY2RuLmV1L3B1bHNjbXMvTURBXy9jYzFiZGEyNTA4NWRmYmMwNGI4ODQ3ZTlhOGQ3ODg1ZC5qcGeRlQLNA.jpeg\" height=\"529\" width=\"940\" alt=\"Przemys\u0142aw Babiarz z \u017con\u0105 Marzen\u0105\" loading=\"lazy\" decoding=\"async\" class=\"ods-c-image__img ods-c-image__img--placeholder\"\/>     4\/4   <\/p>\n<p>Leszek Szyma\u0144ski \/ PAP<\/p>\n","protected":false},"excerpt":{"rendered":"Zanim Przemys\u0142aw Babiarz rozpocz\u0105\u0142 karier\u0119 w telewizji, mieszka\u0142 w Gda\u0144sku, gdzie pracowa\u0142 w Teatrze Wybrze\u017ce. Z wykszta\u0142cenia jest&hellip;\n","protected":false},"author":2,"featured_media":110007,"comment_status":"","ping_status":"","sticky":false,"template":"","format":"standard","meta":{"footnotes":""},"categories":[12],"tags":[32,33,36,37,27,34,35,555,28,31,48,25,46,42,38,40,39,41,20103,47,29,30,26,2665],"class_list":{"0":"post-110006","1":"post","2":"type-post","3":"status-publish","4":"format-standard","5":"has-post-thumbnail","7":"category-polska","8":"tag-breaking-news","9":"tag-breakingnews","10":"tag-featured-news","11":"tag-featurednews","12":"tag-headlines","13":"tag-latest-news","14":"tag-latestnews","15":"tag-malzenstwo","16":"tag-naglowki","17":"tag-najwazniejsze-artykuly","18":"tag-nat_styl","19":"tag-news","20":"tag-omp","21":"tag-pl","22":"tag-poland","23":"tag-polish","24":"tag-polska","25":"tag-polski","26":"tag-przemyslaw_babiarz","27":"tag-screening_general","28":"tag-top-stories","29":"tag-topstories","30":"tag-wiadomosci","31":"tag-wiara"},"share_on_mastodon":{"url":"https:\/\/pubeurope.com\/@pl\/115581372788834908","error":""},"_links":{"self":[{"href":"https:\/\/www.europesays.com\/pl\/wp-json\/wp\/v2\/posts\/110006","targetHints":{"allow":["GET"]}}],"collection":[{"href":"https:\/\/www.europesays.com\/pl\/wp-json\/wp\/v2\/posts"}],"about":[{"href":"https:\/\/www.europesays.com\/pl\/wp-json\/wp\/v2\/types\/post"}],"author":[{"embeddable":true,"href":"https:\/\/www.europesays.com\/pl\/wp-json\/wp\/v2\/users\/2"}],"replies":[{"embeddable":true,"href":"https:\/\/www.europesays.com\/pl\/wp-json\/wp\/v2\/comments?post=110006"}],"version-history":[{"count":0,"href":"https:\/\/www.europesays.com\/pl\/wp-json\/wp\/v2\/posts\/110006\/revisions"}],"wp:featuredmedia":[{"embeddable":true,"href":"https:\/\/www.europesays.com\/pl\/wp-json\/wp\/v2\/media\/110007"}],"wp:attachment":[{"href":"https:\/\/www.europesays.com\/pl\/wp-json\/wp\/v2\/media?parent=110006"}],"wp:term":[{"taxonomy":"category","embeddable":true,"href":"https:\/\/www.europesays.com\/pl\/wp-json\/wp\/v2\/categories?post=110006"},{"taxonomy":"post_tag","embeddable":true,"href":"https:\/\/www.europesays.com\/pl\/wp-json\/wp\/v2\/tags?post=110006"}],"curies":[{"name":"wp","href":"https:\/\/api.w.org\/{rel}","templated":true}]}}