{"id":110046,"date":"2025-11-20T10:03:13","date_gmt":"2025-11-20T10:03:13","guid":{"rendered":"https:\/\/www.europesays.com\/pl\/110046\/"},"modified":"2025-11-20T10:03:13","modified_gmt":"2025-11-20T10:03:13","slug":"30-mezczyzn-oskarzylo-go-o-napasc-kevin-spacey-wlasnie-wyznal-jestem-bezdomny-2","status":"publish","type":"post","link":"https:\/\/www.europesays.com\/pl\/110046\/","title":{"rendered":"30 m\u0119\u017cczyzn oskar\u017cy\u0142o go o napa\u015b\u0107. Kevin Spacey w\u0142a\u015bnie wyzna\u0142: jestem bezdomny"},"content":{"rendered":"<p class=\"ods-c-paragraph \">Aktor wyja\u015bni\u0142, \u017ce jego sytuacja finansowa nie jest najlepsza, cho\u0107 nie dosz\u0142o do ca\u0142kowitego bankructwa. Kevin Spacey zaznaczy\u0142, \u017ce koszty zwi\u0105zane z procesami s\u0105dowymi i innymi konsekwencjami skandalu by\u0142y ogromne. Przyzna\u0142, \u017ce przez ostatnie siedem lat mia\u0142 bardzo ograniczone dochody, podczas gdy wydatki by\u0142y &#8222;astronomiczne&#8221;.<\/p>\n<blockquote class=\"ods-o-quota\">\n<p class=\"ods-o-quota__paragraph\">Dos\u0142ownie nie mam domu. To chc\u0119 podkre\u015bli\u0107. Mieszkam gdzie popadnie<\/p>\n<\/blockquote>\n<p class=\"ods-c-paragraph \">\u2014 wyzna\u0142.<\/p>\n<p class=\"ods-c-paragraph \">W rozmowie z &#8222;The Telegraph&#8221; aktor powiedzia\u0142, \u017ce jego \u017cycie zawodowe wr\u00f3ci\u0142o do punktu, w kt\u00f3rym zaczyna\u0142 swoj\u0105 karier\u0119, czyli do podejmowania pracy tam, gdzie jest dost\u0119pna. Wszystkie jego rzeczy znajduj\u0105 si\u0119 obecnie w magazynie, a Spacey wyra\u017ca nadziej\u0119, \u017ce w przysz\u0142o\u015bci b\u0119dzie m\u00f3g\u0142 zdecydowa\u0107, gdzie chce si\u0119 na sta\u0142e osiedli\u0107.<\/p>\n<p>Dalszy ci\u0105g artyku\u0142u pod materia\u0142em wideo<\/p>\n<p> Dlaczego Kevin Spacey jest bezdomny? <\/p>\n<p> Ile os\u00f3b oskar\u017cy\u0142o Kevina Spacey&#8217;a o napa\u015b\u0107? <\/p>\n<p> Jakie by\u0142y zarzuty przeciwko Spacey&#8217;owi? <\/p>\n<p> Czy Kevin Spacey zosta\u0142 uniewinniony? <\/p>\n<p>  Skandal, procesy i uniewinnienie<\/p>\n<p class=\"ods-c-paragraph \">Kevin Spacey zosta\u0142 oskar\u017cony o napa\u015b\u0107 seksualn\u0105 przez ponad 30 m\u0119\u017cczyzn, w tym aktora Anthony&#8217;ego Rappa, a sprawy zacz\u0119\u0142y wychodzi\u0107 na jaw w 2017 r. Zarzuty doprowadzi\u0142y do usuni\u0119cia Spacey&#8217;ego z obsady popularnego serialu Netflixa &#8222;House of Cards&#8221;, gdzie by\u0142 jedn\u0105 z g\u0142\u00f3wnych postaci. Serial zako\u0144czy\u0142 si\u0119 w 2018 r., a jego miejsce zaj\u0119\u0142a Robin Wright.<\/p>\n<p class=\"ods-c-paragraph \">W lipcu 2023 r. aktor zosta\u0142 uniewinniony przez brytyjski s\u0105d z zarzut\u00f3w napa\u015bci na czterech m\u0119\u017cczyzn. Wcze\u015bniej, w 2022 r., s\u0105d w Nowym Jorku r\u00f3wnie\u017c uzna\u0142 go za niewinnego w podobnej sprawie. Spacey stanowczo zaprzeczy\u0142 wszystkim oskar\u017ceniom, podkre\u015blaj\u0105c, \u017ce nigdy nie dopu\u015bci\u0142 si\u0119 \u017cadnych wykrocze\u0144.<\/p>\n<p><img decoding=\"async\" src=\"https:\/\/www.europesays.com\/pl\/wp-content\/uploads\/2025\/11\/iSZk9lBaHR0cHM6Ly9vY2RuLmV1L3B1bHNjbXMvTURBXy8xMTYzYmFhN2FhYjRiNDIzZWQxODBiYWNlMmQzMGRkMi5qcGeRlQLNA.jpeg\" height=\"529\" width=\"940\" alt=\"Kevin Spacey\" loading=\"lazy\" class=\"ods-c-image__img ods-c-image__img--vertical\"\/><\/p>\n<p>Kevin SpaceyFeatureflash Photo Agency \/ Shutterstock<\/p>\n<p class=\"ods-c-paragraph \">Kevin Spacey, mimo trudno\u015bci, stara si\u0119 odbudowa\u0107 swoj\u0105 pozycj\u0119 w bran\u017cy filmowej. W maju 2024 r., podczas premiery filmu dokumentalnego &#8222;Spacey Unmasked&#8221;, aktor ponownie zaprzeczy\u0142 zarzutom, kt\u00f3re by\u0142y wobec niego kierowane. Stwierdzi\u0142, \u017ce nie mo\u017ce pozwoli\u0107 sobie na &#8222;bezpodstawne ataki&#8221; i podkre\u015bli\u0142, \u017ce bierze odpowiedzialno\u015b\u0107 za swoje przesz\u0142e zachowanie, ale nie zamierza przeprasza\u0107 za zarzuty, kt\u00f3re uwa\u017ca za nieprawdziwe.<\/p>\n<p class=\"ods-c-paragraph \">Spacey w maju tego roku odebra\u0142 nagrod\u0119 za ca\u0142okszta\u0142t tw\u00f3rczo\u015bci podczas wydarzenia w Cannes. Podczas ceremonii przyzna\u0142, \u017ce ostatnie lata by\u0142y dla niego niezwykle trudne, jednak nadal d\u0105\u017cy do odbudowy swojej kariery i \u017cycia prywatnego.<\/p>\n<p><img decoding=\"async\" src=\"https:\/\/www.europesays.com\/pl\/wp-content\/uploads\/2025\/11\/Sw2k9lBaHR0cHM6Ly9vY2RuLmV1L3B1bHNjbXMvTURBXy8yYTYyZTIyZGY0OWFmYTg2ZmIwMDA0YWM3NWQwMzU0ZS5qcGeRlQLNB.jpeg\" height=\"627\" width=\"940\" alt=\"Kevin Spacey (2023 r.)\" loading=\"lazy\" class=\"ods-c-image__img ods-c-image__img--viewport-width\"\/><\/p>\n<p>Kevin Spacey (2023 r.)Zeynep Demir Aslim \/ Shutterstock<\/p>\n<p class=\"ods-c-paragraph \">Dzi\u0119kujemy, \u017ce przeczyta\u0142a\u015b\/e\u015b nasz artyku\u0142 do ko\u0144ca. W serwisie Plejada.pl ka\u017cdego dnia piszemy o najwa\u017cniejszych wydarzeniach show-biznesowych. B\u0105d\u017a na bie\u017c\u0105co! <a rel=\"nofollow noopener\" href=\"https:\/\/profile.google.com\/cp\/Cg0vZy8xMWJ6X19wdHBx\" id=\"8e1c0772-bbb5-4ce7-8f75-f3d6ac1b8446\" target=\"_blank\">Obserwuj<\/a> Plejad\u0119 w Google. Odwied\u017a nas tak\u017ce na <a rel=\"nofollow noopener\" href=\"https:\/\/www.facebook.com\/plejadapl\" id=\"12b3a106-7115-4917-b340-a9b6a5efe71b\" target=\"_blank\">Facebooku<\/a>, <a rel=\"nofollow noopener\" href=\"https:\/\/www.instagram.com\/plejadapl\/\" id=\"5f61f225-3402-43e2-8157-0e06aa6b6b0c\" target=\"_blank\">Instagramie<\/a>, <a rel=\"nofollow noopener\" href=\"https:\/\/www.youtube.com\/c\/plejada\" id=\"1880fb3a-4612-4e7f-8aa6-c7aa4f94b58f\" target=\"_blank\">YouTubie<\/a> oraz <a rel=\"nofollow noopener\" href=\"https:\/\/www.tiktok.com\/@plejada_pl\" id=\"eda422ba-3336-4659-b219-6ce1f3626666\" target=\"_blank\">TikToku<\/a>.<\/p>\n<p class=\"ods-c-paragraph \">Chcesz podzieli\u0107 si\u0119 ciekawym newsem lub zaproponowa\u0107 temat? Skontaktuj si\u0119 z nami, pisz\u0105c maila na adres: <a rel=\"nofollow noopener\" href=\"https:\/\/plejada.pl\/newsy\/30-mezczyzn-oskarzylo-go-o-napasc-kevin-spacey-wlasnie-wyznal-jestem-bezdomny\/mailto:plejada@redakcjaonet.pl\" id=\"af3e47ae-d6c5-421a-be9a-cf2f1cb1f0e9\" target=\"_blank\">plejada@redakcjaon<\/a><a href=\"https:\/\/et.pl\" id=\"eabcda75-0d9d-4261-8ca9-7e772fe03f14\" rel=\"nofollow noopener\" target=\"_blank\">et.pl<\/a>.<\/p>\n<p><script async src=\"\/\/www.instagram.com\/embed.js\"><\/script><script async src=\"\/\/www.tiktok.com\/embed.js\"><\/script><\/p>\n","protected":false},"excerpt":{"rendered":"Aktor wyja\u015bni\u0142, \u017ce jego sytuacja finansowa nie jest najlepsza, cho\u0107 nie dosz\u0142o do ca\u0142kowitego bankructwa. Kevin Spacey zaznaczy\u0142,&hellip;\n","protected":false},"author":2,"featured_media":110047,"comment_status":"","ping_status":"","sticky":false,"template":"","format":"standard","meta":{"footnotes":""},"categories":[5],"tags":[32,33,36,37,27,24244,34,35,28,31,48,25,125,46,42,38,40,39,41,47,29,30,26],"class_list":{"0":"post-110046","1":"post","2":"type-post","3":"status-publish","4":"format-standard","5":"has-post-thumbnail","7":"category-naglowki","8":"tag-breaking-news","9":"tag-breakingnews","10":"tag-featured-news","11":"tag-featurednews","12":"tag-headlines","13":"tag-kevin_spacey","14":"tag-latest-news","15":"tag-latestnews","16":"tag-naglowki","17":"tag-najwazniejsze-artykuly","18":"tag-nat_styl","19":"tag-news","20":"tag-newsy","21":"tag-omp","22":"tag-pl","23":"tag-poland","24":"tag-polish","25":"tag-polska","26":"tag-polski","27":"tag-screening_general","28":"tag-top-stories","29":"tag-topstories","30":"tag-wiadomosci"},"share_on_mastodon":{"url":"https:\/\/pubeurope.com\/@pl\/115581459295518880","error":""},"_links":{"self":[{"href":"https:\/\/www.europesays.com\/pl\/wp-json\/wp\/v2\/posts\/110046","targetHints":{"allow":["GET"]}}],"collection":[{"href":"https:\/\/www.europesays.com\/pl\/wp-json\/wp\/v2\/posts"}],"about":[{"href":"https:\/\/www.europesays.com\/pl\/wp-json\/wp\/v2\/types\/post"}],"author":[{"embeddable":true,"href":"https:\/\/www.europesays.com\/pl\/wp-json\/wp\/v2\/users\/2"}],"replies":[{"embeddable":true,"href":"https:\/\/www.europesays.com\/pl\/wp-json\/wp\/v2\/comments?post=110046"}],"version-history":[{"count":0,"href":"https:\/\/www.europesays.com\/pl\/wp-json\/wp\/v2\/posts\/110046\/revisions"}],"wp:featuredmedia":[{"embeddable":true,"href":"https:\/\/www.europesays.com\/pl\/wp-json\/wp\/v2\/media\/110047"}],"wp:attachment":[{"href":"https:\/\/www.europesays.com\/pl\/wp-json\/wp\/v2\/media?parent=110046"}],"wp:term":[{"taxonomy":"category","embeddable":true,"href":"https:\/\/www.europesays.com\/pl\/wp-json\/wp\/v2\/categories?post=110046"},{"taxonomy":"post_tag","embeddable":true,"href":"https:\/\/www.europesays.com\/pl\/wp-json\/wp\/v2\/tags?post=110046"}],"curies":[{"name":"wp","href":"https:\/\/api.w.org\/{rel}","templated":true}]}}