{"id":110075,"date":"2025-11-20T10:19:09","date_gmt":"2025-11-20T10:19:09","guid":{"rendered":"https:\/\/www.europesays.com\/pl\/110075\/"},"modified":"2025-11-20T10:19:09","modified_gmt":"2025-11-20T10:19:09","slug":"magdalena-boczarska-yje-w-rzymskim-ma%c2%b3enstwie-ma-jasne-zdanie-o-%c2%b6lubie","status":"publish","type":"post","link":"https:\/\/www.europesays.com\/pl\/110075\/","title":{"rendered":"Magdalena Boczarska \u00bfyje w 'rzymskim ma\u00b3\u00bfe\u00f1stwie&#8217;. Ma jasne zdanie o \u00b6lubie"},"content":{"rendered":"<p class=\"art_paragraph\"><a href=\"https:\/\/www.plotek.pl\/magdalena-boczarska\" class=\"art_link\" rel=\"dofollow noopener\" target=\"_blank\">Magdalena Boczarska<\/a> i <a href=\"https:\/\/www.plotek.pl\/mateusz-banasiuk\" class=\"art_link\" rel=\"dofollow noopener\" target=\"_blank\">Mateusz Banasiuk<\/a> zwi\u0105zali si\u0119 w 2014 roku. <a href=\"https:\/\/www.plotek.pl\/ich-troje#anchorLink\" rel=\"nofollow noopener\" target=\"_blank\">Trzy<\/a> lata p\u00f3\u017aniej aktorska para powita\u0142a na \u015bwiecie syna <a href=\"https:\/\/www.plotek.pl\/plotek\/7,190751,32283578,wybuchla-afera-po-spotkaniu-harry-ego-z-ojcem-przedstawiciele.html#anchorLink\" rel=\"nofollow noopener\" target=\"_blank\">Henryka<\/a>. Cho\u0107 obydwoje s\u0105 aktywni w mediach spo\u0142eczno\u015bciowych, zar\u00f3wno Boczarska, jak i Banasiuk, na co dzie\u0144 raczej stroni\u0105 od pokazywania prywatnej sfery \u017cycia.\u00a0Aktorka opowiedzia\u0142a nieco o ich relacji w odcinku podcastu Anny Nowak-Ibisz &#8222;Porozmawiajmy przy herbacie&#8221;, kt\u00f3ry ukaza\u0142 si\u0119 19 listopada.<\/p>\n<p> Magdalena Boczarska otwarcie o relacji z Mateuszem Banasiukiem. Dlatego nie chc\u0105 \u015blubu<\/p>\n<p class=\"art_paragraph\"><a href=\"https:\/\/www.plotek.pl\/magdalena-boczarska#anchorLink\" rel=\"nofollow noopener\" target=\"_blank\">Magdalena Boczarska<\/a> i Mateusz Banasiuk, mimo \u017ce od lat \u017cyj\u0105 razem, nie zdecydowali si\u0119 na \u015blub. Relacja, kt\u00f3r\u0105 tworz\u0105, nazywa si\u0119 potocznie &#8222;rzymskim ma\u0142\u017ce\u0144stwem&#8221;. W odcinku podcastu wspomnia\u0142a o tym Anna Nowak-Ibisz. &#8211;\u00a0Jest takie poj\u0119cie &#8222;rzymskie ma\u0142\u017ce\u0144stwo&#8221;, kt\u00f3re bierze si\u0119 z tego, \u017ce w Rzymie sam fakt, \u017ce ludzie decyduj\u0105 si\u0119 na to, \u017ce chc\u0105 ze sob\u0105 by\u0107, wystarcza\u0142. Nie potrzebny by\u0142 im \u017caden papier &#8211; powiedzia\u0142a prowadz\u0105ca. Boczarska w odpowiedzi przyzna\u0142a, \u017ce dla niej i jej partnera najwa\u017cniejsze by\u0142y narodziny syna, kt\u00f3re scali\u0142y ich zwi\u0105zek. Wyjawi\u0142a jednak, \u017ce postanowili zabezpieczy\u0107 si\u0119 od strony prawnej.\u00a0&#8211; W pandemii zrozumieli\u015bmy, jak bardzo wa\u017cne jest to, \u017ceby si\u0119 notarialnie zabezpiecza\u0107 na wypadek r\u00f3\u017cnych rzeczy, gdyby kto\u015b wyl\u0105dowa\u0142 w szpitalu. Teraz ju\u017c mamy mn\u00f3stwo spraw pouk\u0142adanych &#8211; powiedzia\u0142a aktorka.<\/p>\n<p class=\"art_paragraph\">Magdalena Boczarska <a href=\"https:\/\/www.plotek.pl\/doda#anchorLink\" rel=\"nofollow noopener\" target=\"_blank\">doda\u00b3a<\/a>, \u017ce by\u0107 mo\u017ce kiedy\u015b przyjdzie moment, gdy zdecyduj\u0105 si\u0119 na \u015blub, jednak na razie uwa\u017ca, \u017ce nie jest im to do niczego potrzebne. &#8211; Czy ja mam tak\u0105 potrzeb\u0119, \u017ceby by\u0107 \u017con\u0105 i m\u00f3wi\u0107 &#8222;m\u00f3j m\u0105\u017c&#8221;? No nie, m\u00f3wi\u0119: &#8222;m\u00f3j ukochany&#8221;, &#8222;m\u00f3j partner&#8221;, &#8222;ojciec mojego <a href=\"https:\/\/zakupy.avanti24.pl\/dzieciece#anchorLink\" rel=\"nofollow noopener\" target=\"_blank\">dziecka<\/a>&#8222;. Nie zmieni mi to mojej pewno\u015bci siebie, stabilizacji ani mojego statusu &#8211; przyzna\u0142a. Aktorka doda\u0142a r\u00f3wnie\u017c, \u017ce z jej strony nie jest to \u017cadna &#8222;manifestacja ani deklaracja&#8221; &#8211; Mi to nie jest naprawd\u0119 do niczego potrzebne. Nie wiem, co \u017cycie przyniesie&#8230; obce mi s\u0105 jakiekolwiek deklaracje, ale tak, jak jest teraz, jest mi dobrze &#8211; podsumowa\u0142a.<\/p>\n<p> Magdalena Boczarska docenia, \u017ce jej partner wykonuje ten sam zaw\u00f3d<\/p>\n<p class=\"art_paragraph\">Mateusz Banasiuk, podobnie jak jego partnerka, jest aktorem. W tej samej rozmowie Boczarska przyzna\u0142a, \u017ce trudno by\u0142oby jej wyobrazi\u0107 sobie zwi\u0105zek z osob\u0105, kt\u00f3ra wykonuje inny zaw\u00f3d. &#8211; Nie wiem, czy ktokolwiek inny by\u0142by w stanie mnie zrozumie\u0107. (&#8230;) To s\u0105 te momenty, kiedy wie, \u017ce ja wr\u00f3c\u0119 cztery godziny p\u00f3\u017aniej do domu, \u017ce potrzebuj\u0119 po zdj\u0119ciach usi\u0105\u015b\u0107 i chwil\u0119 by\u0107 sama ze sob\u0105 &#8211; opowiada\u0142a aktorka.<\/p>\n","protected":false},"excerpt":{"rendered":"Magdalena Boczarska i Mateusz Banasiuk zwi\u0105zali si\u0119 w 2014 roku. Trzy lata p\u00f3\u017aniej aktorska para powita\u0142a na \u015bwiecie&hellip;\n","protected":false},"author":2,"featured_media":110076,"comment_status":"","ping_status":"","sticky":false,"template":"","format":"standard","meta":{"footnotes":""},"categories":[22],"tags":[122,42,38,40,39,41,123],"class_list":{"0":"post-110075","1":"post","2":"type-post","3":"status-publish","4":"format-standard","5":"has-post-thumbnail","7":"category-rozrywka","8":"tag-entertainment","9":"tag-pl","10":"tag-poland","11":"tag-polish","12":"tag-polska","13":"tag-polski","14":"tag-rozrywka"},"share_on_mastodon":{"url":"https:\/\/pubeurope.com\/@pl\/115581522391287659","error":""},"_links":{"self":[{"href":"https:\/\/www.europesays.com\/pl\/wp-json\/wp\/v2\/posts\/110075","targetHints":{"allow":["GET"]}}],"collection":[{"href":"https:\/\/www.europesays.com\/pl\/wp-json\/wp\/v2\/posts"}],"about":[{"href":"https:\/\/www.europesays.com\/pl\/wp-json\/wp\/v2\/types\/post"}],"author":[{"embeddable":true,"href":"https:\/\/www.europesays.com\/pl\/wp-json\/wp\/v2\/users\/2"}],"replies":[{"embeddable":true,"href":"https:\/\/www.europesays.com\/pl\/wp-json\/wp\/v2\/comments?post=110075"}],"version-history":[{"count":0,"href":"https:\/\/www.europesays.com\/pl\/wp-json\/wp\/v2\/posts\/110075\/revisions"}],"wp:featuredmedia":[{"embeddable":true,"href":"https:\/\/www.europesays.com\/pl\/wp-json\/wp\/v2\/media\/110076"}],"wp:attachment":[{"href":"https:\/\/www.europesays.com\/pl\/wp-json\/wp\/v2\/media?parent=110075"}],"wp:term":[{"taxonomy":"category","embeddable":true,"href":"https:\/\/www.europesays.com\/pl\/wp-json\/wp\/v2\/categories?post=110075"},{"taxonomy":"post_tag","embeddable":true,"href":"https:\/\/www.europesays.com\/pl\/wp-json\/wp\/v2\/tags?post=110075"}],"curies":[{"name":"wp","href":"https:\/\/api.w.org\/{rel}","templated":true}]}}