{"id":110082,"date":"2025-11-20T10:23:12","date_gmt":"2025-11-20T10:23:12","guid":{"rendered":"https:\/\/www.europesays.com\/pl\/110082\/"},"modified":"2025-11-20T10:23:12","modified_gmt":"2025-11-20T10:23:12","slug":"ile-osob-zatrzymano-ws-dywersji-na-kolei-siemoniak-w-tok-fm-nie-mozemy-sploszyc","status":"publish","type":"post","link":"https:\/\/www.europesays.com\/pl\/110082\/","title":{"rendered":"Ile os\u00f3b zatrzymano ws. dywersji na kolei? Siemoniak w TOK FM: Nie mo\u017cemy sp\u0142oszy\u0107"},"content":{"rendered":"<ul>\n<li>S\u0105 wnioski o areszt dla dw\u00f3ch podejrzanych o akty dywersji na kolei;\u00a0<\/li>\n<li>Jak m\u00f3wi\u0142 w TOK FM min. Tomasz Siemoniak, pytany o to, ile os\u00f3b do tej pory zatrzymano, powiedzia\u0142: &#8222;Nie podajemy liczb&#8221;. &#8222;M\u00f3wimy o kilku osobach, kt\u00f3re s\u0105 zatrzymane. Jest to obiekt ogromnej pracy s\u0142u\u017cb, kt\u00f3re musz\u0105 ustali\u0107 wszystkie powi\u0105zania, zbada\u0107 wszystkie materia\u0142y i zabezpieczy\u0107 dowody. To si\u0119 dzieje rekordowo szybko&#8221; &#8211; doda\u0142 koordynator ds. s\u0142u\u017cb specjalnych;<\/li>\n<li>Zastrzeg\u0142, \u017ce efektem ju\u017c teraz jest zacie\u015bnienie wsp\u00f3\u0142pracy z Ukrain\u0105. &#8222;Premier poleci\u0142 wczoraj, \u017ceby nasze s\u0142u\u017cby natychmiast kontaktowa\u0142y ze s\u0142u\u017cbami ukrai\u0144skimi. Mamy blisk\u0105 wsp\u00f3\u0142prac\u0119 z nimi, co pokaza\u0142y te\u017c dzia\u0142ania ostatnich dni, ale\u00a0mechanizm na pewno musi by\u0107 perfekcyjny&#8221; &#8211; podkre\u015bli\u0142 Siemoniak.\u00a0<\/li>\n<\/ul>\n<p>Prokuratorzy z\u0142o\u017cyli dwa wnioski do S\u0105du Rejonowego Warszawa-Mokot\u00f3w o zastosowanie tymczasowego aresztowania sprawc\u00f3w uszkodzenia tor\u00f3w i trakcji kolejowej &#8211; powiedzia\u0142 w \u015brod\u0119 wieczorem w TVN24 prokurator krajowy Dariusz Korneluk. Chodzi o dw\u00f3ch Ukrai\u0144c\u00f3w podejrzanych o akty dywersji na kolei. Wyja\u015bni\u0142, \u017ce to pierwszy krok zgodnie z procedur\u0105 karn\u0105 do wydania listu go\u0144czego, a dalej mi\u0119dzynarodowego listu go\u0144czego i by\u0107 mo\u017ce czerwonej noty Interpolu.<\/p>\n<p>Wcze\u015bniej rzecznik Prokuratury Krajowej prok. Przemys\u0142aw Nowak poinformowa\u0142 o postawieniu zarzut\u00f3w dw\u00f3m Ukrai\u0144com podejrzanym o akty dywersji na kolei. Dotycz\u0105 one akt\u00f3w dywersji o charakterze terrorystycznym na rzecz Rosji. Zatrzymano te\u017c inne osoby w tej sprawie, ale nie postawiono im zarzut\u00f3w.<\/p>\n<p>Przypomnijmy, na trasie Warszawa &#8211; Dorohusk dosz\u0142o w ostatni weekend do akt\u00f3w dywersji. W miejscowo\u015bci Mika eksplozja \u0142adunku wybuchowego zniszczy\u0142a tor kolejowy. W innym miejscu niedaleko stacji kolejowej Go\u0142\u0105b w niedziel\u0119 poci\u0105g z 475 pasa\u017cerami musia\u0142 nagle hamowa\u0107 z powodu uszkodzonej linii kolejowej.\u00a0<\/p>\n<p>Karolina Lewicka w &#8222;Poranku TOK FM&#8221; pyta\u0142a min. Tomasza Siemoniaka o to, ile os\u00f3b do tej pory zatrzymano. &#8211; Nie podajemy liczb, m\u00f3wimy o kilku osobach, kt\u00f3re s\u0105 zatrzymane. Jest to obiekt ogromnej pracy s\u0142u\u017cb, kt\u00f3re musz\u0105 ustali\u0107 wszystkie powi\u0105zania, zbada\u0107 wszystkie materia\u0142y i zabezpieczy\u0107 dowody. To si\u0119 dzieje rekordowo szybko &#8211; m\u00f3wi\u0142 koordynator ds. s\u0142u\u017cb specjalnych.<\/p>\n<p>Dopytywany, jakiej narodowo\u015bci s\u0105 zatrzymani, odpowiedzia\u0142 kr\u00f3tko: &#8222;O tym te\u017c nie m\u00f3wimy&#8221;. &#8211; Dwaj g\u0142\u00f3wni podejrzani to obywatele Ukrainy, to premier przekaza\u0142 we wtorek w Sejmie &#8211; doda\u0142 go\u015b\u0107 TOK FM.\u00a0<\/p>\n<p>Min Siemoniak zastrzeg\u0142, \u017ce &#8222;co do pozosta\u0142ych rzeczy, jak tylko prokuratura b\u0119dzie si\u0119 zgadza\u0142a, b\u0119dziemy przekazywali dalsze informacje&#8221;.\u00a0 &#8211; Zdajemy sobie spraw\u0119 z tego, \u017ce zainteresowanie jest ogromne, podobnie jak poczucie zagro\u017cenia. (&#8230;) Chcemy te\u017c informowa\u0107 opini\u0119 publiczn\u0105, ale nie mo\u017cemy zrobi\u0107 tego w taki spos\u00f3b, \u017ceby kogo\u015b sp\u0142oszy\u0107 czy utrudni\u0107 \u015bledztwo &#8211; podkre\u015bli\u0142.\u00a0<\/p>\n<p>    <a name=\"eztoc31518161_0_3\" id=\"eztoc31518161_0_3\"\/>&#8222;Mechanizm musi by\u0107 perfekcyjny&#8221;<\/p>\n<p>&#8211; A nie maj\u0105 pa\u0144stwo pretensji do Kijowa? Jeden z dywersant\u00f3w, wcze\u015bniej skazany za akty dywersji, nie by\u0142 &#8211; jak m\u00f3wi\u0142 Marcin Kierwi\u0144ski, szef MSWiA &#8211; odznaczony z mi\u0119dzynarodowych rejestrach, co pozwoli\u0142oby go zatrzyma\u0107 na granicy &#8211; dopytywa\u0142a Karolina Lewicka.<\/p>\n<p>&#8211;<br \/>\n<a href=\"https:\/\/www.tokfm.pl\/polityka\/tusk-rozmawial-z-zelenskim-o-atakach-dywersantow-polska-oczekuje-przekazania-wszystkich-danych\" target=\"_self\" rel=\"dofollow noopener\">Premier o tym rozmawia\u0142 z prezydentem Ze\u0142enskim<\/a> i strona ukrai\u0144ska zobowi\u0105za\u0142a si\u0119 do przekazywania nam takich informacji. Wcze\u015bniej nie by\u0142o jej w \u017cadnym systemie poszukiwa\u0144 mi\u0119dzynarodowych, wi\u0119c nasze s\u0142u\u017cby nie by\u0142y w stanie tego\u00a0 wiedzie\u0107 &#8211; odpowiedzia\u0142 Tomasz Siemoniak.\u00a0<\/p>\n<p>I t\u0142umaczy\u0142, \u017ce prezydent Ukrainy zdaje sobie spraw\u0119, i\u017c do wi\u0119kszo\u015bci akt\u00f3w dywersji w Polsce &#8211; nie by\u0142 to pierwszy raz &#8211;\u00a0 wykorzystywani s\u0105 przez s\u0142u\u017cby rosyjskie obywatele Ukrainy. Tym bardziej, jak podkre\u015bli\u0142, \u017ce realizuj\u0105 wtedy dwa cele: jeden to dywersja, a drugi &#8211; informacja, \u017ce robi\u0105 to Ukrai\u0144cy, kt\u00f3ra ma okre\u015blony odd\u017awi\u0119k. &#8211; Dlatego premier poleci\u0142 wczoraj, \u017ceby nasze s\u0142u\u017cby natychmiast kontaktowa\u0142y ze s\u0142u\u017cbami ukrai\u0144skimi, \u017ceby ten mechanizm stworzy\u0107. Mamy blisk\u0105 wsp\u00f3\u0142prac\u0119 z nimi, co pokaza\u0142y te\u017c dzia\u0142ania ostatnich dni, ale\u00a0mechanizm na pewno musi by\u0107 perfekcyjny &#8211; podkre\u015bli\u0142.\u00a0<\/p>\n<p>Go\u015b\u0107 TOK FM doda\u0142, \u017ce polskie s\u0142u\u017cby wsp\u00f3\u0142pracuj\u0105 tak\u017ce z\u00a0Amerykanami i informuj\u0105 sojusznik\u00f3w. &#8211; Kwestia dywersji na zlecenie rosyjskich s\u0142u\u017cb to blisko dwa lata. To przy tym r\u00f3\u017cne przypadki. Podpalenia, wybuchaj\u0105ce paczki, pobicia to codzienno\u015b\u0107 s\u0142u\u017cb i te\u017c wsp\u00f3\u0142pracy m.in. z Amerykanami. Ale rzeczy, kt\u00f3re czytam w mediach s\u0105 tak naprawd\u0119 bezpodstawnymi spekulacjami &#8211; zastrzeg\u0142.\u00a0<\/p>\n<p><a name=\"eztoc31518161_0_4\" id=\"eztoc31518161_0_4\"\/>&#8222;Nie Siemoniak z Sikorskim sta\u0142 na nasypie &#8222;<\/p>\n<p>Zdaniem szef prezydenckiego Biura Polityki Mi\u0119dzynarodowej Marcina Przydacza to, \u017ce dywersantom uda\u0142o si\u0119 uciec z kraju, jest odpowiedzialno\u015bci\u0105 premiera Donalda Tuska, Sikorskiego i ministra koordynatora s\u0142u\u017cb specjalnych Tomasza Siemoniaka. &#8211; Dzisiaj pr\u00f3buje si\u0119 odwraca\u0107 uwag\u0119 od tej dyskusji, od nieudolno\u015bci tego rz\u0105du, rozniecaniem k\u0142\u00f3tni i wpisywaniem si\u0119 tak naprawd\u0119 w scenariusz pisany w Moskwie. Bo tak, Moskwa chce, aby\u015bmy si\u0119 wewn\u0119trznie k\u0142\u00f3cili, aby\u015bmy si\u0119 wewn\u0119trznie obrzucali inwektywami &#8211; m\u00f3wi\u0142 w \u015brod\u0119 by\u0142y pose\u0142 Prawa i Sprawiedliwo\u015bci.\u00a0<\/p>\n<p>&#8211; Mamy niestety takich urz\u0119dnik\u00f3w prezydenta, kt\u00f3rzy wci\u0105\u017c s\u0105 w rolach aktywnych polityk\u00f3w, tak jakby byli pos\u0142ami, a ich jedyn\u0105 misj\u0105 by\u0142o uderzanie rz\u0105d. Bo to nie tylko pan Przydacz, ale te\u017c np. pan Bogucki. Oni w\u0142a\u015bciwie \u015bcigaj\u0105 si\u0119 w tego rodzaju ocenach, kompletnie oderwanych od rzeczywisto\u015bci &#8211; komentowa\u0142 Tomasz Siemoniak.<\/p>\n<p>Minister przyzna\u0142, \u017ce jego marzeniem jest, by w takich sprawach dzia\u0142a\u0107 merytorycznie. &#8211; Mog\u0119 powiedzie\u0107 tak: prezydent Nawrocki otrzymuje pe\u0142ne materia\u0142y s\u0142u\u017cb. Mamy do czynienia z ogromnym profesjonalizmem ABW policji prokuratury i apeluj\u0119 do wszystkich polityk\u00f3w: &#8222;Szanujcie to. Je\u015bli ju\u017c to atakujcie nas, polityk\u00f3w, prosz\u0119 bardzo, to jest wpisane niestety w polsk\u0105 debat\u0119 publiczn\u0105&#8221; &#8211; stwierdzi\u0142.<\/p>\n<p>&#8211; Przydacz zaatakowa\u0142 polityk\u00f3w &#8211; zwr\u00f3ci\u0142a uwag\u0119 Karolina Lewicka.<\/p>\n<p>&#8211; Ale za s\u0142u\u017cby, to przewrotne. Przecie\u017c nie Siemoniak z Sikorskim sta\u0142 na nasypie czy w lesie, czy goni przest\u0119pc\u00f3w tylko robi\u0105 to s\u0142u\u017cby &#8211; podsumowa\u0142 koordynator s\u0142u\u017cb specjalnych.<\/p>\n<p>\u0179r\u00f3d\u0142o: TOK FM, PAP\u00a0<\/p>\n","protected":false},"excerpt":{"rendered":"S\u0105 wnioski o areszt dla dw\u00f3ch podejrzanych o akty dywersji na kolei;\u00a0 Jak m\u00f3wi\u0142 w TOK FM min.&hellip;\n","protected":false},"author":2,"featured_media":110083,"comment_status":"","ping_status":"","sticky":false,"template":"","format":"standard","meta":{"footnotes":""},"categories":[12],"tags":[32,33,36,37,27,34,35,28,31,25,42,38,40,39,41,29,30,26],"class_list":{"0":"post-110082","1":"post","2":"type-post","3":"status-publish","4":"format-standard","5":"has-post-thumbnail","7":"category-polska","8":"tag-breaking-news","9":"tag-breakingnews","10":"tag-featured-news","11":"tag-featurednews","12":"tag-headlines","13":"tag-latest-news","14":"tag-latestnews","15":"tag-naglowki","16":"tag-najwazniejsze-artykuly","17":"tag-news","18":"tag-pl","19":"tag-poland","20":"tag-polish","21":"tag-polska","22":"tag-polski","23":"tag-top-stories","24":"tag-topstories","25":"tag-wiadomosci"},"share_on_mastodon":{"url":"https:\/\/pubeurope.com\/@pl\/115581537732220838","error":""},"_links":{"self":[{"href":"https:\/\/www.europesays.com\/pl\/wp-json\/wp\/v2\/posts\/110082","targetHints":{"allow":["GET"]}}],"collection":[{"href":"https:\/\/www.europesays.com\/pl\/wp-json\/wp\/v2\/posts"}],"about":[{"href":"https:\/\/www.europesays.com\/pl\/wp-json\/wp\/v2\/types\/post"}],"author":[{"embeddable":true,"href":"https:\/\/www.europesays.com\/pl\/wp-json\/wp\/v2\/users\/2"}],"replies":[{"embeddable":true,"href":"https:\/\/www.europesays.com\/pl\/wp-json\/wp\/v2\/comments?post=110082"}],"version-history":[{"count":0,"href":"https:\/\/www.europesays.com\/pl\/wp-json\/wp\/v2\/posts\/110082\/revisions"}],"wp:featuredmedia":[{"embeddable":true,"href":"https:\/\/www.europesays.com\/pl\/wp-json\/wp\/v2\/media\/110083"}],"wp:attachment":[{"href":"https:\/\/www.europesays.com\/pl\/wp-json\/wp\/v2\/media?parent=110082"}],"wp:term":[{"taxonomy":"category","embeddable":true,"href":"https:\/\/www.europesays.com\/pl\/wp-json\/wp\/v2\/categories?post=110082"},{"taxonomy":"post_tag","embeddable":true,"href":"https:\/\/www.europesays.com\/pl\/wp-json\/wp\/v2\/tags?post=110082"}],"curies":[{"name":"wp","href":"https:\/\/api.w.org\/{rel}","templated":true}]}}