{"id":110084,"date":"2025-11-20T10:24:12","date_gmt":"2025-11-20T10:24:12","guid":{"rendered":"https:\/\/www.europesays.com\/pl\/110084\/"},"modified":"2025-11-20T10:24:12","modified_gmt":"2025-11-20T10:24:12","slug":"przedsiebiorcy-zaplaca-duzo-wyzsza-skladke","status":"publish","type":"post","link":"https:\/\/www.europesays.com\/pl\/110084\/","title":{"rendered":"przedsi\u0119biorcy zap\u0142ac\u0105 du\u017co wy\u017csz\u0105 sk\u0142adk\u0119"},"content":{"rendered":"<p data-section=\"detail-body\">Jak czytamy w dzienniku, w przysz\u0142ym roku wejdzie podwy\u017cka minimalnej sk\u0142adki zdrowotnej dla przedsi\u0119biorc\u00f3w rozliczaj\u0105cych si\u0119 na skali i liniowym PIT oraz sk\u0142adki zdrowotnej dla firm na karcie podatkowej. Zap\u0142ac\u0105 miesi\u0119cznie o 117,58 z\u0142 wi\u0119cej. Obecnie p\u0142ac\u0105 314,96 z\u0142 \u2014 a ju\u017c niebawem ma to by\u0107 432,54 z\u0142.<\/p>\n<p class=\"article_p\" data-section=\"detail-body\">&#8222;Wynika to z faktu, \u017ce korzystne zasady wyliczania sk\u0142adki (ustalanie jej od 75 proc. minimalnego wynagrodzenia, a nie od pe\u0142nej kwoty) zosta\u0142y wprowadzone w przepisach tylko na 2025 r&#8221; \u2014 pisze &#8222;Rzeczpospolita&#8221;.<\/p>\n<p class=\"article_p\" data-section=\"detail-body\">Resorty zdrowia i finans\u00f3w zapewniaj\u0105 na razie oficjalnie, \u017ce nie pracuj\u0105 nad przed\u0142u\u017ceniem takich zasad wyliczania sk\u0142adki. Dziennik podaje, \u017ce podwy\u017cka nie ominie te\u017c rozliczaj\u0105cych si\u0119 rycza\u0142tem. W tym przypadku szczeg\u00f3\u0142y b\u0119d\u0105 znane w styczniu.<\/p>\n<p>        Minimalna sk\u0142adka na ubezpieczenie zdrowotne w 2025 r.<\/p>\n<p class=\"article_p\" data-section=\"detail-body\">Jak wyliczana jest sk\u0142adka? Jak t\u0142umaczy ZUS, w przypadku przedsi\u0119biorc\u00f3w stosuj\u0105cy zasady og\u00f3lne, minimalna wysoko\u015b\u0107 podstawy wymiaru sk\u0142adki na ubezpieczenie zdrowotne ustalana na okres roku sk\u0142adkowego, czyli od 1 lutego danego roku do 31 stycznia roku nast\u0119pnego. Jej wysoko\u015b\u0107 odpowiada 75 proc. minimalnego wynagrodzenia za prac\u0119 jakie obowi\u0105zuje w pierwszym dniu roku sk\u0142adkowego.<\/p>\n<p>            Czytaj tak\u017ce w BUSINESS INSIDER<\/p>\n<p class=\"article_p\" data-section=\"detail-body\">Wysoko\u015b\u0107 najni\u017cszej podstawy wymiaru sk\u0142adki dla tych przedsi\u0119biorc\u00f3w od lutego 2025 r. wynosi 3499,50 z\u0142 (4 666 z\u0142 x 75 proc.), a sk\u0142adka ustalona od tej podstawy \u2014 314,96 z\u0142.<\/p>\n<p class=\"article_p\" data-section=\"detail-body\">Dalsza cz\u0119\u015b\u0107 artyku\u0142u znajduje si\u0119 pod materia\u0142em wideo<\/p>\n<p class=\"article_p\" data-section=\"detail-body\">Przedsi\u0119biorcy stosuj\u0105cy kart\u0119 podatkow\u0105<\/p>\n<p class=\"article_p\" data-section=\"detail-body\">Podstaw\u0119 wymiaru sk\u0142adki na ubezpieczenie zdrowotne dla przedsi\u0119biorc\u00f3w stosuj\u0105cych kart\u0119 podatkow\u0105, op\u0142acanej w danym roku kalendarzowym stanowi kwota 75 proc. minimalnego wynagrodzenia obowi\u0105zuj\u0105cego na dzie\u0144 1 stycznia 2025 r.<\/p>\n<p class=\"article_p\" data-section=\"detail-body\">Oznacza to, \u017ce ci przedsi\u0119biorcy op\u0142acaj\u0105 sk\u0142adk\u0119 na ubezpieczenie zdrowotne od stycznia do grudnia 2025 r. od podstawy wymiaru wynosz\u0105cej 3499,50 z\u0142 (4666 z\u0142 x 75 proc.), czyli w wysoko\u015bci 314,96 z\u0142.<\/p>\n<p class=\"article_p\" data-section=\"detail-body\">Zobacz tak\u017ce: <a href=\"https:\/\/businessinsider.com.pl\/prawo\/podatki\/darowizny-samochodu-po-leasingu-w-2026-co-czeka-przedsiebiorcow\/w4qx2bq\" id=\"9de361f2-473f-416c-8021-8742d80f64df\" rel=\"nofollow noopener\" target=\"_blank\">Darowizna samochodu po leasingu? Jest zwrot w opodatkowaniu na 2026 r.<\/a><\/p>\n","protected":false},"excerpt":{"rendered":"Jak czytamy w dzienniku, w przysz\u0142ym roku wejdzie podwy\u017cka minimalnej sk\u0142adki zdrowotnej dla przedsi\u0119biorc\u00f3w rozliczaj\u0105cych si\u0119 na skali&hellip;\n","protected":false},"author":2,"featured_media":110085,"comment_status":"","ping_status":"","sticky":false,"template":"","format":"standard","meta":{"footnotes":""},"categories":[5],"tags":[32,33,36,37,27,34,35,28,31,25,42,38,40,39,41,29,30,26],"class_list":{"0":"post-110084","1":"post","2":"type-post","3":"status-publish","4":"format-standard","5":"has-post-thumbnail","7":"category-naglowki","8":"tag-breaking-news","9":"tag-breakingnews","10":"tag-featured-news","11":"tag-featurednews","12":"tag-headlines","13":"tag-latest-news","14":"tag-latestnews","15":"tag-naglowki","16":"tag-najwazniejsze-artykuly","17":"tag-news","18":"tag-pl","19":"tag-poland","20":"tag-polish","21":"tag-polska","22":"tag-polski","23":"tag-top-stories","24":"tag-topstories","25":"tag-wiadomosci"},"share_on_mastodon":{"url":"https:\/\/pubeurope.com\/@pl\/115581541743112790","error":""},"_links":{"self":[{"href":"https:\/\/www.europesays.com\/pl\/wp-json\/wp\/v2\/posts\/110084","targetHints":{"allow":["GET"]}}],"collection":[{"href":"https:\/\/www.europesays.com\/pl\/wp-json\/wp\/v2\/posts"}],"about":[{"href":"https:\/\/www.europesays.com\/pl\/wp-json\/wp\/v2\/types\/post"}],"author":[{"embeddable":true,"href":"https:\/\/www.europesays.com\/pl\/wp-json\/wp\/v2\/users\/2"}],"replies":[{"embeddable":true,"href":"https:\/\/www.europesays.com\/pl\/wp-json\/wp\/v2\/comments?post=110084"}],"version-history":[{"count":0,"href":"https:\/\/www.europesays.com\/pl\/wp-json\/wp\/v2\/posts\/110084\/revisions"}],"wp:featuredmedia":[{"embeddable":true,"href":"https:\/\/www.europesays.com\/pl\/wp-json\/wp\/v2\/media\/110085"}],"wp:attachment":[{"href":"https:\/\/www.europesays.com\/pl\/wp-json\/wp\/v2\/media?parent=110084"}],"wp:term":[{"taxonomy":"category","embeddable":true,"href":"https:\/\/www.europesays.com\/pl\/wp-json\/wp\/v2\/categories?post=110084"},{"taxonomy":"post_tag","embeddable":true,"href":"https:\/\/www.europesays.com\/pl\/wp-json\/wp\/v2\/tags?post=110084"}],"curies":[{"name":"wp","href":"https:\/\/api.w.org\/{rel}","templated":true}]}}