{"id":110086,"date":"2025-11-20T10:25:06","date_gmt":"2025-11-20T10:25:06","guid":{"rendered":"https:\/\/www.europesays.com\/pl\/110086\/"},"modified":"2025-11-20T10:25:06","modified_gmt":"2025-11-20T10:25:06","slug":"losowanie-barazy-ms-2026-polska-pozna-swoich-rywali-relacja-na-zywo-przeglad-sportowy-onet","status":"publish","type":"post","link":"https:\/\/www.europesays.com\/pl\/110086\/","title":{"rendered":"Losowanie bara\u017cy M\u015a 2026. Polska pozna swoich rywali [RELACJA NA \u017bYWO] &#8211; Przegl\u0105d Sportowy Onet"},"content":{"rendered":"<ol>\n<li><a href=\"https:\/\/news.google.com\/rss\/articles\/CBMi0wFBVV95cUxNaXZWR3l3X0ZFeUFCNmpJUWlpbmZjbER5NHhKQzFJRHpfTlp1Zk14THROd3prN2Rvd0laRTFtRUNPV2REWDZaenduNFl5NmRvTnhVRUR2X0ZjVDBIRDNNOEh6THRhdFl6Q0RoTUtFT2JWbEFvcTJlTEN6dEMzaDBmT0tYa3lNVG9uZDhNaWJNdjRJU0xCU05ram5ucHpfbUJxZkEtZFJnSFgzcWIwbVpGOWEwOXg3a2lTakpZOUtmRXJFZXhDa1hMQ2gwXzZscnppT0JR?oc=5\" target=\"_blank\" rel=\"nofollow noopener\">Losowanie bara\u017cy M\u015a 2026. Polska pozna swoich rywali [RELACJA NA \u017bYWO]<\/a>&nbsp;&nbsp;Przegl\u0105d Sportowy Onet<\/li>\n<li><a href=\"https:\/\/news.google.com\/rss\/articles\/CBMisgFBVV95cUxPQzFKMnZDNWNKcGNMbDIzX1UzTk1wWnJlZmpscU5WTWtTU18tUXgxaHJmenQ5cklFMFZaNmI0eUFzMGhtbHcwUmVkZkV3Z0hPNllETFlsdkRHVXhkMWpfa3ZzcktDcF9zR1g0MHN2dTVmRk1BWGs5WndsZ1NHQ2FUTzBFWHhqVHAwNS1QLXBVUEpqTm14NE9meE5Hb0Zwb1FhVmRtTzFsNDJjeks2MkRKZktB?oc=5\" target=\"_blank\" rel=\"nofollow noopener\">&#8222;Pod \u017cadnym pozorem&#8221;. Tego rywala dla Polski obawia si\u0119 najbardziej<\/a>&nbsp;&nbsp;SportoweFakty<\/li>\n<li><a href=\"https:\/\/news.google.com\/rss\/articles\/CBMi0gFBVV95cUxNR0FqZjdXamlhNGs5R18tOHdaYWo1OVlQcFBCeUtxQnJnZ1Bla2tvUUYyNnRKbHo2SWhEMHN6QTc1cktkRm1CSTI0YkxJUDVEdHh6SmxrUGZBYnZqT1NLNV9sQnA0Ylh3SWlPdWN6c3hOaE5QRDN4T2xCejh3YTNKZzI0ZlI5azZ0ZHd2amtnd0E3S18xSnoxcGludmM0QW9OdEhZUTJrc2Fwb3AtSXBXRFd2aE0zNk5ZMDlQWGxaZ1lvTGY0QTNOaFBXTDFPbk5xU1E?oc=5\" target=\"_blank\" rel=\"nofollow noopener\">Losowanie bara\u017cy o awans na M\u015a. Kto rywalem polskich pi\u0142akrzy?<\/a>&nbsp;&nbsp;TVP Bydgoszcz<\/li>\n<li><a href=\"https:\/\/news.google.com\/rss\/articles\/CBMivwFBVV95cUxORC1UY3BSZXFBTVhIRklPYkVxMlFCbXRxODdvcDJTaERwWTFfYkIzRGpDaU5TV2c2OHlUTmN3elhWV2NvWW5NV1Z6UVFxNnUzTHJ5aWxSeUdUQnpmZEtOYVQtVUpacjhaVjdKUjZZNWh6NGxXc0xvaWRUZXptNkc2ZkxwdXhPbG1EZ21pZ3EzTkhyZVM2bFd4Z0xWWVAxb0p2YkZhRGx0ME93dTY0cVpFQ21QWXVseDVnM2NOM1oySQ?oc=5\" target=\"_blank\" rel=\"nofollow noopener\">Historyczne zamieszanie. Prezydent grzmia\u0142 o bandytach, Lewandowski odm\u00f3wi\u0142 gry . &#8222;Nie wyobra\u017cam sobie&#8221;<\/a>&nbsp;&nbsp;Sport w INTERIA.PL<\/li>\n<li><a href=\"https:\/\/news.google.com\/rss\/articles\/CBMipgFBVV95cUxNWG5CZ0NKX2E2UDVfbzVTSlAwNzJIajRWZ1VqZ1V4U184TDRCX1RyNUhaemZ2d3R6V1QxWEZodHRQcVdfTXlBc3dNN2M5X1VmUEY4M28zOE1VUVpwekttSDBReXVxOHFZVWtRcGF6WGtodWs2by1ySjBWUk1xckZUdzkyQXl2NHhqVk04cjN2QUN0SXMwem9kSkRTVnlyLWt3VzI1V19n?oc=5\" target=\"_blank\" rel=\"nofollow noopener\">Ogl\u0105daj na \u017cywo losowanie bara\u017cy! Polska czeka na rywali<\/a>&nbsp;&nbsp;Meczyki.pl<\/li>\n<\/ol>\n","protected":false},"excerpt":{"rendered":"Losowanie bara\u017cy M\u015a 2026. Polska pozna swoich rywali [RELACJA NA \u017bYWO]&nbsp;&nbsp;Przegl\u0105d Sportowy Onet &#8222;Pod \u017cadnym pozorem&#8221;. Tego rywala&hellip;\n","protected":false},"author":2,"featured_media":110087,"comment_status":"","ping_status":"","sticky":false,"template":"","format":"standard","meta":{"footnotes":""},"categories":[24],"tags":[24252,8281,188,7409,13084,186,948,42,38,40,39,41,136,128,355,47,127,135,126,130],"class_list":{"0":"post-110086","1":"post","2":"type-post","3":"status-publish","4":"format-standard","5":"has-post-thumbnail","7":"category-sport","8":"tag-baraze_o_awans_do_mistrzostw_swiata","9":"tag-eliminacje_ms","10":"tag-liveblog","11":"tag-mistrzostwa_swiata_2026","12":"tag-ms_2026","13":"tag-na_zywo","14":"tag-pilka_nozna","15":"tag-pl","16":"tag-poland","17":"tag-polish","18":"tag-polska","19":"tag-polski","20":"tag-ps_detal_new","21":"tag-psv2","22":"tag-reprezentacja_polski","23":"tag-screening_general","24":"tag-sport","25":"tag-sport_sport","26":"tag-sports","27":"tag-wiadomosci_sportowe"},"share_on_mastodon":{"url":"https:\/\/pubeurope.com\/@pl\/115581545641641015","error":""},"_links":{"self":[{"href":"https:\/\/www.europesays.com\/pl\/wp-json\/wp\/v2\/posts\/110086","targetHints":{"allow":["GET"]}}],"collection":[{"href":"https:\/\/www.europesays.com\/pl\/wp-json\/wp\/v2\/posts"}],"about":[{"href":"https:\/\/www.europesays.com\/pl\/wp-json\/wp\/v2\/types\/post"}],"author":[{"embeddable":true,"href":"https:\/\/www.europesays.com\/pl\/wp-json\/wp\/v2\/users\/2"}],"replies":[{"embeddable":true,"href":"https:\/\/www.europesays.com\/pl\/wp-json\/wp\/v2\/comments?post=110086"}],"version-history":[{"count":0,"href":"https:\/\/www.europesays.com\/pl\/wp-json\/wp\/v2\/posts\/110086\/revisions"}],"wp:featuredmedia":[{"embeddable":true,"href":"https:\/\/www.europesays.com\/pl\/wp-json\/wp\/v2\/media\/110087"}],"wp:attachment":[{"href":"https:\/\/www.europesays.com\/pl\/wp-json\/wp\/v2\/media?parent=110086"}],"wp:term":[{"taxonomy":"category","embeddable":true,"href":"https:\/\/www.europesays.com\/pl\/wp-json\/wp\/v2\/categories?post=110086"},{"taxonomy":"post_tag","embeddable":true,"href":"https:\/\/www.europesays.com\/pl\/wp-json\/wp\/v2\/tags?post=110086"}],"curies":[{"name":"wp","href":"https:\/\/api.w.org\/{rel}","templated":true}]}}