{"id":110088,"date":"2025-11-20T10:26:15","date_gmt":"2025-11-20T10:26:15","guid":{"rendered":"https:\/\/www.europesays.com\/pl\/110088\/"},"modified":"2025-11-20T10:26:15","modified_gmt":"2025-11-20T10:26:15","slug":"obolala-gessler-wyszla-z-lokalu-wypadek-w-kuchennych-rewolucjach","status":"publish","type":"post","link":"https:\/\/www.europesays.com\/pl\/110088\/","title":{"rendered":"Obola\u0142a Gessler wysz\u0142a z lokalu. Wypadek w &#8222;Kuchennych rewolucjach&#8221;"},"content":{"rendered":"<p>Podczas wizyty we wroc\u0142awskim lokalu Bistro Zap\u0119tlone prowadz\u0105ca program &#8222;Kuchenne rewolucje&#8221; bole\u015bnie upad\u0142a, co zarejestrowa\u0142y kamery. Do zdarzenia dosz\u0142o na planie 12. odcinka 31. sezonu programu.<\/p>\n<p>Podczas rozmowy z\u00a0zespo\u0142em restauracji Magda Gessler siedzia\u0142a przy jednym ze stolik\u00f3w. &#8211;\u00a0Ale krzywe krzes\u0142a &#8211;\u00a0powiedzia\u0142a, po czym nagle straci\u0142a r\u00f3wnowag\u0119 i\u00a0upad\u0142a na pod\u0142og\u0119. Na sali zapad\u0142a cisza, a\u00a0pracownicy restauracji szybko podbiegli, aby jej pom\u00f3c. &#8211;\u00a0Szukamy apteczki? &#8211;\u00a0dopytywa\u0142a pracownica. &#8211;\u00a0Wszystko dobrze? &#8211;\u00a0upewnia\u0142 si\u0119 w\u0142a\u015bciciel. Gessler odpowiedzia\u0142a kr\u00f3tko: &#8222;Zobaczymy&#8221;, po czym opu\u015bci\u0142a restauracj\u0119. Wyra\u017anie obola\u0142a.<\/p>\n<p>Magda Gessler zdradza sekret swojej diety, m\u00f3wi o\u00a0biznesie gastronomicznym i\u00a0ujawnia, w\u00a0jakie przes\u0105dy wierzy!<\/p>\n<p>Bistro Zap\u0119tlone znajduje si\u0119 na osiedlu Kozan\u00f3w, oko\u0142o sze\u015bciu kilometr\u00f3w od wroc\u0142awskiego rynku. Lokal zosta\u0142 za\u0142o\u017cony przez Jana, kt\u00f3ry chcia\u0142 stworzy\u0107 restauracj\u0119 w\u00a0miejscu, gdzie wcze\u015bniej brakowa\u0142o takich lokali. Nazwa bistro nawi\u0105zuje do pobliskiej p\u0119tli autobusowej. Niestety rzeczywisto\u015b\u0107 okaza\u0142a si\u0119 trudniejsza ni\u017c zak\u0142adano &#8211;\u00a0w\u0142a\u015bciciel wpad\u0142 w\u00a0powa\u017cne problemy finansowe. Wysoka rotacja kucharzy oraz nieustanna kontrola nad personelem utrudnia\u0142y zarz\u0105dzanie zespo\u0142em i\u00a0powodowa\u0142y napi\u0119cia w\u00a0pracy. Magda Gessler ma to zmieni\u0107.<\/p>\n<p>Zapraszamy na grup\u0119 na Facebooku &#8211;\u00a0<a href=\"https:\/\/www.facebook.com\/groups\/540919303734252\" rel=\"noopener noreferrer nofollow\" target=\"_blank\">#Samodba\u0142o\u015b\u0107<\/a>. To tu b\u0119dziemy informowa\u0107 na bie\u017c\u0105co o\u00a0wywiadach, nowych historiach. Do\u0142\u0105czcie do nas i\u00a0zapro\u015bcie wszystkie znajome. Czekamy na was!<\/p>\n","protected":false},"excerpt":{"rendered":"Podczas wizyty we wroc\u0142awskim lokalu Bistro Zap\u0119tlone prowadz\u0105ca program &#8222;Kuchenne rewolucje&#8221; bole\u015bnie upad\u0142a, co zarejestrowa\u0142y kamery. Do zdarzenia&hellip;\n","protected":false},"author":2,"featured_media":110089,"comment_status":"","ping_status":"","sticky":false,"template":"","format":"standard","meta":{"footnotes":""},"categories":[22],"tags":[122,42,38,40,39,41,123],"class_list":{"0":"post-110088","1":"post","2":"type-post","3":"status-publish","4":"format-standard","5":"has-post-thumbnail","7":"category-rozrywka","8":"tag-entertainment","9":"tag-pl","10":"tag-poland","11":"tag-polish","12":"tag-polska","13":"tag-polski","14":"tag-rozrywka"},"share_on_mastodon":{"url":"https:\/\/pubeurope.com\/@pl\/115581549633600150","error":""},"_links":{"self":[{"href":"https:\/\/www.europesays.com\/pl\/wp-json\/wp\/v2\/posts\/110088","targetHints":{"allow":["GET"]}}],"collection":[{"href":"https:\/\/www.europesays.com\/pl\/wp-json\/wp\/v2\/posts"}],"about":[{"href":"https:\/\/www.europesays.com\/pl\/wp-json\/wp\/v2\/types\/post"}],"author":[{"embeddable":true,"href":"https:\/\/www.europesays.com\/pl\/wp-json\/wp\/v2\/users\/2"}],"replies":[{"embeddable":true,"href":"https:\/\/www.europesays.com\/pl\/wp-json\/wp\/v2\/comments?post=110088"}],"version-history":[{"count":0,"href":"https:\/\/www.europesays.com\/pl\/wp-json\/wp\/v2\/posts\/110088\/revisions"}],"wp:featuredmedia":[{"embeddable":true,"href":"https:\/\/www.europesays.com\/pl\/wp-json\/wp\/v2\/media\/110089"}],"wp:attachment":[{"href":"https:\/\/www.europesays.com\/pl\/wp-json\/wp\/v2\/media?parent=110088"}],"wp:term":[{"taxonomy":"category","embeddable":true,"href":"https:\/\/www.europesays.com\/pl\/wp-json\/wp\/v2\/categories?post=110088"},{"taxonomy":"post_tag","embeddable":true,"href":"https:\/\/www.europesays.com\/pl\/wp-json\/wp\/v2\/tags?post=110088"}],"curies":[{"name":"wp","href":"https:\/\/api.w.org\/{rel}","templated":true}]}}