{"id":110162,"date":"2025-11-20T11:08:11","date_gmt":"2025-11-20T11:08:11","guid":{"rendered":"https:\/\/www.europesays.com\/pl\/110162\/"},"modified":"2025-11-20T11:08:11","modified_gmt":"2025-11-20T11:08:11","slug":"plotki-zniszczyly-jej-zycie-joanna-jarmolowicz-przerywa-milczenie-2","status":"publish","type":"post","link":"https:\/\/www.europesays.com\/pl\/110162\/","title":{"rendered":"Plotki zniszczy\u0142y jej \u017cycie. Joanna Jarmo\u0142owicz przerywa milczenie"},"content":{"rendered":"<p class=\"Paragraph_desktopParagraph__U31Gm\">31-letnia aktorka nie kryje \u017calu do serwis\u00f3w plotkarskich, kt\u00f3re \u2014 jak m\u00f3wi wprost \u2014 w &#8222;nachalny i nieprzyjemny spos\u00f3b&#8221; sprzeda\u0142y jej \u017cycie rodzinne, gdy by\u0142a partnerk\u0105 Jana Kr\u00f3likowskiego.<\/p>\n<p class=\"VideoPlayerText_videoPlayerText__iDwyz\">Dalszy ci\u0105g materia\u0142u pod wideo<\/p>\n<ul class=\"OchatFollowUps_wrapper__1ry7X\">\n<li class=\"OchatFollowUps_item__Dhyly OchatFollowUps_itemDesktop__R6aBv\">Co Joanna Jarmo\u0142owicz my\u015bli o plotkach na sw\u00f3j temat?<\/li>\n<li class=\"OchatFollowUps_item__Dhyly OchatFollowUps_itemDesktop__R6aBv\">Jak Joanna Jarmo\u0142owicz ocenia swoje \u017cycie po rozstaniu?<\/li>\n<li class=\"OchatFollowUps_item__Dhyly OchatFollowUps_itemDesktop__R6aBv\">Jakie ma relacje z Janem Kr\u00f3likowskim?<\/li>\n<li class=\"OchatFollowUps_item__Dhyly OchatFollowUps_itemDesktop__R6aBv\">Jak terapia wp\u0142yn\u0119\u0142a na \u017cycie Joanny Jarmo\u0142owicz?<\/li>\n<\/ul>\n<p>&#8222;Pisz\u0105, co chc\u0105&#8221; <\/p>\n<p class=\"Paragraph_desktopParagraph__U31Gm\">\u2014 To p\u00f3\u017aniej odbi\u0142o si\u0119 na moim zdrowiu psychicznym. Nie potrafi\u0142am po\u0142\u0105czy\u0107 ju\u017c \u017cadnych kropek, bo by\u0142am tak zm\u0119czona przez te media. By\u0142am po prostu non stop opisywana jako by\u0142a dziewczyna Antka Kr\u00f3likowskiego, tera\u017aniejsza dziewczyna jego brata, kt\u00f3ra jeszcze ma z nim dziecko. Jest to potworne. Naprawd\u0119 potworne, bo ludzie nie wiedz\u0105, co si\u0119 wydarzy\u0142o, gdzie si\u0119 wydarzy\u0142o i jak to si\u0119 wydarzy\u0142o. I ile mnie to kosztowa\u0142o \u2014 \u017cali si\u0119 kole\u017cance po fachu.<\/p>\n<blockquote>\n<p class=\"Paragraph_desktopParagraph__U31Gm\">Aczkolwiek my\u015bl\u0119, \u017ce powoli zaczynam z tego wychodzi\u0107. A cz\u0119sto jest tak, \u017ce pojawiaj\u0105c si\u0119 w jakim\u015b miejscu, jestem pytana tylko o nich, nie o to, co w filmie, w kt\u00f3rym zagra\u0142am<\/p>\n<\/blockquote>\n<p class=\"Paragraph_desktopParagraph__U31Gm\">\u2014 kontynuuje Jarmo\u0142owicz, dodaj\u0105c, \u017ce \u015bwiadomie odmawia pojawiania si\u0119 na p\u0142atnych wydarzeniach. Zwyczajnie nie chce nakr\u0119ca\u0107 spirali plotek, cho\u0107 &#8222;i tak jej dziecko pewnie b\u0119dzie do terapii&#8221;. \u2014 [J\u00f3zef] poczyta to wszystko w internetowych portalach, gdzie\u015b si\u0119 b\u0119dzie m\u00f3g\u0142 pogubi\u0107. To jest straszne, ale nie mam nad tym \u017cadnej kontroli. Media pisz\u0105, co chc\u0105, nie sprawdzaj\u0105c tych informacji \u2014 stwierdza.<\/p>\n<p>&#8222;Upad\u0142am na samo dno&#8221; <\/p>\n<p class=\"Paragraph_desktopParagraph__U31Gm\">Aktorka ceni sobie normalne \u017cycie, kt\u00f3re pouk\u0142ada\u0142a sobie po rozstaniu. Pomog\u0142a jej w tym terapia, cho\u0107 nie czuje si\u0119 jeszcze na si\u0142ach, by wychodzi\u0107 do \u015bwiata. \u2014 Dla mnie du\u017cym wydarzeniem jest p\u00f3j\u015bcie na premier\u0119 filmu czy serialu, w kt\u00f3rym gram, bo ja wiem, \u017ce tam te\u017c co\u015b tam mnie k\u0142uje znowu\u017c \u2014 zwierza si\u0119 Siekluckiej.<\/p>\n<blockquote>\n<p class=\"Paragraph_desktopParagraph__U31Gm\">Ju\u017c upad\u0142am na samo dno. By\u0142y dwa wyj\u015bcia: albo mnie nie b\u0119dzie, albo od tego dna si\u0119 tam odbij\u0119. No i du\u017co mnie to kosztowa\u0142o, aczkolwiek my\u015bl\u0119, \u017ce warto by\u0142o si\u0119 odbi\u0107 od dna. Gdybym nie chcia\u0142a, tylko inni by mnie do tego namawiali, to nie by\u0142o fajne<\/p>\n<\/blockquote>\n<p class=\"Paragraph_desktopParagraph__U31Gm\">\u2014 ocenia. W rozmowie zdradza te\u017c, jakie ma relacje z ekspartnerem. \u2014 Nie mam takiej potrzeby pokazywania [synowi], \u017ce skoro my z tatusiem nie jeste\u015bmy razem, jak my si\u0119 lubimy. Po co robi\u0107 mu takie fiu-b\u017adziu w g\u0142owie? \u2014 pyta, dodaj\u0105c, \u017ce maj\u0105 z Kr\u00f3likowskim opiek\u0119 naprzemienn\u0105. I cho\u0107 nazywa go &#8222;super tat\u0105&#8221;, nie zamierza &#8222;k\u0142ama\u0107 dziecku w oczy&#8221; i oszukiwa\u0107 rzeczywisto\u015bci. \u2014 Jest ok, ale nie jeste\u015bmy przyjaci\u00f3\u0142mi \u2014 podkre\u015bla.<\/p>\n<p class=\"Paragraph_desktopParagraph__U31Gm\">Dalej, ze \u0142zami w oczach, 31-latka przyznaje, \u017ce przesta\u0142a ufa\u0107 ludziom. \u2014 Ludzie to po prostu zwyczajne k&#8230;, niestety. [&#8230;] Nie pij\u0119 od jakiego\u015b czasu, nie imprezuj\u0119. I mam wra\u017cenie, \u017ce w trze\u017awym \u017cyciu niekt\u00f3rzy sobie nie poradzili z tym, \u017ce zacz\u0119\u0142am stawia\u0107 granice. Mam wra\u017cenie, \u017ce mnie nie szanowali przez d\u0142ugi czas. Ja te\u017c nie dawa\u0142am si\u0119 szanowa\u0107 \u2014 ujawnia.<\/p>\n<blockquote>\n<p class=\"Paragraph_desktopParagraph__U31Gm\">Jak zacz\u0119\u0142am stawia\u0107 granice, no to si\u0119 zrobi\u0142o potwornie. Straci\u0142am bardzo du\u017co ludzi, ale du\u017co ludzi te\u017c przysz\u0142o. [&#8230;] \u015amieci same si\u0119 wynios\u0142y. Teraz ju\u017c wiem, co w trawie piszczy. Jestem du\u017co silniejsza, mimo wszystko. Nie pozwalam sobie wchodzi\u0107 na g\u0142ow\u0119<\/p>\n<\/blockquote>\n<p class=\"Paragraph_desktopParagraph__U31Gm\">\u2014 s\u0142yszymy.<\/p>\n","protected":false},"excerpt":{"rendered":"31-letnia aktorka nie kryje \u017calu do serwis\u00f3w plotkarskich, kt\u00f3re \u2014 jak m\u00f3wi wprost \u2014 w &#8222;nachalny i nieprzyjemny&hellip;\n","protected":false},"author":2,"featured_media":110163,"comment_status":"","ping_status":"","sticky":false,"template":"","format":"standard","meta":{"footnotes":""},"categories":[22],"tags":[20698,122,67,24247,24246,53,52,68,51,55,42,38,40,39,41,123,47,196,65,50],"class_list":{"0":"post-110162","1":"post","2":"type-post","3":"status-publish","4":"format-standard","5":"has-post-thumbnail","7":"category-rozrywka","8":"tag-antoni_krolikowski_aktor","9":"tag-entertainment","10":"tag-intextvideo_splayer","11":"tag-jan_krolikowski","12":"tag-joanna_jarmolowicz","13":"tag-new_header","14":"tag-onet3","15":"tag-onet3d","16":"tag-onet3d_2i","17":"tag-phx","18":"tag-pl","19":"tag-poland","20":"tag-polish","21":"tag-polska","22":"tag-polski","23":"tag-rozrywka","24":"tag-screening_general","25":"tag-styl_zycia","26":"tag-update_me","27":"tag-v2021"},"share_on_mastodon":{"url":"https:\/\/pubeurope.com\/@pl\/115581715199857730","error":""},"_links":{"self":[{"href":"https:\/\/www.europesays.com\/pl\/wp-json\/wp\/v2\/posts\/110162","targetHints":{"allow":["GET"]}}],"collection":[{"href":"https:\/\/www.europesays.com\/pl\/wp-json\/wp\/v2\/posts"}],"about":[{"href":"https:\/\/www.europesays.com\/pl\/wp-json\/wp\/v2\/types\/post"}],"author":[{"embeddable":true,"href":"https:\/\/www.europesays.com\/pl\/wp-json\/wp\/v2\/users\/2"}],"replies":[{"embeddable":true,"href":"https:\/\/www.europesays.com\/pl\/wp-json\/wp\/v2\/comments?post=110162"}],"version-history":[{"count":0,"href":"https:\/\/www.europesays.com\/pl\/wp-json\/wp\/v2\/posts\/110162\/revisions"}],"wp:featuredmedia":[{"embeddable":true,"href":"https:\/\/www.europesays.com\/pl\/wp-json\/wp\/v2\/media\/110163"}],"wp:attachment":[{"href":"https:\/\/www.europesays.com\/pl\/wp-json\/wp\/v2\/media?parent=110162"}],"wp:term":[{"taxonomy":"category","embeddable":true,"href":"https:\/\/www.europesays.com\/pl\/wp-json\/wp\/v2\/categories?post=110162"},{"taxonomy":"post_tag","embeddable":true,"href":"https:\/\/www.europesays.com\/pl\/wp-json\/wp\/v2\/tags?post=110162"}],"curies":[{"name":"wp","href":"https:\/\/api.w.org\/{rel}","templated":true}]}}