{"id":110613,"date":"2025-11-20T16:04:12","date_gmt":"2025-11-20T16:04:12","guid":{"rendered":"https:\/\/www.europesays.com\/pl\/110613\/"},"modified":"2025-11-20T16:04:12","modified_gmt":"2025-11-20T16:04:12","slug":"to-jakbysmy-znalezli-sie-w-bajce-niemiecki-czempion-bije-rekordy-zajmuje-pozycje-lidera-putin-ma-wielki-problem","status":"publish","type":"post","link":"https:\/\/www.europesays.com\/pl\/110613\/","title":{"rendered":"&#8222;To jakby\u015bmy znale\u017ali si\u0119 w bajce&#8221;. Niemiecki czempion bije rekordy. &#8222;Zajmuje pozycj\u0119 lidera&#8221;. Putin ma wielki problem"},"content":{"rendered":"<p>Czo\u0142owy niemiecki koncern zbrojeniowy Rheinmetall spodziewa si\u0119 kontynuacji swojego bezprecedensowego, rekordowego rozwoju. Do 2030 r. obroty maj\u0105 wzrosn\u0105\u0107 do 50 mld euro (ok. 211 mld 610 mln z\u0142, licz\u0105c po obecnym kursie wymiany walutowej) \u2014 czyli pi\u0119ciokrotnie w por\u00f3wnaniu z 2024 r.<\/p>\n<p>&#8222;Po wzro\u015bcie obrot\u00f3w o 35 do 40 proc. w bran\u017cy zbrojeniowej w tym roku, do 2030 r. spodziewany jest \u015bredni roczny wzrost obrot\u00f3w o 32 proc. R\u00f3wnie\u017c w kolejnych latach \u2014 a\u017c do 2040 r. \u2014 nale\u017cy spodziewa\u0107 si\u0119 kontynuacji wzrostu&#8221; \u2014 powiedzia\u0142 CEO Rheinmetall Armin Papperger.<\/p>\n<p><img decoding=\"async\" src=\"https:\/\/www.europesays.com\/pl\/wp-content\/uploads\/2025\/11\/mFuk9lBaHR0cHM6Ly9vY2RuLmV1L3B1bHNjbXMvTURBXy81Mzg5NGU3MzM2MGEzMTBkZjczY2IyZTRhZTI1ZTExMy5qcGeRlQLNB.jpeg\" height=\"627\" width=\"940\" alt=\"CEO Rheinmetall Armin Papperger\" loading=\"lazy\" class=\"ods-c-image__img ods-c-image__img--viewport-width\"\/><\/p>\n<p>CEO Rheinmetall Armin PappergerLeon Neal \/ Staff \/ Getty Images<\/p>\n<p>Gdy gospodarka Niemiec pogr\u0105\u017ca si\u0119 w stagnacji, koncern zbrojeniowy za spraw\u0105 jednego czynnika wkracza w zupe\u0142nie nowe wymiary \u2014 perspektywy dla niemieckiej firmy wygl\u0105daj\u0105 nadzwyczaj obiecuj\u0105co.<\/p>\n<p class=\"ods-c-paragraph \">Inwazja na Ukrain\u0119 wywo\u0142uje obawy w Europie, co przek\u0142ada si\u0119 na wzmo\u017cenie w sektorze zbrojeniowym. Gdy wcze\u015bniej zam\u00f3wienia opiewa\u0142y na kilkaset milion\u00f3w euro, obecnie s\u0105 to zam\u00f3wienia o warto\u015bci kilku miliard\u00f3w euro. &#8222;To jakby\u015bmy znale\u017ali si\u0119 w bajce&#8221; \u2014 powiedzia\u0142 Papperger, odnosz\u0105c si\u0119 do celu kanclerza Friedricha Merza, jakim jest przekszta\u0142cenie Bundeswehry w <a href=\"https:\/\/www.onet.pl\/informacje\/deutsche-welle\/niemiecka-armia-sie-zbroi-nowe-czolgi-szersze-uprawnienia\/lmgg235,0666d3f1\" id=\"83c2c729-7e72-4b24-8732-44d2724bb301\" rel=\"nofollow noopener\" target=\"_blank\">najsilniejsz\u0105 armi\u0119 w Europie<\/a>.<\/p>\n<p><img decoding=\"async\" src=\"https:\/\/www.europesays.com\/pl\/wp-content\/uploads\/2025\/11\/oXPk9lBaHR0cHM6Ly9vY2RuLmV1L3B1bHNjbXMvTURBXy9mZTY5MDM4YTMzODIyMjE5MjczZTJiMDdiN2U3NTA0Ny5qcGeRlQLNB.jpeg\" height=\"633\" width=\"940\" alt=\"Stoisko koncernu Rheinmetall na targach zbrojeniowych\" loading=\"lazy\" class=\"ods-c-image__img ods-c-image__img--viewport-width\"\/><\/p>\n<p>Stoisko koncernu Rheinmetall na targach zbrojeniowychJohn Keeble \/ Contributor \/ Getty Images<\/p>\n<p class=\"ods-c-paragraph \">Wydatki zbrojeniowe Niemiec maj\u0105 wzrosn\u0105\u0107 do ok. 180 mld euro (ok. 761 mld 710 mln z\u0142, licz\u0105c po obecnym kursie walutowym) w 2030 r. Ponadto NATO podj\u0119\u0142o <a href=\"https:\/\/www.onet.pl\/informacje\/onetwiadomosci\/przelomowa-decyzja-nato-chodzi-o-wydatki-na-obronnosc\/bkkjp3t,79cfc278\" id=\"5c41bfef-e740-4f12-b40d-b8a31649f859\" rel=\"nofollow noopener\" target=\"_blank\">decyzj\u0119 o zwi\u0119kszeniu wydatk\u00f3w na obronno\u015b\u0107<\/a>. &#8222;Rheinmetall zajmuje pozycj\u0119 lidera w zakresie rozwoju NATO&#8221; \u2014 powiedzia\u0142 szef Rheinmetall.<\/p>\n<p class=\"ods-c-paragraph \">Jak powiedzia\u0142 Papperger, firma przechodzi proces transformacji w kierunku koncernu oferuj\u0105cego tak\u017ce cyfrowe produkty dla przemys\u0142u zbrojeniowego. &#8222;Rheinmetall staje si\u0119 cyfrowym dostawc\u0105 system\u00f3w&#8221; \u2014 powiedzia\u0142 Papperger. Jest to r\u00f3wnie\u017c pow\u00f3d rozszerzenia dzia\u0142alno\u015bci Rheinmetall. Trwaj\u0105 prace nad pojazdami autonomicznymi.<\/p>\n<p class=\"ods-c-paragraph \">Do nowych dzia\u0142a\u0144 Rheinmetall nale\u017cy wej\u015bcie w sektor budowy samolot\u00f3w bojowych poprzez produkcj\u0119 kluczowych komponent\u00f3w do ameryka\u0144skiego my\u015bliwca F-35. Firma og\u0142osi\u0142a ponadto przej\u0119cie breme\u0144skiej grupy Luerssen (Naval Vessels Luerssen, NVL) zajmuj\u0105cej si\u0119 budow\u0105 okr\u0119t\u00f3w wojskowych.<\/p>\n<p class=\"ods-c-paragraph \">Sama dzia\u0142alno\u015b\u0107 w obszarze morskim ma przynie\u015b\u0107 do 2030 r. ok. pi\u0119ciu mld euro (ok. 21 mld z\u0142) obrotu. Nowo\u015bci\u0105 s\u0105 r\u00f3wnie\u017c dzia\u0142ania zwi\u0105zane z przestrzeni\u0105 kosmiczn\u0105, obejmuj\u0105ce budow\u0119 satelit\u00f3w rozpoznawczych z radarami w ramach joint venture z fi\u0144sk\u0105 firm\u0105 Iceye. W ramach joint venture, w kt\u00f3rym Rheinmetall ma 60-proc. udzia\u0142, planowana jest pocz\u0105tkowo budowa 40 satelit\u00f3w w Neuss, ale Niemcy chc\u0105 zam\u00f3wi\u0107 a\u017c 400 satelit\u00f3w, jak stwierdzi\u0142 Papperger.<\/p>\n<p class=\"ods-c-paragraph \">Obecnie Rheinmetall przechodzi z produkcji jednostkowej na masow\u0105 poprzez dalsz\u0105 automatyzacj\u0119 i zamierza zainwestowa\u0107 w ten cel miliardy euro. Podczas gdy wcze\u015bniej produkowano tylko kilkadziesi\u0105t transporter\u00f3w opancerzonych Boxer rocznie, obecnie planowana jest produkcja 1000 pojazd\u00f3w rocznie. Boxer jest produkowany w ramach joint venture z niemiecko-francuskim koncernem zbrojeniowym KNDS.<\/p>\n<p class=\"ods-c-paragraph \">Rheinmetall zamierza dokona\u0107 kolejnych zakup\u00f3w. Oczekuje si\u0119, \u017ce przej\u0119cia b\u0119d\u0105 mia\u0142y warto\u015b\u0107 ok. 1 mld euro (ok. 4 mld 200 mln z\u0142) rocznie. W przedstawionych obecnie prognozach nie uwzgl\u0119dniono jeszcze kilku potencjalnych du\u017cych zam\u00f3wie\u0144. Rheinmetall ubiega si\u0119 w Stanach Zjednoczonych o zam\u00f3wienie na nast\u0119pc\u0119 transportera opancerzonego Bradley, oferuj\u0105c model oparty na opracowanym przez Rheinmetall Lynx. Rozwa\u017ca si\u0119 zam\u00f3wienie nawet 3800 modeli.<\/p>\n<p class=\"ods-c-paragraph \">Koncern przekaza\u0142 r\u00f3wnie\u017c w\u0142a\u015bciwym niemieckim ministerstwom <a href=\"https:\/\/wiadomosci.onet.pl\/swiat\/niemcy-wierza-ze-znalezli-sposob-na-drony-wszystkie-zostana-zlikwidowane-media-polska\/18987s3\" id=\"75c88513-d90b-436f-9f1f-ad616b5cdc1c\" rel=\"nofollow noopener\" target=\"_blank\">koncepcj\u0119 ochrony przed dronami<\/a> dla prawie 2000 lokalizacji z infrastruktur\u0105 krytyczn\u0105, takich jak obiekty Bundeswehry lub instalacje energetyczne. \u0141\u0105czna warto\u015b\u0107 zam\u00f3wie\u0144 wynios\u0142aby 81 mld euro (ok. 342 mld 760 mln z\u0142, licz\u0105c po obecnym kursie wymiany walutowej). Mowa o systemach obronnych Skynex lub Skyranger oraz technologii rozpoznawczej Skyspotter. Ochrona ca\u0142ej licz\u0105cej 1286 km granicy zewn\u0119trznej Niemiec na wschodzie kosztowa\u0142aby ok. 24 mld euro (ok. 101 mld 560 mln z\u0142).<\/p>\n<p class=\"ods-c-paragraph \">Papperger zak\u0142ada, \u017ce w po\u0142owie przysz\u0142ego roku warto\u015b\u0107 portfela zam\u00f3wie\u0144 wzro\u015bnie do ok. 120 mld euro (niemal 508 mld z\u0142). Zapowiedzia\u0142 r\u00f3wnie\u017c dalsze wysokie zyski z sektorze zbrojeniowym. <\/p>\n<p class=\"ods-c-paragraph \">Dzia\u0142alno\u015b\u0107 zwi\u0105zana z przemys\u0142em motoryzacyjnym, kt\u00f3ra niegdy\u015b by\u0142a \u017ar\u00f3d\u0142em dochod\u00f3w koncernu, jest na sprzeda\u017c. Trwaj\u0105 ostatnie negocjacje dotycz\u0105ce dzia\u0142u Power Systems z trzema potencjalnymi nabywcami.<\/p>\n<p>&#8222;Europa jest w niebezpiecze\u0144stwie&#8221;<\/p>\n<p class=\"ods-c-paragraph \">W 2030 r. zysk operacyjny z dzia\u0142alno\u015bci zbrojeniowej ma wynie\u015b\u0107 ponad 20 proc. przy obecnym poziomie 15,5 proc. <a href=\"https:\/\/wiadomosci.onet.pl\/swiat\/nasze-portfele-zamowien-sa-pelne-rekordowe-zyski-niemieckiego-giganta-chce-byc\/zw788d6\" id=\"4ed682c5-7989-4f9b-b353-c0ff9c793566\" rel=\"nofollow noopener\" target=\"_blank\">Najbardziej dochodowym obszarem<\/a>, z ok. 30-procentowym zyskiem, jest obecnie sektor broni i amunicji. Poziom ten ma zosta\u0107 utrzymany do 2030 r.<\/p>\n<p class=\"ods-c-paragraph \">Plany te zosta\u0142y dobrze przyj\u0119te na gie\u0142dzie. 18 listopada w godzinach przedpo\u0142udniowych akcje Rheinmetall wzros\u0142y wbrew trendowi o ponad cztery proc., staj\u0105c si\u0119 tym samym najwi\u0119kszym zwyci\u0119zc\u0105 w indeksie Dax, po po\u0142udniu jednak zyski kursowe ponownie spad\u0142y w og\u00f3lnie s\u0142abym otoczeniu.<\/p>\n<p class=\"ods-c-paragraph \">Papperger wprowadza r\u00f3wnie\u017c now\u0105 struktur\u0119 Rheinmetall z pi\u0119cioma dzia\u0142ami, aby m\u00f3c sprosta\u0107 wzrostowi. Obejmuje ona pojazdy bojowe, amunicj\u0119, obron\u0119 powietrzn\u0105, technologie cyfrowe i marynark\u0119 wojenn\u0105. W 2030 r. 13 do 15 mld euro obrot\u00f3w (od 55 mld z\u0142 do 63 mld 500 mln z\u0142) ma pochodzi\u0107 z dzia\u0142alno\u015bci zwi\u0105zanej z pojazdami bojowymi, a 14 do 16 mld euro (od 59 mld z\u0142 do 67 mld 700 mln z\u0142) ma pochodzi\u0107 ze sprzeda\u017cy amunicji.<\/p>\n<p class=\"ods-c-paragraph \">Rheinmetall jest ju\u017c najwi\u0119kszym producentem amunicji w Europie. Do 2030 r. Rheinmetall chce osi\u0105gn\u0105\u0107 ok. 3\u20134 mld euro (13-17 mld z\u0142) zysk\u00f3w z produkcji w sektorze obrony powietrznej, na przyk\u0142ad przeciwko dronom. Osiem do 10 mld euro (34-42 mld z\u0142) ma pochodzi\u0107 z dzia\u0142alno\u015bci zwi\u0105zanej z cyfryzacj\u0105, kt\u00f3ra obejmuje r\u00f3wnie\u017c satelity.<\/p>\n<p class=\"ods-c-paragraph \">&#8222;Europa jest w niebezpiecze\u0144stwie, a Rheinmetall jest jedn\u0105 z firm, kt\u00f3re nas chroni\u0105&#8221; \u2014 <a href=\"https:\/\/wiadomosci.onet.pl\/swiat\/niemcy-sie-zbroja-rozmowa-z-prezesem-koncernu-zbrojeniowego-rheinmetall\/w87k7hb\" id=\"804158d3-4750-40a3-9c63-c4fa63b2c4a1\" rel=\"nofollow noopener\" target=\"_blank\">powiedzia\u0142 prezes zarz\u0105du firmy<\/a>. Nie ma obaw o rozw\u00f3j zatrudnienia. W tym roku do Rheinmetall wp\u0142yn\u0119\u0142o ok. 300 tys. poda\u0144 o prac\u0119.<\/p>\n","protected":false},"excerpt":{"rendered":"Czo\u0142owy niemiecki koncern zbrojeniowy Rheinmetall spodziewa si\u0119 kontynuacji swojego bezprecedensowego, rekordowego rozwoju. Do 2030 r. obroty maj\u0105 wzrosn\u0105\u0107&hellip;\n","protected":false},"author":2,"featured_media":110614,"comment_status":"","ping_status":"","sticky":false,"template":"","format":"standard","meta":{"footnotes":"","_share_on_mastodon":"0"},"categories":[16],"tags":[56,113,3096,112,189,76,48,160,295,46,42,38,40,39,41,12115,87,47,80],"class_list":["post-110613","post","type-post","status-publish","format-standard","has-post-thumbnail","category-biznes","tag-article_premium","tag-biznes","tag-bundeswehra","tag-business","tag-europa","tag-inwazja_rosji_na_ukraine","tag-nat_styl","tag-nato","tag-niemcy","tag-omp","tag-pl","tag-poland","tag-polish","tag-polska","tag-polski","tag-rheinmetall","tag-rosja","tag-screening_general","tag-swiat"],"share_on_mastodon":{"url":"https:\/\/pubeurope.com\/@pl\/115582878719529054","error":""},"_links":{"self":[{"href":"https:\/\/www.europesays.com\/pl\/wp-json\/wp\/v2\/posts\/110613","targetHints":{"allow":["GET"]}}],"collection":[{"href":"https:\/\/www.europesays.com\/pl\/wp-json\/wp\/v2\/posts"}],"about":[{"href":"https:\/\/www.europesays.com\/pl\/wp-json\/wp\/v2\/types\/post"}],"author":[{"embeddable":true,"href":"https:\/\/www.europesays.com\/pl\/wp-json\/wp\/v2\/users\/2"}],"replies":[{"embeddable":true,"href":"https:\/\/www.europesays.com\/pl\/wp-json\/wp\/v2\/comments?post=110613"}],"version-history":[{"count":0,"href":"https:\/\/www.europesays.com\/pl\/wp-json\/wp\/v2\/posts\/110613\/revisions"}],"wp:featuredmedia":[{"embeddable":true,"href":"https:\/\/www.europesays.com\/pl\/wp-json\/wp\/v2\/media\/110614"}],"wp:attachment":[{"href":"https:\/\/www.europesays.com\/pl\/wp-json\/wp\/v2\/media?parent=110613"}],"wp:term":[{"taxonomy":"category","embeddable":true,"href":"https:\/\/www.europesays.com\/pl\/wp-json\/wp\/v2\/categories?post=110613"},{"taxonomy":"post_tag","embeddable":true,"href":"https:\/\/www.europesays.com\/pl\/wp-json\/wp\/v2\/tags?post=110613"}],"curies":[{"name":"wp","href":"https:\/\/api.w.org\/{rel}","templated":true}]}}