{"id":110639,"date":"2025-11-20T16:28:09","date_gmt":"2025-11-20T16:28:09","guid":{"rendered":"https:\/\/www.europesays.com\/pl\/110639\/"},"modified":"2025-11-20T16:28:09","modified_gmt":"2025-11-20T16:28:09","slug":"jaroslaw-kaczynski-o-zagrozeniu-ze-strony-niemiec-wskazuje-na-afd","status":"publish","type":"post","link":"https:\/\/www.europesays.com\/pl\/110639\/","title":{"rendered":"Jaros\u0142aw Kaczy\u0144ski o zagro\u017ceniu ze strony Niemiec. Wskazuje na AfD"},"content":{"rendered":"<p class=\"ods-c-paragraph \">Prezes PiS w czasie konferencji prasowej krytykowa\u0142 dzia\u0142ania pa\u0144stwa po aktach dywersji na kolei. \u2014 Polska nie jest dzi\u015b bezpieczna \u2014 oceni\u0142. M\u00f3wi\u0142 o &#8222;braku odpowiedzialnej, szybkiej decyzji&#8221;. Stwierdzi\u0142, \u017ce mamy obecnie do czynienia &#8222;ze stanem zagro\u017cenia podw\u00f3jnego&#8221;. \u2014 Pierwsze zagro\u017cenie jest ze strony Rosji, drugim zagro\u017ceniem jest rz\u0105d \u2014 powiedzia\u0142.<\/p>\n<p>Prof. Nowak i &#8222;pr\u00f3ba dialogu&#8221; z AfD<\/p>\n<p class=\"ods-c-paragraph \">Kaczy\u0144ski zosta\u0142 zapytany o to, czy jego antyniemieckie wypowiedzi w sytuacji zagro\u017cenia dla kraju nie os\u0142abiaj\u0105 pozycji Polski. W odpowiedzi prezes PiS nawi\u0105za\u0142 do <a href=\"https:\/\/wiadomosci.onet.pl\/swiat\/polityk-afd-z-szokujacymi-slowami-o-polakach-sa-afroamerykanami-europy\/z5rhsvc\" id=\"cceba011-acde-4cc2-86ed-7bb6a628268e\" rel=\"nofollow noopener\" target=\"_blank\">skandalicznych wypowiedzi polityka skrajnie prawicowej Alternatywy dla Niemiec (AfD) Fabiana Keubela<\/a>. \u2014 Ja panu powiem, \u017ce jest tak, \u017ce dzi\u015b w Niemczech najsilniejsza partia [wed\u0142ug <a href=\"https:\/\/www.onet.pl\/informacje\/deutsche-welle\/niemiecka-afd-z-nowym-rekordem-w-sondazach\/38q6jcj,0666d3f1\" id=\"e6458279-86c8-4124-9e96-2945935af0e8\" rel=\"nofollow noopener\" target=\"_blank\">pa\u017adziernikowego sonda\u017cu INSA na AfD chce ju\u017c g\u0142osowa\u0107 27 proc. Niemc\u00f3w<\/a> \u2014 red.] w odpowiedzi na pr\u00f3b\u0119 dialogu z naszej strony, odpowiada gromko, \u017ce &#8222;jeste\u015bmy Afroamerykanami&#8221; i lud\u017ami, kt\u00f3rzy rzekomo odwo\u0142uj\u0105 si\u0119 tylko do swoich krzywd \u2014 m\u00f3wi\u0142 prezes PiS.<\/p>\n<p>Dalszy ci\u0105g artyku\u0142u pod materia\u0142em wideo<\/p>\n<p> Jakie wypowiedzi dotycz\u0105ce Niemiec z\u0142o\u017cy\u0142 Jaros\u0142aw Kaczy\u0144ski? <\/p>\n<p> Co powiedzia\u0142 Kaczy\u0144ski o sytuacji bezpiecze\u0144stwa Polski? <\/p>\n<p> Jaka partia w Niemczech jest obecnie najsilniejsza? <\/p>\n<p> Co s\u0105dzi Kaczy\u0144ski o wsp\u00f3\u0142pracy rosyjsko-niemieckiej? <\/p>\n<p class=\"ods-c-paragraph \">Jak wyja\u015bni\u0142 dalej, taka reakcja mia\u0142a by\u0107 odpowiedzi\u0105 na wyst\u0105pienie podczas konferencji AfD w Berlinie prof. Andrzeja Nowaka. Udzia\u0142 prof. Nowaka, <a href=\"https:\/\/www.onet.pl\/informacje\/deutsche-welle\/doradca-prezydenta-na-debacie-afd-dom-polsko-niemiecki-to-dobry-pomysl\/kbzldj9,0666d3f1\" id=\"0a7fc696-862e-4b9b-98ff-6c09fe45dd2c\" rel=\"nofollow noopener\" target=\"_blank\">doradcy prezydenta Nawrockiego, w debacie organizowanej przez niemieck\u0105 skrajn\u0105 prawic\u0119 wywo\u0142a\u0142 w Polsce fal\u0119 oburzenia. <\/a>W swoim wyst\u0105pieniu naukowiec m\u00f3wi\u0142 o liczbie polskich ofiar nazizmu, kt\u00f3re nie zosta\u0142y dot\u0105d w odpowiedni spos\u00f3b uhonorowane w Niemczech.<\/p>\n<p class=\"ods-c-paragraph \">\u2014 Ta furia, kwestionowanie naszych granic, to wszystko pokazuje, \u017ce musimy patrze\u0107 r\u00f3wnie\u017c w tamt\u0105 stron\u0119. Poza tym wsp\u00f3\u0142praca rosyjsko-niemiecka jest pewn\u0105 tradycj\u0105, nie wierz\u0119, \u017ce pan o niej nie wiedzia\u0142 \u2014 m\u00f3wi\u0142 Kaczy\u0144ski, zwracaj\u0105c si\u0119 do dziennikarza.<\/p>\n<p class=\"ods-c-paragraph \">\u2014 Ta zmiana w Europie, kt\u00f3r\u0105 Niemcy planuj\u0105, to wsp\u00f3lne pa\u0144stwo europejskie, by\u0142oby one poprzez Niemcy w bardzo dobrych stosunkach z Rosj\u0105 i Rosja by\u0142aby tu bardzo wp\u0142ywowym graczem. Sytuacja Polski w tej sytuacji by\u0142aby fatalna i nie mo\u017cna na to nie zwraca\u0107 uwagi \u2014 stwierdzi\u0142 prezes PiS.<\/p>\n<p>   Szokuj\u0105ce s\u0142owa polityka AfD o Polsce i Polakach<\/p>\n<p class=\"ods-c-paragraph \">Wcze\u015bniej we wpisie na portalu X do s\u0142\u00f3w polityka AfD odni\u00f3s\u0142 si\u0119 Donald Tusk.<a href=\"https:\/\/wiadomosci.onet.pl\/kraj\/donald-tusk-reaguje-na-slowa-polityka-afd-o-polakach-zwrocil-sie-do-prezydenta\/pfrldtr\" id=\"692a80fe-2ae5-4627-ba35-356e1ba68188\" rel=\"nofollow noopener\" target=\"_blank\"> Uderzy\u0142 przy tym m.in. w Kaczy\u0144skiego, pisz\u0105c o jego &#8222;ulubionej niemieckiej partii&#8221;. <\/a><\/p>\n<p class=\"ods-c-paragraph \">Sam Keubel stwierdzi\u0142 m.in., \u017ce Polska jest najwi\u0119kszym zagro\u017ceniem dla Niemiec i dokona\u0142a zaboru niemieckich ziem. &#8222;Bycie ofiar\u0105 jest cz\u0119\u015bci\u0105 to\u017csamo\u015bci narodowej Polak\u00f3w. S\u0105 po prostu Afroamerykanami Europy&#8221; \u2014 <a href=\"https:\/\/wiadomosci.onet.pl\/swiat\/polityk-afd-z-szokujacymi-slowami-o-polakach-sa-afroamerykanami-europy\/z5rhsvc\" id=\"837571e0-5365-4341-a62d-2d77e0375d71\" rel=\"nofollow noopener\" target=\"_blank\">stwierdzi\u0142 m.in. w serwisie X. <\/a>Wypowiedzi Keubela by\u0142y <a href=\"https:\/\/wiadomosci.onet.pl\/swiat\/kuriozalne-slowa-w-niemieckiej-telewizji-polityk-afd-polska-moze-byc-zagrozeniem\/1ty9619\" id=\"7e88a7fb-5f67-48df-a9e3-46d7aa0ee571\" rel=\"nofollow noopener\" target=\"_blank\">komentarzem do wywiadu, w kt\u00f3rym wsp\u00f3\u0142przewodnicz\u0105cy AfD Tino Chrupalla oceni\u0142<\/a>, \u017ce Rosja nie jest zagro\u017ceniem dla Niemiec, a potencjalnie wi\u0119kszym zagro\u017ceniem mo\u017ce by\u0107 ka\u017cdy inny kraj, w tym Polska.<\/p>\n<p class=\"ods-c-paragraph \">Na te s\u0142owa zdecydowanie zareagowa\u0142 minister spraw wewn\u0119trznych Niemiec, chadek Alexander Dobrindt, kt\u00f3ry okre\u015bli\u0142 je jako &#8222;kompletn\u0105 bzdur\u0119&#8221;. \u2014 Wystarczy spojrze\u0107 na \u015bwiat, \u017ceby zrozumie\u0107, \u017ce s\u0105 partnerzy, z kt\u00f3rymi \u015bci\u015ble wsp\u00f3\u0142pracujemy, z kt\u00f3rymi jeste\u015bmy \u015bci\u015ble powi\u0105zani w Unii Europejskiej oraz w NATO. Z drugiej strony mamy Rosj\u0119, kt\u00f3ra od wielu lat prowadzi wojn\u0119 z s\u0105siadem, jakim jest Ukraina \u2014 m\u00f3wi\u0142. \u2014 Jak mo\u017cna pr\u00f3bowa\u0107 odwraca\u0107 sytuacj\u0119, argumentowa\u0107 i twierdzi\u0107, \u017ce to nie Rosja jest problemem, ale Polska? \u2014 pyta\u0142 minister, <a href=\"https:\/\/www.onet.pl\/informacje\/deutsche-welle\/niemiecki-minister-o-wypowiedzi-lidera-afd-o-polsce-kompletna-bzdura\/j5ecxmm,0666d3f1\" id=\"798693b3-4c76-41f6-92f1-136b9a471433\" rel=\"nofollow noopener\" target=\"_blank\">cytowany przez Deutsche Welle. <\/a><\/p>\n","protected":false},"excerpt":{"rendered":"Prezes PiS w czasie konferencji prasowej krytykowa\u0142 dzia\u0142ania pa\u0144stwa po aktach dywersji na kolei. \u2014 Polska nie jest&hellip;\n","protected":false},"author":2,"featured_media":110640,"comment_status":"","ping_status":"","sticky":false,"template":"","format":"standard","meta":{"footnotes":""},"categories":[5],"tags":[854,32,33,4096,36,37,27,422,49,34,35,28,31,48,25,295,46,529,42,38,40,39,41,87,47,29,30,26],"class_list":{"0":"post-110639","1":"post","2":"type-post","3":"status-publish","4":"format-standard","5":"has-post-thumbnail","7":"category-naglowki","8":"tag-afd","9":"tag-breaking-news","10":"tag-breakingnews","11":"tag-dywersja","12":"tag-featured-news","13":"tag-featurednews","14":"tag-headlines","15":"tag-jaroslaw_kaczynski","16":"tag-kraj","17":"tag-latest-news","18":"tag-latestnews","19":"tag-naglowki","20":"tag-najwazniejsze-artykuly","21":"tag-nat_styl","22":"tag-news","23":"tag-niemcy","24":"tag-omp","25":"tag-pis","26":"tag-pl","27":"tag-poland","28":"tag-polish","29":"tag-polska","30":"tag-polski","31":"tag-rosja","32":"tag-screening_general","33":"tag-top-stories","34":"tag-topstories","35":"tag-wiadomosci"},"share_on_mastodon":{"url":"https:\/\/pubeurope.com\/@pl\/115582972916662452","error":""},"_links":{"self":[{"href":"https:\/\/www.europesays.com\/pl\/wp-json\/wp\/v2\/posts\/110639","targetHints":{"allow":["GET"]}}],"collection":[{"href":"https:\/\/www.europesays.com\/pl\/wp-json\/wp\/v2\/posts"}],"about":[{"href":"https:\/\/www.europesays.com\/pl\/wp-json\/wp\/v2\/types\/post"}],"author":[{"embeddable":true,"href":"https:\/\/www.europesays.com\/pl\/wp-json\/wp\/v2\/users\/2"}],"replies":[{"embeddable":true,"href":"https:\/\/www.europesays.com\/pl\/wp-json\/wp\/v2\/comments?post=110639"}],"version-history":[{"count":0,"href":"https:\/\/www.europesays.com\/pl\/wp-json\/wp\/v2\/posts\/110639\/revisions"}],"wp:featuredmedia":[{"embeddable":true,"href":"https:\/\/www.europesays.com\/pl\/wp-json\/wp\/v2\/media\/110640"}],"wp:attachment":[{"href":"https:\/\/www.europesays.com\/pl\/wp-json\/wp\/v2\/media?parent=110639"}],"wp:term":[{"taxonomy":"category","embeddable":true,"href":"https:\/\/www.europesays.com\/pl\/wp-json\/wp\/v2\/categories?post=110639"},{"taxonomy":"post_tag","embeddable":true,"href":"https:\/\/www.europesays.com\/pl\/wp-json\/wp\/v2\/tags?post=110639"}],"curies":[{"name":"wp","href":"https:\/\/api.w.org\/{rel}","templated":true}]}}