{"id":110740,"date":"2025-11-20T17:40:11","date_gmt":"2025-11-20T17:40:11","guid":{"rendered":"https:\/\/www.europesays.com\/pl\/110740\/"},"modified":"2025-11-20T17:40:11","modified_gmt":"2025-11-20T17:40:11","slug":"zalal-sie-lzami-w-finale-top-model-w-emocjonalnym-wpisie-mowi-o-przegranej","status":"publish","type":"post","link":"https:\/\/www.europesays.com\/pl\/110740\/","title":{"rendered":"Zala\u0142 si\u0119 \u0142zami w finale &#8222;Top Model&#8221;. W emocjonalnym wpisie m\u00f3wi o przegranej"},"content":{"rendered":"<p class=\"ods-c-paragraph \">W finale &#8222;Top Model&#8221; czterech uczestnik\u00f3w rywalizowa\u0142o o g\u0142\u00f3wn\u0105 wygran\u0105. Ostatecznie zwyci\u0119zc\u0105 zosta\u0142 Micha\u0142 Kot.<\/p>\n<p class=\"ods-c-paragraph \">\u2014 To jest spe\u0142nienie moich marze\u0144, naprawd\u0119. Nie wiem, jak to przekaza\u0107, \u017ceby to by\u0142o szczere i prawdziwe, ale to, co teraz robi\u0119, jest spe\u0142nieniem moich marze\u0144 \u2014 <a href=\"https:\/\/plejada.pl\/wideo\/wygral-200-tys-zl-w-top-model-mowi-o-przyszlosci-nie-jestem-juz-glupi\/n5d6vtn\" id=\"e2531751-bae5-4a09-945d-24e51cf98941\" rel=\"nofollow noopener\" target=\"_blank\">podzieli\u0142 si\u0119 emocjami w rozmowie z Plejad\u0105<\/a>. Z kolei drugie miejsce przypad\u0142o Mateuszowi Kr\u00f3lowi, kt\u00f3ry nie kry\u0142 \u0142ez po us\u0142yszeniu werdyktu.<\/p>\n<p>Dalszy ci\u0105g artyku\u0142u pod materia\u0142em wideo<\/p>\n<p> Kto zaj\u0105\u0142 drugie miejsce w finale 'Top Model&#8217;? <\/p>\n<p> Kto wygra\u0142 14. sezon 'Top Model&#8217;? <\/p>\n<p> Co Mateusz Kr\u00f3l napisa\u0142 w swoim emocjonalnym wpisie? <\/p>\n<p> Jakie by\u0142y emocje Mateusza Kr\u00f3la po finale? <\/p>\n<p>  Zala\u0142 si\u0119 \u0142zami w finale &#8222;Top Model&#8221;. &#8222;Tak bardzo marzy\u0142em o wygranej&#8221;<\/p>\n<p class=\"ods-c-paragraph \">Dzie\u0144 po wielkim finale Mateusz Kr\u00f3l opublikowa\u0142 emocjonalny wpis, w kt\u00f3rym otwarcie przyzna\u0142, \u017ce marzy\u0142 o zwyci\u0119stwie ostatniej edycji &#8222;Top Model&#8221;. &#8222;Nie uda\u0142o si\u0119\u2026&#8221; \u2014 rozpocz\u0105\u0142.<\/p>\n<blockquote class=\"ods-o-quota\">\n<p class=\"ods-o-quota__paragraph\">Schodz\u0105c ze sceny, nie ukry\u0142em \u0142ez, bo tylko ja wiem, ile wysi\u0142ku i pracy nad sob\u0105 w\u0142o\u017cy\u0142em, by znale\u017a\u0107 si\u0119 w miejscu, w kt\u00f3rym jestem dzi\u015b. Dlatego tak bardzo marzy\u0142em o wygranej<\/p>\n<\/blockquote>\n<p class=\"ods-c-paragraph \">&#8222;Wiem jednak, \u017ce nic nie dzieje si\u0119 bez przyczyny, a los zawsze prowadzi nas tam, gdzie powinni\u015bmy si\u0119 znale\u017a\u0107. Mo\u017ce ma dla mnie co\u015b jeszcze lepszego?&#8221; \u2014 napisa\u0142, po czym zwr\u00f3ci\u0142 si\u0119 do laureata, gratuluj\u0105c mu wygranej oraz podzi\u0119kowa\u0142 produkcji za udzia\u0142 w show.<\/p>\n<p class=\"ods-c-paragraph \">&#8222;[Micha\u0142] r\u00f3wnie\u017c na to zas\u0142u\u017cy\u0142e\u015b, i nikt nie ma prawa podwa\u017ca\u0107 twojego zwyci\u0119stwa. Dzi\u0119kuj\u0119 ci r\u00f3wnie\u017c za wszystko i gratuluj\u0119&#8221; \u2014 przekaza\u0142.<\/p>\n<blockquote class=\"ods-o-quota\">\n<p class=\"ods-o-quota__paragraph\">Wam kochani widzowie dzi\u0119kuj\u0119 za ogl\u0105danie (&#8230;) oraz ci kt\u00f3rzy g\u0142osowali\u015bcie i wspierali\u015bcie mnie przez ca\u0142y ten czas, mog\u0119 obieca\u0107 jedno: b\u0119d\u0119 dalej pracowa\u0107, rozwija\u0107 si\u0119 i i\u015b\u0107 naprz\u00f3d. Takie by\u0142o moje za\u0142o\u017cenie od samego pocz\u0105tku<\/p>\n<\/blockquote>\n<p class=\"ods-c-paragraph \">&#8222;Nie poddam si\u0119 tak \u0142atwo, serduszka. To dopiero pocz\u0105tek\u2026&#8221; \u2014 podsumowa\u0142.<\/p>\n<p><img decoding=\"async\" src=\"https:\/\/www.europesays.com\/pl\/wp-content\/uploads\/2025\/11\/x2ck9lBaHR0cHM6Ly9vY2RuLmV1L3B1bHNjbXMvTURBXy8zNzY1ZmIxNmQ1NTMwYTAwNWVmNWUzZWEwYjU0OWQyOS5qcGeRlQLNA.jpeg\" height=\"529\" width=\"940\" alt=\"Top Model. Mateusz Kr\u00f3l\" loading=\"lazy\" class=\"ods-c-image__img ods-c-image__img--vertical\"\/><\/p>\n<p>Top Model. Mateusz Kr\u00f3lMarcin Tyszka \/ TVN<\/p>\n<p class=\"ods-c-paragraph \">Dzi\u0119kujemy, \u017ce przeczyta\u0142a\u015b\/e\u015b nasz artyku\u0142 do ko\u0144ca. W serwisie Plejada.pl ka\u017cdego dnia piszemy o najwa\u017cniejszych wydarzeniach show-biznesowych. B\u0105d\u017a na bie\u017c\u0105co! <a rel=\"nofollow noopener\" href=\"https:\/\/profile.google.com\/cp\/Cg0vZy8xMWJ6X19wdHBx\" id=\"1850a17a-c3fd-4fa0-ae9f-c77196d0b975\" target=\"_blank\">Obserwuj<\/a> Plejad\u0119 w Google. Odwied\u017a nas tak\u017ce na <a rel=\"nofollow noopener\" href=\"https:\/\/www.facebook.com\/plejadapl\" id=\"74f8f117-92e6-4a7f-b70c-2088a8e86bd1\" target=\"_blank\">Facebooku<\/a>, <a rel=\"nofollow noopener\" href=\"https:\/\/www.instagram.com\/plejadapl\/\" id=\"e550f552-78a6-4d8a-b335-89a9348b99db\" target=\"_blank\">Instagramie<\/a>, <a rel=\"nofollow noopener\" href=\"https:\/\/www.youtube.com\/c\/plejada\" id=\"c648a2e1-985a-477b-96cd-424b41123601\" target=\"_blank\">YouTubie<\/a> oraz <a rel=\"nofollow noopener\" href=\"https:\/\/www.tiktok.com\/@plejada_pl\" id=\"688d8953-d9fe-45b2-88ea-a4da33f55b67\" target=\"_blank\">TikToku<\/a>.<\/p>\n<p class=\"ods-c-paragraph \">Chcesz podzieli\u0107 si\u0119 ciekawym newsem lub zaproponowa\u0107 temat? Skontaktuj si\u0119 z nami, pisz\u0105c maila na adres: <a rel=\"nofollow noopener\" href=\"https:\/\/plejada.pl\/newsy\/zalal-sie-lzami-w-finale-top-model-w-emocjonalnym-wpisie-mowi-o-przegranej\/mailto:plejada@redakcjaonet.pl\" id=\"419a6ce2-d21a-4d6c-8b1f-9e1f971663da\" target=\"_blank\">plejada@redakcjaon<\/a><a rel=\"nofollow noopener\" href=\"https:\/\/et.pl\/\" id=\"6e7ac7f4-7685-4c05-a3cc-0d0511fd010a\" target=\"_blank\">et.pl<\/a>.<\/p>\n<p><script async src=\"\/\/www.instagram.com\/embed.js\"><\/script><script async src=\"\/\/www.tiktok.com\/embed.js\"><\/script><\/p>\n","protected":false},"excerpt":{"rendered":"W finale &#8222;Top Model&#8221; czterech uczestnik\u00f3w rywalizowa\u0142o o g\u0142\u00f3wn\u0105 wygran\u0105. Ostatecznie zwyci\u0119zc\u0105 zosta\u0142 Micha\u0142 Kot. \u2014 To jest&hellip;\n","protected":false},"author":2,"featured_media":110741,"comment_status":"","ping_status":"","sticky":false,"template":"","format":"standard","meta":{"footnotes":""},"categories":[22],"tags":[122,48,125,46,42,38,40,39,41,123,47,313,318],"class_list":{"0":"post-110740","1":"post","2":"type-post","3":"status-publish","4":"format-standard","5":"has-post-thumbnail","7":"category-rozrywka","8":"tag-entertainment","9":"tag-nat_styl","10":"tag-newsy","11":"tag-omp","12":"tag-pl","13":"tag-poland","14":"tag-polish","15":"tag-polska","16":"tag-polski","17":"tag-rozrywka","18":"tag-screening_general","19":"tag-top_model","20":"tag-tvn"},"share_on_mastodon":{"url":"https:\/\/pubeurope.com\/@pl\/115583256216901398","error":""},"_links":{"self":[{"href":"https:\/\/www.europesays.com\/pl\/wp-json\/wp\/v2\/posts\/110740","targetHints":{"allow":["GET"]}}],"collection":[{"href":"https:\/\/www.europesays.com\/pl\/wp-json\/wp\/v2\/posts"}],"about":[{"href":"https:\/\/www.europesays.com\/pl\/wp-json\/wp\/v2\/types\/post"}],"author":[{"embeddable":true,"href":"https:\/\/www.europesays.com\/pl\/wp-json\/wp\/v2\/users\/2"}],"replies":[{"embeddable":true,"href":"https:\/\/www.europesays.com\/pl\/wp-json\/wp\/v2\/comments?post=110740"}],"version-history":[{"count":0,"href":"https:\/\/www.europesays.com\/pl\/wp-json\/wp\/v2\/posts\/110740\/revisions"}],"wp:featuredmedia":[{"embeddable":true,"href":"https:\/\/www.europesays.com\/pl\/wp-json\/wp\/v2\/media\/110741"}],"wp:attachment":[{"href":"https:\/\/www.europesays.com\/pl\/wp-json\/wp\/v2\/media?parent=110740"}],"wp:term":[{"taxonomy":"category","embeddable":true,"href":"https:\/\/www.europesays.com\/pl\/wp-json\/wp\/v2\/categories?post=110740"},{"taxonomy":"post_tag","embeddable":true,"href":"https:\/\/www.europesays.com\/pl\/wp-json\/wp\/v2\/tags?post=110740"}],"curies":[{"name":"wp","href":"https:\/\/api.w.org\/{rel}","templated":true}]}}